{"id":6074,"date":"2020-11-04T18:26:31","date_gmt":"2020-11-04T15:26:31","guid":{"rendered":"http:\/\/mersinekonomipolitikagazetesi.com\/?p=6074"},"modified":"2020-11-04T18:26:31","modified_gmt":"2020-11-04T15:26:31","slug":"adana-ceyhan-depremi-sonrasi-neden-40-okulun-yikim-karari-uygulanmadi","status":"publish","type":"post","link":"https:\/\/mersinekonomipolitikagazetesi.com\/?p=6074","title":{"rendered":"ADANA \u2013 CEYHAN DEPREM\u0130 SONRASI NEDEN 40 OKULUN YIKIM  KARARI UYGULANMADI..?"},"content":{"rendered":"<p>Mersin\u2019de 177 okul ve kurumun deprem tahkikinin yap\u0131ld\u0131\u011f\u0131 ve sadece 76\u2019s\u0131n\u0131n depreme dayan\u0131kl\u0131 oldu\u011fu sonucunun a\u00e7\u0131klanmas\u0131n\u0131n ard\u0131ndan yap\u0131lmayan \u00e7al\u0131\u015fmalar ele\u015ftirildi. Mimar Abdullah Y\u0131lmaz, \u201c1998 Adana depremiyle birlikte 40 okul i\u00e7in y\u0131k\u0131m karar\u0131 al\u0131nd\u0131\u011f\u0131 fakat uygulanmad\u0131\u201d dedi.<br \/>\n\u00a0<br \/>\nCumhuriyet Halk Partisi Milletvekili Av. Alpay Antmen\u2019in a\u00e7\u0131klamalar\u0131 sonras\u0131nda ortaya at\u0131lan iddialar Mersinlilerin tepkisini \u00e7ekti. Kamuoyunun dikkatinin dayanaks\u0131z okul ve kurum yap\u0131lar\u0131na \u00e7ekilmesi Mersin genelindeki binalar\u0131n dayan\u0131kl\u0131l\u0131\u011f\u0131n\u0131 sorgulamas\u0131na sebep oldu. Konuyla ilgili Mimar Abdullah Y\u0131lmaz, \u201c1998 Adana depremi \u00f6ncesi Mersin\u2019in zone hatt\u0131 \u00fczerinde oldu\u011fu fakat deprem sonras\u0131 haritada 3\u2019\u00fcnc\u00fc derece fay hatt\u0131na girdi.\u201d diye belirtti.<br \/>\n\u00a0<br \/>\n\u201cMersin Valili\u011fi inceleme yapt\u0131 fakat y\u0131k\u0131lmad\u0131!\u201d<br \/>\n\u00a0<br \/>\nMersin\u2019de yap\u0131lan depremle ilgili ara\u015ft\u0131rma ve de\u011ferlendirmeleri vurgulayan Y\u0131lmaz, \u201cAdana- Ceyhan depreminin 6,2 b\u00fcy\u00fckl\u00fc\u011f\u00fcnde ger\u00e7ekle\u015fti\u011fini ve Adana\u2019da 128, Osmaniye\u2019de 7, Mersin\u2019de 4, Hatay\u2019da 5 ki\u015finin hayat\u0131n\u0131 kaybetti\u011fi deprem sonras\u0131nda 2004 y\u0131l\u0131 ard\u0131ndan Mersin Valili\u011fi mevcut okul binalar\u0131n\u0131 depremdeki dayan\u0131rl\u0131klar\u0131n\u0131 inceletti\u011fi, 40 okul i\u00e7in y\u0131k\u0131m karar\u0131, di\u011ferleri i\u00e7in g\u00fc\u00e7lendirme karar\u0131 \u00e7\u0131kt\u0131 fakat hi\u00e7 biri y\u0131k\u0131lmad\u0131 sadece g\u00fc\u00e7lendirildi.\u201d diye konu\u015ftu.<\/p>\n<p>101 okul ve kurum depreme dayan\u0131ks\u0131z!<br \/>\n\u00a0<br \/>\nCumhuriyet Halk Partisi Milletvekili Av. Alpay Antmen\u2019in a\u00e7\u0131klamalar\u0131n\u0131n ard\u0131ndan Mersin \u0130l Milli E\u011fitim M\u00fcd\u00fcrl\u00fc\u011f\u00fc\u2019n\u00fcn Mersin\u2019de 2011 ve 2020 y\u0131llar\u0131 aras\u0131nda 177 okul ve kurumun deprem tahkikinin yap\u0131ld\u0131\u011f\u0131 ve bu okul ile kurumlardan sadece 76 tanesinin depreme dayan\u0131kl\u0131 oldu\u011fu sonucuna var\u0131ld\u0131\u011f\u0131 ifade edilmi\u015fti.<\/p>\n<p>Gelen yan\u0131tta ayr\u0131ca \u201c7 okul ve kuruma g\u00fc\u00e7lendirme yap\u0131lm\u0131\u015ft\u0131r. 63 tane okul ve kurumun g\u00fc\u00e7lendirilmesi gerekmektedir. 29 okul ve kurumun depreme dayan\u0131kl\u0131 olmad\u0131\u011f\u0131 tespit edilmi\u015f ve y\u0131k\u0131larak yerine yeni okul binas\u0131 yap\u0131lm\u0131\u015ft\u0131r. 2 okulumuz da y\u0131k\u0131m a\u015famas\u0131nda olup, bu okullarda e\u011fitim-\u00f6\u011fretim yap\u0131lmamaktad\u0131r. Onar\u0131m ve g\u00fc\u00e7lendirme \u00e7al\u0131\u015fmalar\u0131yla ilgili i\u015f ve i\u015flemler devam etmektedir\u201d denilmi\u015fti.<br \/>\n\u00a0<br \/>\n\u201cVatanda\u015flar\u0131m\u0131z\u0131n ve \u00e7ocuklar\u0131m\u0131z\u0131n can\u0131n\u0131 d\u00fc\u015f\u00fcns\u00fcnler\u201d<br \/>\n\u00a0<br \/>\nCHP\u2019li Antmen T\u00fcrkiye\u2019nin \u00a0deprem ku\u015fa\u011f\u0131nda oldu\u011funun alt\u0131n\u0131 \u00e7izerek, \u201cBizim en \u00f6nemli g\u00fcndemimiz, ana g\u00fcndemimiz deprem ve depreme kar\u015f\u0131 al\u0131nacak \u00f6nlemler olmal\u0131. Deprem vergilerinin depremlerin verebilece\u011fi zararlar\u0131 \u00f6nlemek i\u00e7in harcanmad\u0131\u011f\u0131 ortaya \u00e7\u0131kt\u0131. Bak\u0131n gelen yan\u0131tta da a\u00e7\u0131k\u00e7a g\u00f6r\u00fclmektedir ki okullar\u0131m\u0131z\u0131n yar\u0131s\u0131 depreme dayan\u0131kl\u0131 de\u011fil ve acilen dayan\u0131kl\u0131 hale getirilmesi gerekiyor. Bu tablo korkar\u0131m ki t\u00fcm T\u00fcrkiye\u2019de b\u00f6yle. Y\u00fczbinlerce \u00e7ocu\u011fumuz ve vatanda\u015f\u0131m\u0131z risk alt\u0131nda. Bir deprem an\u0131nda, depreme dayan\u0131ks\u0131z bir okulun y\u0131k\u0131ld\u0131\u011f\u0131n\u0131 d\u00fc\u015f\u00fcnmek bile istemiyorum. \u0130stanbul\u2019da 7.5 \u015fiddetinde bir deprem beklendi\u011fini art\u0131k b\u00fct\u00fcn uzmanlar s\u00f6yl\u00fcyor. Yar\u0131n \u00e7ok ge\u00e7 olabilir. Biran \u00f6nce ba\u015fta okullar\u0131m\u0131z olmak \u00fczere binalar\u0131n depreme dayan\u0131kl\u0131l\u0131k testlerini yapal\u0131m. Y\u0131k\u0131lmas\u0131 gereken okullar\u0131 y\u0131k\u0131p yerine depreme dayan\u0131kl\u0131 okullar yapal\u0131m. Biz muhalefet olarak tam destek verece\u011fiz, elimizden geleni yapaca\u011f\u0131z. Yeter ki vatanda\u015flar\u0131m\u0131z\u0131n ve \u00e7ocuklar\u0131m\u0131z\u0131n can\u0131n\u0131 d\u00fc\u015f\u00fcns\u00fcnler\u201d diye belirtmi\u015fti.<\/p>\n","protected":false},"excerpt":{"rendered":"<p>Mersin\u2019de 177 okul ve kurumun deprem tahkikinin yap\u0131ld\u0131\u011f\u0131 ve sadece 76\u2019s\u0131n\u0131n depreme dayan\u0131kl\u0131 oldu\u011fu sonucunun a\u00e7\u0131klanmas\u0131n\u0131n ard\u0131ndan yap\u0131lmayan \u00e7al\u0131\u015fmalar ele\u015ftirildi. Mimar Abdullah Y\u0131lmaz, \u201c1998 Adana depremiyle birlikte 40 okul i\u00e7in &hellip; <a href=\"https:\/\/mersinekonomipolitikagazetesi.com\/?p=6074\" class=\"more-link\">Devam\u0131n\u0131 Oku&#8230;<\/a><\/p>\n","protected":false},"author":1,"featured_media":0,"comment_status":"open","ping_status":"open","sticky":false,"template":"","format":"standard","meta":[],"categories":[],"tags":[],"_links":{"self":[{"href":"https:\/\/mersinekonomipolitikagazetesi.com\/index.php?rest_route=\/wp\/v2\/posts\/6074"}],"collection":[{"href":"https:\/\/mersinekonomipolitikagazetesi.com\/index.php?rest_route=\/wp\/v2\/posts"}],"about":[{"href":"https:\/\/mersinekonomipolitikagazetesi.com\/index.php?rest_route=\/wp\/v2\/types\/post"}],"author":[{"embeddable":true,"href":"https:\/\/mersinekonomipolitikagazetesi.com\/index.php?rest_route=\/wp\/v2\/users\/1"}],"replies":[{"embeddable":true,"href":"https:\/\/mersinekonomipolitikagazetesi.com\/index.php?rest_route=%2Fwp%2Fv2%2Fcomments&post=6074"}],"version-history":[{"count":0,"href":"https:\/\/mersinekonomipolitikagazetesi.com\/index.php?rest_route=\/wp\/v2\/posts\/6074\/revisions"}],"wp:attachment":[{"href":"https:\/\/mersinekonomipolitikagazetesi.com\/index.php?rest_route=%2Fwp%2Fv2%2Fmedia&parent=6074"}],"wp:term":[{"taxonomy":"category","embeddable":true,"href":"https:\/\/mersinekonomipolitikagazetesi.com\/index.php?rest_route=%2Fwp%2Fv2%2Fcategories&post=6074"},{"taxonomy":"post_tag","embeddable":true,"href":"https:\/\/mersinekonomipolitikagazetesi.com\/index.php?rest_route=%2Fwp%2Fv2%2Ftags&post=6074"}],"curies":[{"name":"wp","href":"https:\/\/api.w.org\/{rel}","templated":true}]}}