{"id":6075,"date":"2020-11-04T18:26:31","date_gmt":"2020-11-04T15:26:31","guid":{"rendered":"http:\/\/mersinekonomipolitikagazetesi.com\/?p=6075"},"modified":"2020-11-04T18:26:31","modified_gmt":"2020-11-04T15:26:31","slug":"kariyer-merkezinden-isverenlere-bordrolama-egitimi","status":"publish","type":"post","link":"https:\/\/mersinekonomipolitikagazetesi.com\/?p=6075","title":{"rendered":"Kariyer Merkezinden i\u015fverenlere \u2018bordrolama e\u011fitimi\u2019"},"content":{"rendered":"<p>Mersin B\u00fcy\u00fck\u015fehir Belediyesi Kariyer Merkezi, Akdeniz \u0130hracat\u00e7\u0131 Birlikleri (AK\u0130B) ve Giri\u015fimci \u0130nsan Kaynaklar\u0131 Derne\u011fi (G\u0130DER\u0130K) i\u015fbirli\u011fi ile firma y\u00f6neticilerine \u2018bordrolama e\u011fitimi\u2019 verildi. E\u011fitimde, personel \u00f6zl\u00fck i\u015fleri, bordro d\u00fczenlemesi, sa\u011fl\u0131k raporlar\u0131n\u0131n i\u015flenmesi, izinler, primler gibi insan kaynaklar\u0131 alan\u0131nda bir\u00e7ok konuda, i\u015fverenlere bilgi verildi.<br \/>\n\u00a0<br \/>\nAK\u0130B toplant\u0131 salonunda ger\u00e7ekle\u015ftirilen e\u011fitime, Mersin B\u00fcy\u00fck\u015fehir Belediyesi Genel Sekreter Yard\u0131mc\u0131s\u0131 Ali R\u0131za \u00d6zdemir, Kariyer Merkezi M\u00fcd\u00fcr\u00fc ve G\u0130DER\u0130K Y\u00f6netim Kurulu Ba\u015fkan\u0131 Serkan \u00d6zada ile firma y\u00f6neticileri kat\u0131ld\u0131.\u00a0<br \/>\nE\u011fitimin a\u00e7\u0131l\u0131\u015f\u0131nda konu\u015fan \u00d6zada, Kariyer Merkezi olarak hayata ge\u00e7irdikleri projelerle ilgili bilgi verdi. \u00d6zada, \u201cKariyer Merkezini kurarken i\u015f g\u00fcc\u00fc piyasas\u0131 beklentileri en \u00f6nemli proje \u00e7\u0131kt\u0131m\u0131z oldu. Bu konuyla ilgili bir \u00e7al\u0131\u015fma yapt\u0131k. \u0130\u015fverenlerle etkinliklerimizi nas\u0131l planlamam\u0131z gerekti\u011fi konusunda \u00e7al\u0131\u015fmalar yapt\u0131k ve sizlere hangi e\u011fitimi d\u00fczenleyece\u011fimizi sorduk. Sizlerden en fazla bordrolama e\u011fitimi ile ilgili geri d\u00f6n\u00fc\u015fler ald\u0131k. Bug\u00fcn de sizlerle bu vesileyle bir araday\u0131z\u201d dedi.\u00a0<\/p>\n<p>\u201c\u0130\u015fg\u00fcc\u00fc Piyasas\u0131 Koordinasyon Kurulunu kurduk\u201d<br \/>\n\u00a0<br \/>\n\u0130\u015fg\u00fcc\u00fc Piyasas\u0131 Koordinasyon Kurulunu \u00e7ok yak\u0131n bir zamanda kurduklar\u0131n\u0131 belirten \u00d6zada, \u201c\u0130\u015fg\u00fcc\u00fc piyasas\u0131n\u0131n arz-taleplerini bir araya getirdi\u011fimiz bir kurul bu. Amac\u0131m\u0131z da insan kaynaklar\u0131 alan\u0131nda, \u00fcniversitelerle ve di\u011fer kurulu\u015flar\u0131n i\u015fbirli\u011fiyle T\u00fcrkiye\u2019nin \u00f6nde gelen etkinliklerini yapmak. Bu kurulu\u015f \u00e7er\u00e7evesinde d\u00f6rt ana dokuya de\u011finmek istedik ve 4 kurul kurmay\u0131 ama\u00e7l\u0131yoruz; Staj Kurulu, Mesleki E\u011fitim Kurulu, Yat\u0131r\u0131m \u0130zleme Kurulu ve \u0130\u015fveren Te\u015fvik ve E\u011fitimleri Kurulu\u201d diye konu\u015ftu.\u00a0<\/p>\n<p>\u201cKariyer Merkezimiz g\u00fczel projeler geli\u015ftiriyor\u201d<br \/>\n\u00a0<br \/>\nGenel Sekreter Yard\u0131mc\u0131s\u0131 \u00d6zdemir ise B\u00fcy\u00fck\u015fehir Belediyesi olarak t\u00fcm sahada, her alanda g\u00fczel projeler yapmak istediklerini ifade ederek, \u201cBiz sadece salonda de\u011fil b\u00fct\u00fcn sahada olmak istiyoruz. B\u00fcy\u00fck\u015fehir Belediye Ba\u015fkan\u0131m\u0131z Vahap Se\u00e7er\u2019in \u00f6nemle \u00fczerinde durdu\u011fu konulardan birisi Kariyer Merkeziydi. G\u00f6reve ba\u015flar ba\u015flamaz ilk olarak bu alana y\u00f6neldik. Kariyer Merkezimiz g\u00fczel projeler geli\u015ftiriyor. Bunlar\u0131 yaparken STK\u2019lar\u0131n, derneklerin, odalar\u0131n, vatanda\u015f\u0131n her t\u00fcrl\u00fc i\u015fbirli\u011fine kurumumuz a\u00e7\u0131k zaten. Bunu da her alanda devam ettirece\u011fiz\u201d dedi.\u00a0<br \/>\nKonu\u015fmalar\u0131n ard\u0131ndan Sosyal G\u00fcvenlik Uzman\u0131 \u00d6znur G\u00fcr taraf\u0131ndan Bordro ve Bordro Uygulamalar\u0131 E\u011fitimi verildi. 60\u2019dan fazla firma temsilcisinin kat\u0131ld\u0131\u011f\u0131 e\u011fitimde, personel \u00f6zl\u00fck i\u015fleri, bordro d\u00fczenlemesi, sa\u011fl\u0131k raporlar\u0131n\u0131n i\u015flenmesi, izinler, primler gibi insan kaynaklar\u0131 alan\u0131nda bir\u00e7ok konuya de\u011finildi.<\/p>\n<p>Mersin&#8217;de otob\u00fcsler dezenfekte ediliyor\u00a0<\/p>\n<p>Mersin B\u00fcy\u00fck\u015fehir Belediyesi, belediye otob\u00fcslerinin hijyenini en y\u00fcksek seviyede tutmak i\u00e7in \u00e7al\u0131\u015fmalar\u0131n\u0131 s\u00fcrd\u00fcr\u00fcyor. G\u00fcnl\u00fck olarak detayl\u0131 temizli\u011fi yap\u0131lan otob\u00fcslerin periyodik aral\u0131klarla halk sa\u011fl\u0131\u011f\u0131na zarar vermeyecek \u015fekilde dezenfeksiyon i\u015flemleri de ger\u00e7ekle\u015ftiriliyor.<br \/>\n\u00a0<br \/>\nB\u00fcy\u00fck\u015fehir Belediyesi, y\u0131l\u0131n her g\u00fcn\u00fc yap\u0131lan hijyen \u00e7al\u0131\u015fmalar\u0131n\u0131, salg\u0131n hastal\u0131klar\u0131n yayg\u0131nla\u015fmas\u0131n\u0131n \u00f6n\u00fcne ge\u00e7mek i\u00e7in artt\u0131rd\u0131. Makine \u0130kmal sahas\u0131nda, g\u00fcnl\u00fck olarak detayl\u0131 temizlikleri ger\u00e7ekle\u015ftirilen belediye otob\u00fcslerinin \u00f6ncelikle d\u0131\u015f k\u0131s\u0131mlar\u0131 ara\u00e7 y\u0131kama \u015fampuanlar\u0131yla \u00f6zenle y\u0131kan\u0131yor. Ard\u0131ndan otob\u00fcs i\u00e7erisinde ger\u00e7ekle\u015ftirilen detayl\u0131 \u00e7al\u0131\u015fmayla, vatanda\u015flar\u0131n yo\u011fun olarak temas ettikleri camlar, borular, elcikler ve koltuklar ba\u015fta olmak \u00fczere ara\u00e7 i\u00e7erisindeki her nokta \u00f6zenle temizleniyor. Zemin temizli\u011finin ard\u0131ndan halk sa\u011fl\u0131\u011f\u0131na zarar vermeyecek \u015fekilde arac\u0131n dezenfeksiyon i\u015flemine ge\u00e7iliyor.\u00a0<br \/>\nB\u00fcy\u00fck\u015fehir Belediyesi Ula\u015f\u0131m Dairesi Ba\u015fkan\u0131 Ersan Top\u00e7uo\u011flu, g\u00fcvenli ve konforlu ula\u015f\u0131m hizmetinin yan\u0131 s\u0131ra y\u0131l boyunca otob\u00fcslerin hijyenini \u00f6n planda tutarak, \u00e7al\u0131\u015fmalar\u0131n\u0131 aral\u0131ks\u0131z s\u00fcrd\u00fcrd\u00fcklerini belirtti. Top\u00e7uo\u011flu, &#8220;B\u00fcy\u00fck\u015fehir Belediye Ba\u015fkan\u0131m\u0131z Vahap Se\u00e7er\u2019in toplu ta\u015f\u0131madaki g\u00fcvenli ta\u015f\u0131man\u0131n yan\u0131nda otob\u00fcslerimizin hijyenine ve sa\u011fl\u0131k konular\u0131na \u00e7ok dikkat etmemiz noktas\u0131nda bizlere s\u00fcrekli uyar\u0131lar\u0131 olmaktad\u0131r. G\u00fcnde 100 bin, y\u0131lda 36 milyon vatanda\u015f\u0131m\u0131za B\u00fcy\u00fck\u015fehir Belediyemiz\u2019e ait otob\u00fcslerle toplu ta\u015f\u0131ma hizmeti vermekteyiz. Ki\u015fisel temas\u0131n fazla oldu\u011fu toplu ta\u015f\u0131ma ara\u00e7lar\u0131m\u0131zda, g\u00fcnl\u00fck rutin olarak ara\u00e7 i\u00e7i temizli\u011finin yan\u0131 s\u0131ra salg\u0131n ve bula\u015f\u0131c\u0131 hastal\u0131klara kar\u015f\u0131 da dezenfeksiyon i\u015flemleri yap\u0131lmaktad\u0131r. Otob\u00fcslerimizde bakteri, parazit ve vir\u00fcslerin bar\u0131nmas\u0131n\u0131 engellemeye ve halk\u0131m\u0131z\u0131 bula\u015f\u0131c\u0131 hastal\u0131klardan korumaya b\u00fcy\u00fck \u00f6nem vermekteyiz&#8221; dedi.\u00a0<\/p>\n<p>&#8220;Gerekli \u00f6nlemleri almaktay\u0131z&#8221;<br \/>\n\u00a0<br \/>\nSon g\u00fcnlerde kamuoyunda pani\u011fe sebep olan koronavir\u00fcs\u00fc salg\u0131n\u0131na kar\u015f\u0131 tedbirli olduklar\u0131n\u0131, vatanda\u015flar\u0131n belediye otob\u00fcslerine hi\u00e7bir ku\u015fku duymadan binebileceklerini vurgulayan Top\u00e7uo\u011flu, \u201cToplu ta\u015f\u0131ma ara\u00e7lar\u0131m\u0131zda gereken \u00f6nlemleri, halk sa\u011fl\u0131\u011f\u0131na zararl\u0131 olmayan dezenfeksiyon i\u015flemleriyle almaktay\u0131z. Ayr\u0131ca toplu ta\u015f\u0131man\u0131n sivil aya\u011f\u0131n\u0131 olu\u015fturan minib\u00fcs ve halk otob\u00fcslerimizde de B\u00fcy\u00fck\u015fehir Belediyesi Trafik Zab\u0131ta \u015eube M\u00fcd\u00fcrl\u00fc\u011f\u00fc ayn\u0131 hassasiyetle denetimlerini yapmaktad\u0131r. Dezenfeksiyon i\u015flemlerinin sonucunda vatanda\u015flar uygulamalar\u0131m\u0131z\u0131 memnuniyetle kar\u015f\u0131lad\u0131klar\u0131n\u0131 bildirmektedir. Halk\u0131m\u0131z, g\u00fcvenli ve sa\u011fl\u0131kl\u0131 bir \u015fekilde toplu ula\u015f\u0131m\u0131 kullanma noktas\u0131nda hi\u00e7bir \u015f\u00fcphe duymas\u0131n\u201d diye konu\u015ftu.<br \/>\n\u00a0<br \/>\nB\u00fcy\u00fck\u015fehir Belediyesi Engelliler ve Sa\u011fl\u0131k Hizmetleri Dairesi Ba\u015fkanl\u0131\u011f\u0131 b\u00fcnyesinde g\u00f6rev alan Dr. Bahar G\u00fclcay \u00c7at Bak\u0131r ise ara\u00e7lar\u0131n hijyenik ko\u015fullarda vatanda\u015flar hizmet verebilmesi i\u00e7in inceleme \u00e7al\u0131\u015fmalar\u0131n\u0131 ger\u00e7ekle\u015ftirdiklerini belirterek, vatanda\u015flara \u00f6nerilerde bulundu. Ki\u015finin kendi sa\u011fl\u0131\u011f\u0131n\u0131 koruyabilmesi i\u00e7in \u00e7evresindekilerin sa\u011fl\u0131\u011f\u0131na da \u00f6zen g\u00f6stermesi gerekti\u011fini belirten Bak\u0131r, \u201cKoronavir\u00fcs i\u00e7in bizler salg\u0131n ortaya \u00e7\u0131kmadan dezenfeksiyon i\u015flemlerimizi yap\u0131yorduk. \u015eu anda incelemelerimiz de ayn\u0131 s\u0131kl\u0131kla devam ediyor. Otob\u00fcsler topluluk alanlar\u0131. Hap\u015f\u0131rmak ve \u00f6ks\u00fcrmek de vir\u00fcs\u00fcn bula\u015fma ihtimalini art\u0131ran \u015feyler. Hap\u015f\u0131r\u0131rken veya \u00f6ks\u00fcr\u00fcrken hastal\u0131k ta\u015f\u0131yabilece\u011fimizi unutmayal\u0131m. Toplumun sa\u011fl\u0131\u011f\u0131 bizden ba\u015flar. Kendi hastal\u0131\u011f\u0131m\u0131z\u0131 yaymazsak hi\u00e7 kimse birbirine hastal\u0131k yaymam\u0131\u015f olur. Hap\u015f\u0131r\u0131k veya \u00f6ks\u00fcr\u00fckle vir\u00fcslerin bula\u015fmas\u0131n\u0131 bir pe\u00e7ete yard\u0131m\u0131yla engellemek \u00e7ok \u00f6nemli bir etken&#8221; \u015feklinde konu\u015ftu. \u00a0<\/p>\n","protected":false},"excerpt":{"rendered":"<p>Mersin B\u00fcy\u00fck\u015fehir Belediyesi Kariyer Merkezi, Akdeniz \u0130hracat\u00e7\u0131 Birlikleri (AK\u0130B) ve Giri\u015fimci \u0130nsan Kaynaklar\u0131 Derne\u011fi (G\u0130DER\u0130K) i\u015fbirli\u011fi ile firma y\u00f6neticilerine \u2018bordrolama e\u011fitimi\u2019 verildi. E\u011fitimde, personel \u00f6zl\u00fck i\u015fleri, bordro d\u00fczenlemesi, sa\u011fl\u0131k raporlar\u0131n\u0131n &hellip; <a href=\"https:\/\/mersinekonomipolitikagazetesi.com\/?p=6075\" class=\"more-link\">Devam\u0131n\u0131 Oku&#8230;<\/a><\/p>\n","protected":false},"author":1,"featured_media":0,"comment_status":"open","ping_status":"open","sticky":false,"template":"","format":"standard","meta":[],"categories":[],"tags":[],"_links":{"self":[{"href":"https:\/\/mersinekonomipolitikagazetesi.com\/index.php?rest_route=\/wp\/v2\/posts\/6075"}],"collection":[{"href":"https:\/\/mersinekonomipolitikagazetesi.com\/index.php?rest_route=\/wp\/v2\/posts"}],"about":[{"href":"https:\/\/mersinekonomipolitikagazetesi.com\/index.php?rest_route=\/wp\/v2\/types\/post"}],"author":[{"embeddable":true,"href":"https:\/\/mersinekonomipolitikagazetesi.com\/index.php?rest_route=\/wp\/v2\/users\/1"}],"replies":[{"embeddable":true,"href":"https:\/\/mersinekonomipolitikagazetesi.com\/index.php?rest_route=%2Fwp%2Fv2%2Fcomments&post=6075"}],"version-history":[{"count":0,"href":"https:\/\/mersinekonomipolitikagazetesi.com\/index.php?rest_route=\/wp\/v2\/posts\/6075\/revisions"}],"wp:attachment":[{"href":"https:\/\/mersinekonomipolitikagazetesi.com\/index.php?rest_route=%2Fwp%2Fv2%2Fmedia&parent=6075"}],"wp:term":[{"taxonomy":"category","embeddable":true,"href":"https:\/\/mersinekonomipolitikagazetesi.com\/index.php?rest_route=%2Fwp%2Fv2%2Fcategories&post=6075"},{"taxonomy":"post_tag","embeddable":true,"href":"https:\/\/mersinekonomipolitikagazetesi.com\/index.php?rest_route=%2Fwp%2Fv2%2Ftags&post=6075"}],"curies":[{"name":"wp","href":"https:\/\/api.w.org\/{rel}","templated":true}]}}