{"id":6076,"date":"2020-11-04T18:26:31","date_gmt":"2020-11-04T15:26:31","guid":{"rendered":"http:\/\/mersinekonomipolitikagazetesi.com\/?p=6076"},"modified":"2020-11-04T18:26:31","modified_gmt":"2020-11-04T15:26:31","slug":"25-yil-once-oldurulen-feray-sahinin-mezarina-ziyaret","status":"publish","type":"post","link":"https:\/\/mersinekonomipolitikagazetesi.com\/?p=6076","title":{"rendered":"2,5 y\u0131l \u00f6nce  \u00f6ld\u00fcr\u00fclen Feray \u015eahin&#8217;in mezar\u0131na ziyaret"},"content":{"rendered":"<p>Mersin&#8217;de 2,5 y\u0131l \u00f6nce 23 ya\u015f\u0131ndayken evinde polis memurunun tabancas\u0131ndan \u00e7\u0131kan kur\u015funla hayat\u0131n\u0131 kaybeden \u00fcniversite \u00f6\u011frencisi Feray \u015eahin&#8217;in ailesi, 8 Mart D\u00fcnya Kad\u0131nlar G\u00fcn\u00fc nedeniyle k\u0131zlar\u0131n\u0131n mezar\u0131n\u0131 ziyaret ederek, kad\u0131n cinayetlerinin durdurulmas\u0131n\u0131 istedi.<br \/>\n\u00a0<br \/>\nMersin&#8217;de 23 ya\u015f\u0131ndayken kald\u0131\u011f\u0131 evde \u00f6ld\u00fcr\u00fclen Mersin \u00dcniversitesi \u0130\u00e7 Mimarl\u0131k Fak\u00fcltesi son s\u0131n\u0131f \u00f6\u011frencisi Feray \u015eahin&#8217;in babas\u0131 Bekir \u015eahin ve annesi Aysel \u015eahin, 2 y\u0131ld\u0131r k\u0131zlar\u0131ndan ayr\u0131 olman\u0131n ac\u0131s\u0131n\u0131 ya\u015f\u0131yor. Feray \u015eahin&#8217;in Gaziantep Asri Mezarl\u0131k&#8217;ta bulunan mezar\u0131n\u0131 ziyaret eden ac\u0131l\u0131 anne ve baba, dualar ederek k\u0131zlar\u0131n\u0131n katiline hak etti\u011fi cezan\u0131n verilmesini istedi.\u00a0<\/p>\n<p>Ac\u0131l\u0131 baba Bekir \u015eahin, &#8220;K\u0131z\u0131m\u0131z\u0131n mezar\u0131n\u0131 ziyaret ettik. D\u00fcnya Kad\u0131nlar G\u00fcn\u00fc ama biz bu g\u00fcn\u00fc kutlayam\u0131yoruz. K\u0131z\u0131m\u0131z 2,5 y\u0131l \u00f6nce katledildi. Hayat\u0131m\u0131zda hi\u00e7 g\u00f6rmedi\u011fimiz tan\u0131mad\u0131\u011f\u0131m\u0131z bir katil taraf\u0131ndan keyfi olarak katledildi. \u00d6d\u00fcl gibi indirimli bir ceza ile bug\u00fcn sokakta geziyor. Kad\u0131nlar\u0131m\u0131z su\u00e7suz savunmas\u0131z, kad\u0131nlar\u0131m\u0131z katledilmesin, analar a\u011flamas\u0131n ya\u015fas\u0131nlar istiyoruz&#8221; dedi.\u00a0<\/p>\n<p>Son payla\u015f\u0131m\u0131: &#8220;\u00d6ld\u00fcr\u00fclen 142. kad\u0131n olmak istemiyorum&#8221;<br \/>\n\u00a0<br \/>\nBekir \u015eahin, k\u0131z\u0131n\u0131n \u00f6ld\u00fcr\u00fclmeden \u00f6nce sosyal medya hesab\u0131ndan yapt\u0131\u011f\u0131 payla\u015f\u0131mda &#8220;\u00f6ld\u00fcr\u00fclen 142. kad\u0131n olmak istemiyorum&#8221; ifadesini kulland\u0131\u011f\u0131n\u0131 belirterek, &#8220;Kad\u0131n cinayetlerinin son bulmas\u0131n\u0131 istiyoruz. Yaz\u0131k, gencecik k\u0131zlar, kad\u0131nlar katlediliyor. k\u0131z\u0131m\u0131z maalesef kara toprakta, ac\u0131m\u0131z b\u00fcy\u00fck&#8221; diye konu\u015ftu.\u00a0<br \/>\nG\u00f6zya\u015flar\u0131n\u0131 tutamayan anne Aysel \u015eahin ise &#8220;Ben anne olarak kad\u0131nlar\u0131n en g\u00fczel \u015fekilde bu g\u00fcn\u00fc kutlamas\u0131n\u0131 isterdim Ama maalesef kad\u0131nlar e\u015fleri, \u00e7ocuklar\u0131, sevgilileri ve arkada\u015flar\u0131 taraf\u0131ndan katlediliyor. Bunlar son bulsun. Bu katillere \u00f6d\u00fcl gibi cezalar verilmesin, gereken hak ettikleri cezalar verilsin istiyorum. Benim k\u0131z\u0131m 23 ya\u015f\u0131nda gencecik, \u00fcniversite okuyan bir k\u0131zd\u0131. Benim k\u0131z\u0131m\u0131n katilleri sokakta, benim k\u0131z\u0131m\u0131n ya\u015f\u0131 kadar bile ceza almad\u0131. Dosyam\u0131z yarg\u0131tayda, cezaya itiraz ettik.L\u00fctfen ellerinizi vicdan\u0131n\u0131za koyun, Feray&#8217;\u0131 kendi k\u0131z\u0131n\u0131z yerine koyun. Yeter art\u0131k analar a\u011flamas\u0131n. ben de k\u0131z\u0131mla beraber \u00f6ld\u00fcm&#8221; diye konu\u015ftu.\u00a0<\/p>\n","protected":false},"excerpt":{"rendered":"<p>Mersin&#8217;de 2,5 y\u0131l \u00f6nce 23 ya\u015f\u0131ndayken evinde polis memurunun tabancas\u0131ndan \u00e7\u0131kan kur\u015funla hayat\u0131n\u0131 kaybeden \u00fcniversite \u00f6\u011frencisi Feray \u015eahin&#8217;in ailesi, 8 Mart D\u00fcnya Kad\u0131nlar G\u00fcn\u00fc nedeniyle k\u0131zlar\u0131n\u0131n mezar\u0131n\u0131 ziyaret ederek, kad\u0131n &hellip; <a href=\"https:\/\/mersinekonomipolitikagazetesi.com\/?p=6076\" class=\"more-link\">Devam\u0131n\u0131 Oku&#8230;<\/a><\/p>\n","protected":false},"author":1,"featured_media":0,"comment_status":"open","ping_status":"open","sticky":false,"template":"","format":"standard","meta":[],"categories":[],"tags":[],"_links":{"self":[{"href":"https:\/\/mersinekonomipolitikagazetesi.com\/index.php?rest_route=\/wp\/v2\/posts\/6076"}],"collection":[{"href":"https:\/\/mersinekonomipolitikagazetesi.com\/index.php?rest_route=\/wp\/v2\/posts"}],"about":[{"href":"https:\/\/mersinekonomipolitikagazetesi.com\/index.php?rest_route=\/wp\/v2\/types\/post"}],"author":[{"embeddable":true,"href":"https:\/\/mersinekonomipolitikagazetesi.com\/index.php?rest_route=\/wp\/v2\/users\/1"}],"replies":[{"embeddable":true,"href":"https:\/\/mersinekonomipolitikagazetesi.com\/index.php?rest_route=%2Fwp%2Fv2%2Fcomments&post=6076"}],"version-history":[{"count":0,"href":"https:\/\/mersinekonomipolitikagazetesi.com\/index.php?rest_route=\/wp\/v2\/posts\/6076\/revisions"}],"wp:attachment":[{"href":"https:\/\/mersinekonomipolitikagazetesi.com\/index.php?rest_route=%2Fwp%2Fv2%2Fmedia&parent=6076"}],"wp:term":[{"taxonomy":"category","embeddable":true,"href":"https:\/\/mersinekonomipolitikagazetesi.com\/index.php?rest_route=%2Fwp%2Fv2%2Fcategories&post=6076"},{"taxonomy":"post_tag","embeddable":true,"href":"https:\/\/mersinekonomipolitikagazetesi.com\/index.php?rest_route=%2Fwp%2Fv2%2Ftags&post=6076"}],"curies":[{"name":"wp","href":"https:\/\/api.w.org\/{rel}","templated":true}]}}