{"id":6077,"date":"2020-11-04T18:26:31","date_gmt":"2020-11-04T15:26:31","guid":{"rendered":"http:\/\/mersinekonomipolitikagazetesi.com\/?p=6077"},"modified":"2020-11-04T18:26:31","modified_gmt":"2020-11-04T15:26:31","slug":"als-hastasi-ressam-yagci-engelsiz-renkler-sergisi-acti","status":"publish","type":"post","link":"https:\/\/mersinekonomipolitikagazetesi.com\/?p=6077","title":{"rendered":"ALS hastas\u0131 Ressam Ya\u011fc\u0131, \u2018Engelsiz Renkler\u2019 sergisi a\u00e7t\u0131"},"content":{"rendered":"<p>ALS Hastas\u0131 Ressam Halil \u0130brahim Ya\u011fc\u0131, MTSO Sanat Galerisinde \u2018Engelsiz Renkler\u2019 isimli sergi a\u00e7t\u0131. Konu\u015fman\u0131n yan\u0131 s\u0131ra y\u00fcr\u00fcme g\u00fc\u00e7l\u00fc\u011f\u00fc de \u00e7eken Ressam Ya\u011fc\u0131, s\u00f6zleriyle anlatamad\u0131\u011f\u0131 duygular\u0131n\u0131 resimleriyle dile getiriyor.\u00a0<br \/>\nMTSO Sanat Galerisi, Ressam Halil \u0130brahim Ya\u011fc\u0131\u2019n\u0131n \u2018Engelsiz Renkler\u2019 isimli sergisine ev sahipli\u011fi yapt\u0131. K\u00fc\u00e7\u00fck ya\u015flardan itibaren resme olan merak\u0131n\u0131 her ge\u00e7en g\u00fcn kendi \u00e7abalar\u0131yla biraz daha geli\u015ftiren sanat\u00e7\u0131, 1977\u2019de Yunus Emre Resim Yar\u0131\u015fmas\u0131nda 3\u2019\u00fcnc\u00fc oldu. Son derece aktif olan ya\u015fam\u0131 1996\u2019da konulan ALS tan\u0131s\u0131yla yava\u015flayan Ya\u011fc\u0131, resimden hi\u00e7bir zaman kopmad\u0131.\u00a0<br \/>\nYa\u011fc\u0131\u2019n\u0131n ya\u011fl\u0131boya 35 tablosunu sanatseverlerle bulu\u015fturan Engelsiz Renkler Resim Sergisinin a\u00e7\u0131l\u0131\u015f\u0131na, Mersin Kent Konseyi Ba\u015fkan\u0131 Faik Burakgazi, Mersin B\u00fcy\u00fck\u015fehir Belediyesi Strateji Geli\u015ftirme Daire Ba\u015fkan\u0131 Bedrettin G\u00fcne\u015f, MTSO Meclis \u00dcyesi Ahmet Ak\u0131n, MTSO Genel Sekreteri Kadir D\u00f6lek ile sanatseverler kat\u0131ld\u0131.\u00a0<\/p>\n<p>\u201c\u00d6zg\u00fcr ruhumu resimlerime yans\u0131t\u0131yorum\u201d<br \/>\n\u00a0<br \/>\nEski\u015fehir\u2019de do\u011fdu\u011funu ve orman k\u00f6y\u00fcnde b\u00fcy\u00fcd\u00fc\u011f\u00fcn\u00fc anlatan Ressam Ya\u011fc\u0131, hastal\u0131k te\u015fhisi konulana kadar burada ya\u015fad\u0131\u011f\u0131n\u0131 ve tam bir do\u011fa a\u015f\u0131\u011f\u0131 oldu\u011funu s\u00f6yledi. So\u011fuk havan\u0131n ALS hastal\u0131\u011f\u0131n\u0131 olumsuz etkilemesi nedeniyle Mersin\u2019e ta\u015f\u0131nd\u0131\u011f\u0131n\u0131 anlatan Ya\u011fc\u0131, mevcut durumda y\u00fcr\u00fcme g\u00fc\u00e7l\u00fc\u011f\u00fc \u00e7ekmesi nedeniyle do\u011fadan uzak kald\u0131\u011f\u0131n\u0131, ancak her zaman \u00f6zlem duydu\u011funu dile getirdi. Duydu\u011fu \u00f6zlemi tuvallerine yans\u0131tt\u0131\u011f\u0131n\u0131, bu nedenle evinin balkonunda olu\u015fturdu\u011fu k\u00fc\u00e7\u00fck at\u00f6lyesinde ya\u011fl\u0131boya do\u011fa resimleri ve portreler \u00e7izdi\u011fini ifade eden Ya\u011fc\u0131, \u201cGezmek isteyip de rahats\u0131zl\u0131\u011f\u0131m dolay\u0131s\u0131yla gidemedi\u011fim yerleri hayal edip canland\u0131rmaya \u00e7al\u0131\u015f\u0131yorum. \u00c7ocuklu\u011fumda gittim yerlerden akl\u0131mda kalanlar\u0131 resmediyorum\u201d dedi.\u00a0<br \/>\nDo\u011fay\u0131, \u00f6zg\u00fcrl\u00fc\u011f\u00fc sevdi\u011fini vurgulayan Ya\u011fc\u0131, \u201cRahats\u0131zl\u0131\u011f\u0131ma k\u00f6t\u00fc gelmesinin de etkisi olsa gerek, k\u0131\u015f manzaralar\u0131n\u0131 hi\u00e7 sevmedi\u011fim i\u00e7in resimlerinde kullanm\u0131yorum. Ayn\u0131 \u015fekilde renkli bir ki\u015fili\u011fe sahibim ve resimlerimde bu nedenle siyah rengi de \u00e7ok g\u00f6remezsiniz\u201d ifadelerini kulland\u0131.\u00a0<br \/>\nKonu\u015fma g\u00fc\u00e7l\u00fc\u011f\u00fc \u00e7ekmesi nedeniyle resimlerinin sesi oldu\u011funu vurgulayan Ya\u011fc\u0131, bug\u00fcne kadar 3 tane ki\u015fisel, 5 tane de karma resim sergisi a\u00e7t\u0131\u011f\u0131n\u0131 belirterek, \u00f6lene kadar resim \u00e7izmeye devam edece\u011fini s\u00f6yledi.\u00a0<\/p>\n","protected":false},"excerpt":{"rendered":"<p>ALS Hastas\u0131 Ressam Halil \u0130brahim Ya\u011fc\u0131, MTSO Sanat Galerisinde \u2018Engelsiz Renkler\u2019 isimli sergi a\u00e7t\u0131. Konu\u015fman\u0131n yan\u0131 s\u0131ra y\u00fcr\u00fcme g\u00fc\u00e7l\u00fc\u011f\u00fc de \u00e7eken Ressam Ya\u011fc\u0131, s\u00f6zleriyle anlatamad\u0131\u011f\u0131 duygular\u0131n\u0131 resimleriyle dile getiriyor.\u00a0 MTSO &hellip; <a href=\"https:\/\/mersinekonomipolitikagazetesi.com\/?p=6077\" class=\"more-link\">Devam\u0131n\u0131 Oku&#8230;<\/a><\/p>\n","protected":false},"author":1,"featured_media":0,"comment_status":"open","ping_status":"open","sticky":false,"template":"","format":"standard","meta":[],"categories":[],"tags":[],"_links":{"self":[{"href":"https:\/\/mersinekonomipolitikagazetesi.com\/index.php?rest_route=\/wp\/v2\/posts\/6077"}],"collection":[{"href":"https:\/\/mersinekonomipolitikagazetesi.com\/index.php?rest_route=\/wp\/v2\/posts"}],"about":[{"href":"https:\/\/mersinekonomipolitikagazetesi.com\/index.php?rest_route=\/wp\/v2\/types\/post"}],"author":[{"embeddable":true,"href":"https:\/\/mersinekonomipolitikagazetesi.com\/index.php?rest_route=\/wp\/v2\/users\/1"}],"replies":[{"embeddable":true,"href":"https:\/\/mersinekonomipolitikagazetesi.com\/index.php?rest_route=%2Fwp%2Fv2%2Fcomments&post=6077"}],"version-history":[{"count":0,"href":"https:\/\/mersinekonomipolitikagazetesi.com\/index.php?rest_route=\/wp\/v2\/posts\/6077\/revisions"}],"wp:attachment":[{"href":"https:\/\/mersinekonomipolitikagazetesi.com\/index.php?rest_route=%2Fwp%2Fv2%2Fmedia&parent=6077"}],"wp:term":[{"taxonomy":"category","embeddable":true,"href":"https:\/\/mersinekonomipolitikagazetesi.com\/index.php?rest_route=%2Fwp%2Fv2%2Fcategories&post=6077"},{"taxonomy":"post_tag","embeddable":true,"href":"https:\/\/mersinekonomipolitikagazetesi.com\/index.php?rest_route=%2Fwp%2Fv2%2Ftags&post=6077"}],"curies":[{"name":"wp","href":"https:\/\/api.w.org\/{rel}","templated":true}]}}