{"id":6078,"date":"2020-11-04T18:26:31","date_gmt":"2020-11-04T15:26:31","guid":{"rendered":"http:\/\/mersinekonomipolitikagazetesi.com\/?p=6078"},"modified":"2020-11-04T18:26:31","modified_gmt":"2020-11-04T15:26:31","slug":"mbb-logo-tartismalari-devam-ediyor-vatandaslar-logo-tasarimi-ile-baslayan-degisim-corba-ile-devam-ediyor","status":"publish","type":"post","link":"https:\/\/mersinekonomipolitikagazetesi.com\/?p=6078","title":{"rendered":"MBB LOGO TARTI\u015eMALARI DEVAM ED\u0130YOR Vatanda\u015flar, \u201cLogo tasar\u0131m\u0131 ile ba\u015flayan de\u011fi\u015fim, \u00e7orba ile devam ediyor\u201d"},"content":{"rendered":"<p>Mersin B\u00fcy\u00fck\u015fehir Belediyesi yeni logo tart\u0131\u015fmalar\u0131 bitmek bilmiyor. MBB Ba\u015fkan\u0131 Vahap Se\u00e7er\u2019i ele\u015ftiren vatanda\u015flar, \u201cLogo de\u011fi\u015fim demek denildi fakat belediye \u00e7orba da\u011f\u0131tarak de\u011fi\u015fim yapt\u0131\u011f\u0131n\u0131 iddia ediyor. De\u011fi\u015fim vatanda\u015f\u0131n refah seviyesini y\u00fckseltmekle olur.\u201d dedi.<\/p>\n<p>\n\u201c\u0130ki tantuni paras\u0131na logo\u201d<br \/>\n\u00a0<br \/>\nMersin B\u00fcy\u00fck\u015fehir Belediyesi Ba\u015fkan\u0131 Vahap Se\u00e7er\u2019in yeni logo tasar\u0131m\u0131 ile ortaya koydu\u011fu tav\u0131r ve ele\u015ftirilere cevaplar tepki g\u00f6rm\u00fc\u015ft\u00fc. \u2018\u0130ki tantuni paras\u0131\u2019 logo tasar\u0131m\u0131 ile ilgili vatanda\u015flar taraf\u0131ndan ele\u015ftirilen Se\u00e7er\u2019e, \u201cMersin&#8217;de Vahap Se\u00e7er&#8217;in, de\u011fi\u015fim anlay\u0131\u015f\u0131n\u0131n en g\u00fczel \u00f6rne\u011fi, iki tantuniye yapt\u0131rd\u0131m dedi\u011fi, yeni \u015fehir ambleminin Mersin halk\u0131nca kabul g\u00f6rmedi\u011fini anlamas\u0131 laz\u0131m art\u0131k.\u201d ifadelerini kulland\u0131.<br \/>\n\u00a0<br \/>\n\u00a0\u201c\u00c7orbayla de\u011fi\u015fim olmaz\u201d<br \/>\n\u00a0<br \/>\nYeni logonun Mersinlilere bir faydas\u0131n\u0131n olmad\u0131\u011f\u0131n\u0131 bu de\u011fi\u015fimin farkl\u0131 alanlarda uygulanmas\u0131 gerekti\u011fini s\u00f6yleyen kent sakinleri, \u201cSe\u00e7imlerin \u00fczerinden bir y\u0131l ge\u00e7ti \u00e7orba, \u00e7ama\u015f\u0131r, festival, konser herhangi bir de\u011fi\u015fiklik yok. \u00c7orba da\u011f\u0131tman\u0131n de\u011fi\u015fimle de alakas\u0131 yok. Logo tasar\u0131m\u0131 ile ba\u015flayan de\u011fi\u015fim \u00e7orba ile devam ediyor.\u201d diye konu\u015ftu.<br \/>\n\u00a0<br \/>\nYeni logoyu Se\u00e7er a\u00e7\u0131klam\u0131\u015ft\u0131<br \/>\n\u00a0<br \/>\nMersin B\u00fcy\u00fck\u015fehir Belediye Ba\u015fkan\u0131 Vahap Se\u00e7er\u2019in yeni logo a\u00e7\u0131klamas\u0131 ise \u015fu \u015fekildeydi, \u201cB\u00f6yle bir logo ile daha modern ve daha \u00e7a\u011fda\u015f bir logo ile temsil ettirebilir miyiz? Diye b\u00f6yle etkinliklerde simgesel bir anlay\u0131\u015f ile kullan\u0131yoruz. K\u0131z\u0131lca k\u0131yamet koptu Mersin\u2019de. De\u011fi\u015fim \u00f6yle bir \u015fey ki hele \u00f6n yarg\u0131l\u0131 bir toplumsa Einstein\u2019\u0131n dedi\u011fi gibi; atomun \u00e7ekirde\u011fini par\u00e7alayabiliyorsunuz ama \u00f6n yarg\u0131lar\u0131 ortadan kald\u0131ram\u0131yorsunuz. Biz de\u011fi\u015fim istiyoruz arkada\u015f. Bunu belirtmeye \u00e7al\u0131\u015f\u0131yoruz. Her anlamda de\u011fi\u015fim\u201d ifadelerini kullanm\u0131\u015ft\u0131.<\/p>\n","protected":false},"excerpt":{"rendered":"<p>Mersin B\u00fcy\u00fck\u015fehir Belediyesi yeni logo tart\u0131\u015fmalar\u0131 bitmek bilmiyor. MBB Ba\u015fkan\u0131 Vahap Se\u00e7er\u2019i ele\u015ftiren vatanda\u015flar, \u201cLogo de\u011fi\u015fim demek denildi fakat belediye \u00e7orba da\u011f\u0131tarak de\u011fi\u015fim yapt\u0131\u011f\u0131n\u0131 iddia ediyor. De\u011fi\u015fim vatanda\u015f\u0131n refah seviyesini &hellip; <a href=\"https:\/\/mersinekonomipolitikagazetesi.com\/?p=6078\" class=\"more-link\">Devam\u0131n\u0131 Oku&#8230;<\/a><\/p>\n","protected":false},"author":1,"featured_media":0,"comment_status":"open","ping_status":"open","sticky":false,"template":"","format":"standard","meta":[],"categories":[],"tags":[],"_links":{"self":[{"href":"https:\/\/mersinekonomipolitikagazetesi.com\/index.php?rest_route=\/wp\/v2\/posts\/6078"}],"collection":[{"href":"https:\/\/mersinekonomipolitikagazetesi.com\/index.php?rest_route=\/wp\/v2\/posts"}],"about":[{"href":"https:\/\/mersinekonomipolitikagazetesi.com\/index.php?rest_route=\/wp\/v2\/types\/post"}],"author":[{"embeddable":true,"href":"https:\/\/mersinekonomipolitikagazetesi.com\/index.php?rest_route=\/wp\/v2\/users\/1"}],"replies":[{"embeddable":true,"href":"https:\/\/mersinekonomipolitikagazetesi.com\/index.php?rest_route=%2Fwp%2Fv2%2Fcomments&post=6078"}],"version-history":[{"count":0,"href":"https:\/\/mersinekonomipolitikagazetesi.com\/index.php?rest_route=\/wp\/v2\/posts\/6078\/revisions"}],"wp:attachment":[{"href":"https:\/\/mersinekonomipolitikagazetesi.com\/index.php?rest_route=%2Fwp%2Fv2%2Fmedia&parent=6078"}],"wp:term":[{"taxonomy":"category","embeddable":true,"href":"https:\/\/mersinekonomipolitikagazetesi.com\/index.php?rest_route=%2Fwp%2Fv2%2Fcategories&post=6078"},{"taxonomy":"post_tag","embeddable":true,"href":"https:\/\/mersinekonomipolitikagazetesi.com\/index.php?rest_route=%2Fwp%2Fv2%2Ftags&post=6078"}],"curies":[{"name":"wp","href":"https:\/\/api.w.org\/{rel}","templated":true}]}}