{"id":6080,"date":"2020-11-04T18:26:31","date_gmt":"2020-11-04T15:26:31","guid":{"rendered":"http:\/\/mersinekonomipolitikagazetesi.com\/?p=6080"},"modified":"2020-11-04T18:26:31","modified_gmt":"2020-11-04T15:26:31","slug":"secer-parkomattan-kar-etmiyoruz-gecici-bir-uygulama","status":"publish","type":"post","link":"https:\/\/mersinekonomipolitikagazetesi.com\/?p=6080","title":{"rendered":"Se\u00e7er: &#8220;Parkomattan kar etmiyoruz ge\u00e7ici bir uygulama&#8221;"},"content":{"rendered":"<p>Mersin B\u00fcy\u00fck\u015fehir Belediye Ba\u015fkan\u0131 Vahap Se\u00e7er, parkomat\u0131 kar amac\u0131yla yapmad\u0131klar\u0131n\u0131, ge\u00e7ici bir \u00e7\u00f6z\u00fcm olarak uygulad\u0131klar\u0131n\u0131 belirterek, otoparklar yap\u0131ld\u0131k\u00e7a parkomat uygulamas\u0131n\u0131n kald\u0131r\u0131laca\u011f\u0131n\u0131 s\u00f6yledi.\u00a0<br \/>\nSe\u00e7er, Tarsus Kasaplar Odas\u0131 Ba\u015fkan\u0131 Nail U\u00e7ak\u2019\u0131n davetiyle d\u00fczenlenen programda, Tarsus\u2019ta faaliyet y\u00fcr\u00fcten 16 esnaf odas\u0131 ve 2 esnaf kefalet kooperatifi ba\u015fkan\u0131yla bir araya geldi. Tarsus\u2019un hem ekonomik g\u00fcc\u00fcyle hem de tarihi birikimiyle Mersin\u2019in en \u00f6nemli il\u00e7esi oldu\u011funa de\u011finen Se\u00e7er, \u201cBiz de Mersin B\u00fcy\u00fck\u015fehir Belediyesi olarak Tarsus\u2019a gerekli hizmetleri vermeye \u00e7al\u0131\u015f\u0131yoruz. Bug\u00fcne kadar mevcut imkanlar alt\u0131nda yap\u0131lmas\u0131 gerekenleri yapt\u0131\u011f\u0131m\u0131z\u0131 d\u00fc\u015f\u00fcn\u00fcyoruz. Bundan sonra da bu hizmetler durmadan, duraksamadan devam edecek. \u0130mkanlar\u0131m\u0131z art\u0131k\u00e7a bu hizmetleri vatanda\u015flar\u0131m\u0131za sunaca\u011f\u0131z. \u0130n\u015fallah \u00fclkemizde ekonomik a\u00e7\u0131dan sorunlar ya\u015famayal\u0131m, siyasi ve ekonomik istikrars\u0131zl\u0131k olmas\u0131n. \u0130stikrars\u0131zl\u0131k belediyenin gelirlerine yans\u0131yor. Bizim gelirlerimizin d\u00fc\u015fmesi demek, hizmetlerin azalmas\u0131 demek, s\u0131k\u0131nt\u0131lar\u0131n bir kat daha artmas\u0131 demek. Biz zaten geriden gelen \u00f6nemli bor\u00e7 y\u00fck\u00fcyle belediyeyi devrald\u0131k. Gere\u011finden fazla personel rejimi uyguland\u0131, ak\u0131lc\u0131 olmayan bor\u00e7lanmalar yap\u0131ld\u0131. Gereksiz yat\u0131r\u0131mlar\u0131n yap\u0131ld\u0131\u011f\u0131 bir belediye devrald\u0131k. Bunlar\u0131 toparlamak zorunda oldu\u011fumuz bir belediye devrald\u0131k. Allah\u2019a \u015f\u00fck\u00fcr ki, \u00e7ok yol kat etti\u011fimizi d\u00fc\u015f\u00fcn\u00fcyoruz. Hem mali hem idari olarak Mersin B\u00fcy\u00fck\u015fehir Belediyesi, disiplini ele alm\u0131\u015ft\u0131r. Mersin B\u00fcy\u00fck\u015fehir Belediyesi, kontrol\u00fcm\u00fcz alt\u0131ndad\u0131r. Devam eden ufak tefek s\u0131k\u0131nt\u0131lar\u0131 \u00e7ok yak\u0131n bir zaman i\u00e7inde \u00e7\u00f6zece\u011fiz ve Mersin B\u00fcy\u00fck\u015fehir Belediyesi t\u0131k\u0131r t\u0131k\u0131r i\u015fleyen bir belediye olacak\u201d dedi.<br \/>\n\u00a0<br \/>\n\u201cBiz otopark yapt\u0131k\u00e7a, parkomat sistemi de ortadan kalkacak\u201d<br \/>\n\u00a0<br \/>\nSe\u00e7er, Tarsuslu esnaf temsilcileriyle g\u00f6r\u00fc\u015fmesinde, parkomat uygulamas\u0131n\u0131 da de\u011ferlendirdi. \u201cParkomat uygulamas\u0131n\u0131 ba\u015flatt\u0131k. Esnaf memnun, vatanda\u015f \u015fikayet ediyor\u201d diyen Se\u00e7er, \u015funlar\u0131 s\u00f6yledi: \u201cPara \u00f6demesini sevmeyenler parkomat paras\u0131 vermek istemiyor. Ama esnaf memnun. Esnaf diyor ki, \u2018Gelip benim d\u00fckkan\u0131m\u0131n \u00f6n\u00fcne sabahtan ak\u015fama kadar park ediyor, bir \u015fey s\u00f6ylersem kavga ediyor.\u2019 Esnafla i\u015fbirli\u011fi i\u00e7inde g\u00fczergahlar\u0131 belirledik. Komisyonda b\u00fct\u00fcn partilerin g\u00f6r\u00fc\u015flerini ald\u0131k. \u015e\u00f6yle serzeni\u015fler ve tahrikler geliyor. \u2018Bu bedeli \u00f6demeyin\u2019 diyorlar. Her \u015fey yasalar \u00e7er\u00e7evesinde yap\u0131l\u0131yor. Yasad\u0131\u015f\u0131 hi\u00e7bir karar\u0131n alt\u0131na imza atmay\u0131z. Yasal olmayan hi\u00e7bir paray\u0131 ben vatanda\u015f\u0131mdan alamam. Yar\u0131n bir g\u00fcn ara\u00e7lar\u0131n\u0131 satarken \u00f6demek zorunda kalacaklar. Biz \u015fu anda parkomattan da zarar ediyoruz. Bizim kar amac\u0131m\u0131z yok. \u2018Vatanda\u015f\u0131 haraca kestiler\u2019 gibi laflar var. Cehalet k\u00f6t\u00fc bir \u015fey. Biz parkomat\u0131 ge\u00e7ici olarak ba\u015flatt\u0131k. Tevfik S\u0131rr\u0131 G\u00fcr Lisesi yan\u0131nda, adliye yan\u0131nda, Tarsus\u2019ta otopark \u00e7al\u0131\u015fmalar\u0131m\u0131z var. Cep otopark \u00e7al\u0131\u015fmalar\u0131m\u0131z var. Biz otopark yapt\u0131k\u00e7a, parkomat sistemi de ortadan kalkacak. \u2018Caddeler, sokaklar vatanda\u015f\u0131n\u2019 diyorlar. Vatanda\u015f\u0131n de\u011fil, vatanda\u015flar\u0131n. Bunu ay\u0131rt etmek laz\u0131m. \u015eimdi arabas\u0131n\u0131 oraya koyan vatanda\u015f, arabas\u0131n\u0131 koydu\u011fu soka\u011f\u0131 babas\u0131n\u0131n mal\u0131 zannediyor. Ak\u015fama kadar kald\u0131rm\u0131yor. \u2018Sokak vatanda\u015f\u0131n\u2019 diyor. Ama esnaf\u0131n da bunda hakk\u0131 var. \u00d6zg\u00fcrl\u00fck g\u00fczel bir \u015fey. Ama s\u0131n\u0131rs\u0131z \u00f6zg\u00fcrl\u00fck olamaz. Bir ba\u015fkas\u0131n\u0131n \u00f6zg\u00fcrl\u00fck alan\u0131na m\u00fcdahale etti\u011finiz zaman, orada yasalar size \u2018dur\u2019 der. Biz \u015fu anda onu yap\u0131yoruz.&#8221;<br \/>\n\u00a0<br \/>\n\u201cEsnaf bizim ailemiz\u201d<br \/>\n\u00a0<br \/>\nTarsus\u2019ta 12 bin esnaf oldu\u011funa i\u015faret eden Ba\u015fkan Se\u00e7er, il\u00e7e ekonomisinin lokomotifinin esnaf kesimi oldu\u011funu vurgulad\u0131. Se\u00e7er, \u201cVatanda\u015flar\u0131m\u0131z\u0131n refah\u0131n\u0131n iyi olmas\u0131 demek, esnaf\u0131n refah\u0131n\u0131n iyi olmas\u0131 demek. Esnaf\u0131n i\u015flerinin iyi olmas\u0131 demek, kentin refah\u0131n\u0131n iyi olmas\u0131 anlam\u0131na geliyor. Birbirini tan\u0131mlayan unsurlar bunlar. Tarsus tar\u0131msal geliri kuvvetli bir il\u00e7emiz. \u00c7ok geni\u015f tar\u0131m topraklar\u0131m\u0131z var. Meyve ve sebze \u00fcretiyoruz. Allah her \u015feyi buraya bah\u015fetmi\u015f. Allah\u2019\u0131n bir l\u00fctfu. Bunlara lay\u0131k olmak zorunday\u0131z. Tarsuslu \u00e7al\u0131\u015fkand\u0131r. Tarsus esnaf\u0131 \u00e7al\u0131\u015fkand\u0131r, \u00fcretkendir. Esnaflar\u0131m\u0131z\u0131 seviyoruz, sevmememiz m\u00fcmk\u00fcn de\u011fil. Bizim ailemiz. Bundan sonra daha iyi olacak. Yurtta\u015f\u0131m\u0131z\u0131n, esnaf\u0131m\u0131z\u0131n i\u015fini kolayla\u015ft\u0131racak \u00e7al\u0131\u015fmalar yap\u0131ld\u0131. Bundan sonra da devam edecek\u201d diye konu\u015ftu.\u00a0<\/p>\n<p>\u201cEsnaf Masas\u0131 \u00f6nemli bir \u00e7al\u0131\u015fma oldu\u201d<br \/>\n\u00a0<br \/>\nMersin B\u00fcy\u00fck\u015fehir Belediyesi b\u00fcnyesinde kurulan Esnaf Masas\u0131\u2019n\u0131n \u00f6n\u00fcm\u00fczdeki g\u00fcnlerde faaliyete ge\u00e7ece\u011fini ifade eden Se\u00e7er, \u201cBizim i\u00e7in Esnaf Masas\u0131 \u00f6nemli bir \u00e7al\u0131\u015fma oldu. Esnaf Masas\u0131 i\u00e7in Ulu \u00c7ar\u015f\u0131\u2019da yerle\u015fke olacak. Belediyemiz orada gerekli \u00e7al\u0131\u015fmalar\u0131 yapt\u0131. Kurul olu\u015fturulacak, i\u015fleyi\u015f sistemi belirlenecek, \u00fcyeleri atanacak ve bundan sonra bu mekanizma i\u015fleyecek. Sorunlar\u0131m\u0131z ilk elden seri \u015fekilde konu\u015fulacak, daha h\u0131zl\u0131 \u00e7\u00f6z\u00fcm bulunacak&#8221; ifadelerini kulland\u0131.<br \/>\n\u00a0<br \/>\n\u201cHalk Kart uygulamas\u0131ndan hem vatanda\u015f, hem esnaf memnun\u201d<br \/>\n\u00a0<br \/>\nSe\u00e7er, dar gelirli vatanda\u015flara verilen &#8216;Halk Kart&#8217; uygulamas\u0131n\u0131n hem vatanda\u015f\u0131 hem de esnaf\u0131 memnun etti\u011fini belirterek, \u201cHalk Kart uygulamas\u0131 i\u00e7in esnaf\u0131m\u0131za te\u015fekk\u00fcr ediyorum. En son mart ba\u015f\u0131nda vatanda\u015flar\u0131n kartlar\u0131na 870 bin TL para yat\u0131r\u0131ld\u0131. Ger\u00e7ekten ihtiyac\u0131 olanlara bunu veriyoruz. Bunlar hep adaletli oluyor. \u0130l\u00e7elerde Sosyal Hizmetler Dairesi Ba\u015fkanl\u0131\u011f\u0131\u2019na vatanda\u015f\u0131m\u0131z m\u00fcracaat ediyor. Bak\u0131l\u0131yor, ger\u00e7ekten yoksul ise bu kart veriliyor. Bu kart say\u0131s\u0131 10 bine \u00e7\u0131kacak. Her ay 1 milyon lira yard\u0131m hesaplar\u0131na yatacak ve bunlar da b\u00f6lge esnaf\u0131m\u0131za gelir olarak d\u00f6necek. Bu i\u015ften hem vatanda\u015f\u0131m\u0131z hem esnaf memnun\u201d \u015feklinde konu\u015ftu.\u00a0<\/p>\n<p>\u201cToplu ta\u015f\u0131mada kamu-\u00f6zel sekt\u00f6r i\u015fbirli\u011fi\u201d<br \/>\n\u00a0<br \/>\nToplu ula\u015f\u0131m konusunda da de\u011ferlendirmelerde bulunan Se\u00e7er, 6 ay i\u00e7inde do\u011falgaz ile \u00e7al\u0131\u015fan 73 otob\u00fcs\u00fcn seferlere ba\u015flayaca\u011f\u0131n\u0131, daha sonraki s\u00fcre\u00e7te de 23 k\u00f6r\u00fckl\u00fc otob\u00fcs\u00fc filoya katacaklar\u0131n\u0131 kaydetti. Daha temiz, g\u00fcvenli ve konforlu bir ula\u015f\u0131m sistemi olu\u015fturmak istediklerini ifade eden Se\u00e7er, \u201cTarsus pilot olmak \u00fczere bir \u00e7al\u0131\u015fma yap\u0131yoruz. Art\u0131k kamu-\u00f6zel sekt\u00f6r i\u015fbirli\u011fi ile toplu ta\u015f\u0131ma yapma y\u00f6n\u00fcnde \u00e7al\u0131\u015fmalar\u0131m\u0131z var. Bunun \u00fczerinde \u00e7al\u0131\u015f\u0131yoruz. \u00c7ok k\u0131sa zamanda bunu Tarsus\u2019ta g\u00f6receksiniz. Kamu-\u00f6zel sekt\u00f6r i\u015fbirli\u011fi olumlu neticeler do\u011furacak. Otob\u00fcsler yine belediyeye ait olacak ama i\u015fleyi\u015fi farkl\u0131 olacak. Otob\u00fcs\u00fcn bak\u0131m\u0131, temizli\u011fi, sorumlu\u011fu halk otob\u00fcs\u00fc ya da dolmu\u015f \u015fof\u00f6r\u00fc olan arkada\u015flar\u0131m\u0131z taraf\u0131ndan yap\u0131lacak. Onlar\u0131n da geliri garanti alt\u0131na al\u0131nm\u0131\u015f olacak. Hem vatanda\u015f a\u00e7\u0131s\u0131ndan ucuz olmal\u0131 hem bizim y\u00fck\u00fcm\u00fcz\u00fc almal\u0131. B\u00fct\u00fcn bunlar\u0131 hesap ediyoruz&#8221; dedi. \u00a0<\/p>\n","protected":false},"excerpt":{"rendered":"<p>Mersin B\u00fcy\u00fck\u015fehir Belediye Ba\u015fkan\u0131 Vahap Se\u00e7er, parkomat\u0131 kar amac\u0131yla yapmad\u0131klar\u0131n\u0131, ge\u00e7ici bir \u00e7\u00f6z\u00fcm olarak uygulad\u0131klar\u0131n\u0131 belirterek, otoparklar yap\u0131ld\u0131k\u00e7a parkomat uygulamas\u0131n\u0131n kald\u0131r\u0131laca\u011f\u0131n\u0131 s\u00f6yledi.\u00a0 Se\u00e7er, Tarsus Kasaplar Odas\u0131 Ba\u015fkan\u0131 Nail U\u00e7ak\u2019\u0131n davetiyle &hellip; <a href=\"https:\/\/mersinekonomipolitikagazetesi.com\/?p=6080\" class=\"more-link\">Devam\u0131n\u0131 Oku&#8230;<\/a><\/p>\n","protected":false},"author":1,"featured_media":0,"comment_status":"open","ping_status":"open","sticky":false,"template":"","format":"standard","meta":[],"categories":[],"tags":[],"_links":{"self":[{"href":"https:\/\/mersinekonomipolitikagazetesi.com\/index.php?rest_route=\/wp\/v2\/posts\/6080"}],"collection":[{"href":"https:\/\/mersinekonomipolitikagazetesi.com\/index.php?rest_route=\/wp\/v2\/posts"}],"about":[{"href":"https:\/\/mersinekonomipolitikagazetesi.com\/index.php?rest_route=\/wp\/v2\/types\/post"}],"author":[{"embeddable":true,"href":"https:\/\/mersinekonomipolitikagazetesi.com\/index.php?rest_route=\/wp\/v2\/users\/1"}],"replies":[{"embeddable":true,"href":"https:\/\/mersinekonomipolitikagazetesi.com\/index.php?rest_route=%2Fwp%2Fv2%2Fcomments&post=6080"}],"version-history":[{"count":0,"href":"https:\/\/mersinekonomipolitikagazetesi.com\/index.php?rest_route=\/wp\/v2\/posts\/6080\/revisions"}],"wp:attachment":[{"href":"https:\/\/mersinekonomipolitikagazetesi.com\/index.php?rest_route=%2Fwp%2Fv2%2Fmedia&parent=6080"}],"wp:term":[{"taxonomy":"category","embeddable":true,"href":"https:\/\/mersinekonomipolitikagazetesi.com\/index.php?rest_route=%2Fwp%2Fv2%2Fcategories&post=6080"},{"taxonomy":"post_tag","embeddable":true,"href":"https:\/\/mersinekonomipolitikagazetesi.com\/index.php?rest_route=%2Fwp%2Fv2%2Ftags&post=6080"}],"curies":[{"name":"wp","href":"https:\/\/api.w.org\/{rel}","templated":true}]}}