{"id":6081,"date":"2020-11-04T18:26:31","date_gmt":"2020-11-04T15:26:31","guid":{"rendered":"http:\/\/mersinekonomipolitikagazetesi.com\/?p=6081"},"modified":"2020-11-04T18:26:31","modified_gmt":"2020-11-04T15:26:31","slug":"suriyede-ne-isimiz-var-diye-soran-seviyesizler-var","status":"publish","type":"post","link":"https:\/\/mersinekonomipolitikagazetesi.com\/?p=6081","title":{"rendered":"\u201cSuriye\u2019de ne i\u015fimiz var?\u201d diye soran seviyesizler var..!"},"content":{"rendered":"<p>Cumhurba\u015fkan\u0131 Yard\u0131mc\u0131s\u0131 Fuat Oktay, Oktay, Mersin \u00dcniversitesi Onkoloji Hastanesinin a\u00e7\u0131l\u0131\u015f t\u00f6reninde yapt\u0131\u011f\u0131 konu\u015fmada, yurt i\u00e7i ve d\u0131\u015f\u0131ndaki operasyonlarda \u015fehit olanlara Allah&#8217;tan rahmet, ailelerine ve millete ba\u015f sa\u011fl\u0131\u011f\u0131 dileyerek Suriye&#8217;de ya\u015fanan insani krizin daha da k\u00f6t\u00fcle\u015fmesinin \u00f6nlenmesi amac\u0131yla \u0130dlib&#8217;de ba\u015flayan ate\u015fkes ve g\u00fcvenli koridor tesisinin b\u00f6lgeye bar\u0131\u015f ve huzur sa\u011flamas\u0131n\u0131 diledi.<\/p>\n<p>Cumhurba\u015fkan\u0131 Yard\u0131mc\u0131s\u0131 Fuat Oktay, \u00a0Mersin \u00dcniversitesi Onkoloji Hastanesi a\u00e7\u0131l\u0131\u015f\u0131nda Suriye rejiminin sald\u0131rganl\u0131\u011fa son vermesi gerekti\u011fini vurgulayarak, &#8220;\u0130dlib \u00fczerinden \u00fclkemizin k\u00f6\u015feye s\u0131k\u0131\u015ft\u0131r\u0131lmas\u0131na da asla r\u0131za g\u00f6stermedik, g\u00f6stermeyece\u011fiz. G\u00f6zlem noktalar\u0131m\u0131za ya da mevzilerimize ter\u00f6r rejimi taraf\u0131ndan yap\u0131lan sald\u0131r\u0131lara en \u015fiddetli \u015fekilde kar\u015f\u0131l\u0131k verilmi\u015ftir ve bundan sonra da \u015fayet sald\u0131r\u0131 olursa teredd\u00fcts\u00fcz verilmeye devam edilecektir\u201d diye konu\u015ftu.<\/p>\n<p>&#8220;T\u00fcrkiye asla ac\u0131dan, \u00e7at\u0131\u015fmadan ya da sava\u015ftan yana olmam\u0131\u015ft\u0131rq&#8221;<\/p>\n<p>Suriye\u2019de ya\u015fananlar ve Rusya\u2019da yap\u0131lan anla\u015fmaya ili\u015fkin a\u00e7\u0131klamalarda bulunan Oktay, &#8220;Krizin ba\u015flang\u0131c\u0131ndan bu yana T\u00fcrkiye asla ac\u0131dan, \u00e7at\u0131\u015fmadan ya da sava\u015ftan yana olmam\u0131\u015ft\u0131r. Aksine hem kendimiz hem de Suriyeli karde\u015flerimiz i\u00e7in g\u00fcvenli, huzurlu ve m\u00fcreffeh bir gelecek arzu etti\u011fimizi her f\u0131rsatta da dile getirdik\u201d dedi.<\/p>\n<p>\u201cOrada yap\u0131lanlar\u0131n binde 1\u2019ini yapsayd\u0131k, d\u00fcnyay\u0131 aya\u011fa kald\u0131r\u0131rlard\u0131\u201d<\/p>\n<p>T\u00fcrkiye&#8217;nin s\u0131n\u0131r kap\u0131lar\u0131n\u0131 a\u00e7mas\u0131n\u0131n ard\u0131ndan ya\u015fan\u0131lan hadiselerde Yunanistan&#8217;\u0131n tutumuna da de\u011finen Oktay, \u201cT\u00fcrkiye, gerek m\u00fcltecilere kap\u0131lar\u0131n\u0131 a\u00e7an g\u00fcvenli bir liman olarak gerek Suriye\u2019de mazlum halka sundu\u011fu temel hizmetler ile t\u00fcm d\u00fcnyaya insanl\u0131k dersi vermi\u015ftir; vermeye de devam ediyoruz. \u0130\u015fte Yunanistan\u2019\u0131n mazlumlara yapt\u0131\u011f\u0131 zul\u00fcm ortadad\u0131r. En ufak bir f\u0131rsatta insan haklar\u0131 diye, g\u00f6\u00e7 hareketleri diye, m\u00fclteci hareketleri diye d\u00fcnyay\u0131 aya\u011fa kald\u0131ran bat\u0131ya buradan tekrar seslenmek isteriz. \u00c7ocuklara at\u0131lan gaz bombalar\u0131, savunmas\u0131z m\u00fcltecilere s\u0131k\u0131lan kur\u015funlar Avrupa\u2019n\u0131n \u00f6v\u00fcnd\u00fc\u011f\u00fc hangi de\u011feriyle ba\u011fda\u015f\u0131yor? Orada yap\u0131lanlar\u0131n y\u00fczde 1\u2019ini veya binde 1\u2019ini biz T\u00fcrkiye\u2019de yap\u0131yor olsayd\u0131k, sizce ne yaparlard\u0131? D\u00fcnyay\u0131 aya\u011fa kald\u0131r\u0131rlard\u0131, de\u011fil mi? Kimsenin sesi \u00e7\u0131k\u0131yor mu bug\u00fcn T\u00fcrkiye\u2019den ba\u015fka? Bir tarafta dinine veya etnik k\u00f6kenine g\u00f6re ay\u0131rmadan s\u0131\u011f\u0131nan herkesi ba\u011fr\u0131na basm\u0131\u015f bir T\u00fcrkiye, bug\u00fcn de\u011fil, ge\u00e7mi\u015fte de b\u00f6yledir; 500 y\u0131l geriye bakt\u0131\u011f\u0131m\u0131zda da b\u00f6yle, bin y\u0131l geriye bakt\u0131\u011f\u0131m\u0131zda da b\u00f6yledir. Biz onun i\u00e7in ecdad\u0131m\u0131zla gurur duyar\u0131z. Gelecekte de \u00e7ocuklar\u0131m\u0131z, torunlar\u0131m\u0131z bizlerle gurur duyacak. Bir tarafta da adil y\u00fck payla\u015f\u0131m\u0131ndan ka\u00e7anlar, m\u00fclteci ve insanl\u0131k d\u00fc\u015fmanlar\u0131 var\u201d \u015feklinde konu\u015ftu.<\/p>\n<p>&#8220;Bizim i\u00e7in onur meselesidir; milli g\u00fcvenlik meselesidir.&#8221;<\/p>\n<p>\u201cSuriye\u2019de ne i\u015fimiz var?\u201d diyenleri seviyesiz olarak de\u011ferlendiren Oktay,<br \/>\n\u201c\u00dclkemizde hala \u2018Suriye\u2019de ne i\u015fimiz var?\u2019 diye soran ve Cumhurba\u015fkan\u0131m\u0131za hakaret etme c\u00fcretini g\u00f6steren seviyesizler var. Son d\u00f6nemlerde birlik beraberli\u011fimizi zedeleyici ve y\u0131k\u0131c\u0131 bir muhalefet anlay\u0131\u015f\u0131n\u0131 ne yaz\u0131k ki, \u00fcz\u00fclerek m\u00fc\u015fahede ediyoruz. Bunu yapanlar milletimiz nezdinde de hukuk nezdinde de hesap verecek; her \u015feyden \u00f6nce milletimizin vicdan\u0131nda yarg\u0131lanacakt\u0131r. Ter\u00f6rle ve insani krizlere kar\u015f\u0131 m\u00fccadelemiz siyaset meselesi de\u011fil, bizim i\u00e7in onur meselesidir; milli g\u00fcvenlik meselesidir. Devletimizin bekas\u0131n\u0131 do\u011frudan ilgilendiren yurt i\u00e7inde ve yurt d\u0131\u015f\u0131nda verdi\u011fimiz t\u00fcm m\u00fccadeleler bu bilin\u00e7le milletimizin g\u00fc\u00e7l\u00fc iradesiyle y\u00fcr\u00fct\u00fclmektedir.\u201d dedi.<\/p>\n<p>\u201c\u015eehit ve gazilerimizin bir damla kan\u0131n\u0131 yerde b\u0131rakmad\u0131k, b\u0131rakmayaca\u011f\u0131z da\u201d<\/p>\n<p>Onkoloji Hastanesi a\u00e7\u0131l\u0131\u015f\u0131nda Suriye&#8217;de ya\u015fananlarla ilgili konu\u015fan Bahar Kalkan\u0131 Harekat\u0131&#8217;n\u0131n ve g\u00fcvenlik g\u00fc\u00e7lerinin \u0130dlib b\u00f6lgesindeki faaliyetlerinin, hem uluslararas\u0131 hukuk kurallar\u0131 hem de imzalanan mutabakatlara uygun olarak yerine getirilmekte oldu\u011funu s\u00f6yleyen Oktay, &#8220;\u015eimdiye kadar, \u015fehitlerimizin, gazilerimizin bir damla kan\u0131n\u0131 yerde b\u0131rakmad\u0131k, bundan sonra da b\u0131rakmayaca\u011f\u0131z\u201d. diye konu\u015ftu.<\/p>\n<p>&#8220;T\u00fcrkiye diplomasiden, m\u00fczakereden ve siyasi \u00e7\u00f6z\u00fcmden yanad\u0131r&#8221;<\/p>\n<p>Cumhurba\u015fkan\u0131 Recep Tayyip Erdo\u011fan ve Rusya Lideri Vladimir Putin\u2019in Moskova\u2019daki g\u00f6r\u00fc\u015fmelerine de de\u011finen Oktay, \u201cCumhurba\u015fkan\u0131m\u0131z\u0131n d\u00fcn Rusya\u2019ya ger\u00e7ekle\u015ftirdi\u011fi ziyaret sonucunda var\u0131lan ek mutabakat, Astana ve So\u00e7i s\u00fcre\u00e7lerine yeniden hayat vermeye y\u00f6neliktir. \u0130dlib\u2019de rejimin sald\u0131rganl\u0131\u011f\u0131na son verilmesi ve akan kan\u0131n durdurulmas\u0131 i\u00e7in Rusya\u2019n\u0131n garant\u00f6r devlet olarak \u00fczerine d\u00fc\u015feni yapmas\u0131n\u0131 bekliyoruz. Suriye\u2019de ya\u015fanan insaniyet dram\u0131n\u0131n askeri bir \u00e7\u00f6z\u00fcm\u00fc olmad\u0131\u011f\u0131n\u0131, T\u00fcrkiye olarak diplomasiden, m\u00fczakereden ve siyasi \u00e7\u00f6z\u00fcm s\u00fcre\u00e7lerinden yana oldu\u011fumuzu her defas\u0131nda daha teyit ettik. Ancak, s\u0131n\u0131rlar\u0131m\u0131z\u0131n g\u00fcvenli\u011fini sa\u011flamak, ter\u00f6rle m\u00fccadele ve insani dram\u0131n \u00f6n\u00fcne ge\u00e7mek i\u00e7in gerekti\u011finde g\u00fc\u00e7 kullanmakta da teredd\u00fct etmedik, etmeyiz. \u0130dlib \u00fczerinden \u00fclkemizin k\u00f6\u015feye s\u0131k\u0131\u015ft\u0131r\u0131lmas\u0131na da asla r\u0131za g\u00f6stermedik, g\u00f6stermeyece\u011fiz. G\u00f6zlem noktalar\u0131m\u0131za ya da mevzilerimize ter\u00f6r rejimi taraf\u0131ndan yap\u0131lan sald\u0131r\u0131lara en \u015fiddetli \u015fekilde kar\u015f\u0131l\u0131k verilmi\u015ftir ve bundan sonra da \u015fayet sald\u0131r\u0131 olursa teredd\u00fcts\u00fcz verilmeye devam edilecektir. B\u00f6lgede kendilerine verilen g\u00f6revi b\u00fcy\u00fck \u00f6zveri, kararl\u0131l\u0131k ve kahramanl\u0131kla s\u00fcrd\u00fcren g\u00fcvenlik g\u00fc\u00e7lerimizi Milli M\u00fccadele&#8217;nin gazi \u015fehri Mersin\u2019den selaml\u0131yorum\u201d \u015feklinde konu\u015ftu.<\/p>\n","protected":false},"excerpt":{"rendered":"<p>Cumhurba\u015fkan\u0131 Yard\u0131mc\u0131s\u0131 Fuat Oktay, Oktay, Mersin \u00dcniversitesi Onkoloji Hastanesinin a\u00e7\u0131l\u0131\u015f t\u00f6reninde yapt\u0131\u011f\u0131 konu\u015fmada, yurt i\u00e7i ve d\u0131\u015f\u0131ndaki operasyonlarda \u015fehit olanlara Allah&#8217;tan rahmet, ailelerine ve millete ba\u015f sa\u011fl\u0131\u011f\u0131 dileyerek Suriye&#8217;de ya\u015fanan &hellip; <a href=\"https:\/\/mersinekonomipolitikagazetesi.com\/?p=6081\" class=\"more-link\">Devam\u0131n\u0131 Oku&#8230;<\/a><\/p>\n","protected":false},"author":1,"featured_media":0,"comment_status":"open","ping_status":"open","sticky":false,"template":"","format":"standard","meta":[],"categories":[],"tags":[],"_links":{"self":[{"href":"https:\/\/mersinekonomipolitikagazetesi.com\/index.php?rest_route=\/wp\/v2\/posts\/6081"}],"collection":[{"href":"https:\/\/mersinekonomipolitikagazetesi.com\/index.php?rest_route=\/wp\/v2\/posts"}],"about":[{"href":"https:\/\/mersinekonomipolitikagazetesi.com\/index.php?rest_route=\/wp\/v2\/types\/post"}],"author":[{"embeddable":true,"href":"https:\/\/mersinekonomipolitikagazetesi.com\/index.php?rest_route=\/wp\/v2\/users\/1"}],"replies":[{"embeddable":true,"href":"https:\/\/mersinekonomipolitikagazetesi.com\/index.php?rest_route=%2Fwp%2Fv2%2Fcomments&post=6081"}],"version-history":[{"count":0,"href":"https:\/\/mersinekonomipolitikagazetesi.com\/index.php?rest_route=\/wp\/v2\/posts\/6081\/revisions"}],"wp:attachment":[{"href":"https:\/\/mersinekonomipolitikagazetesi.com\/index.php?rest_route=%2Fwp%2Fv2%2Fmedia&parent=6081"}],"wp:term":[{"taxonomy":"category","embeddable":true,"href":"https:\/\/mersinekonomipolitikagazetesi.com\/index.php?rest_route=%2Fwp%2Fv2%2Fcategories&post=6081"},{"taxonomy":"post_tag","embeddable":true,"href":"https:\/\/mersinekonomipolitikagazetesi.com\/index.php?rest_route=%2Fwp%2Fv2%2Ftags&post=6081"}],"curies":[{"name":"wp","href":"https:\/\/api.w.org\/{rel}","templated":true}]}}