{"id":6093,"date":"2020-11-04T18:26:32","date_gmt":"2020-11-04T15:26:32","guid":{"rendered":"http:\/\/mersinekonomipolitikagazetesi.com\/?p=6093"},"modified":"2020-11-04T18:26:32","modified_gmt":"2020-11-04T15:26:32","slug":"esnaf-bakanligi-kurulsun-kira-stopaji-kaldirilsin","status":"publish","type":"post","link":"https:\/\/mersinekonomipolitikagazetesi.com\/?p=6093","title":{"rendered":"ESNAF BAKANLI\u011eI KURULSUN, K\u0130RA STOPAJI KALDIRILSIN"},"content":{"rendered":"<p>\nCumhuriyet Halk Partisi Adana Milletvekili Orhan S\u00fcmer TBMM\u2019de esnaflar\u0131n derdine \u00e7are bulunmas\u0131n\u0131 istedi. S\u00fcmer, \u2018Esnaf Re\u00e7etesi\u2019 dedi\u011fi 8 maddelik \u00f6nergede, \u201cEsnaf Bakanl\u0131\u011f\u0131 kurulsun, kira stopaj\u0131 kald\u0131r\u0131ls\u0131n\u201d dedi.<br \/>\n\u00a0<br \/>\nCHP Adana Milletvekili Orhan S\u00fcmer, TBMM\u2019de esnaf ve sanatkarlar\u0131n sorunlar\u0131n\u0131n \u00e7\u00f6z\u00fcme kavu\u015fturulmas\u0131 i\u00e7in 8 maddelik bir re\u00e7ete sundu. S\u00fcmer\u2019in sundu\u011fu \u2018Esnaf Re\u00e7etesi\u2019 nde Esnaf Bakanl\u0131\u011f\u0131 kurulmas\u0131, esnaf\u0131n kira stopaj\u0131n\u0131n kald\u0131r\u0131lmas\u0131, esnaf\u0131n i\u015f yeri masraflar\u0131 vergiden d\u00fc\u015f\u00fcr\u00fclmesi ve y\u0131ll\u0131k \u00f6dedi\u011fi vergi miktar\u0131 kadar s\u0131f\u0131r faizli kredi kulland\u0131r\u0131lmas\u0131 gibi d\u00fczenlemeler var. S\u00fcmer, TBMM Genel Kurulu\u2019nda esnaf ve sanatkarlar\u0131n sorunlar\u0131n\u0131n ara\u015ft\u0131r\u0131lmas\u0131na ili\u015fkin ara\u015ft\u0131rma \u00f6nergesi hakk\u0131nda CHP ad\u0131na konu\u015ftu.<br \/>\n\u00a0\u00a0<br \/>\n\u201c\u0130stihdam art\u0131racak \u00f6nlemler yerine g\u00fcn\u00fc kurtarmaya \u00e7al\u0131\u015f\u0131l\u0131yorlar\u201d<br \/>\n\u00a0<br \/>\nEsnafl\u0131\u011f\u0131n ayn\u0131 zamanda k\u00fclt\u00fcrel bir de\u011fer oldu\u011funa dikkat \u00e7eken S\u00fcmer, \u201cAhi Evran\u2019dan bug\u00fcne getirdi\u011fimiz ve sahip \u00e7\u0131kmam\u0131z gereken bir mirast\u0131r\u201d dedi. S\u00fcmer, T\u00fcrkiye\u2019nin bir s\u00fcreden beri bir ekonomik krizin i\u00e7inde oldu\u011funu belirterek, ekonomi y\u00f6netiminin \u00fcretimi ve istihdam\u0131 art\u0131racak kal\u0131c\u0131 \u00f6nlemler yerine, k\u0131sa vadeli \u00f6nlemlerle g\u00fcn\u00fc kurtarma derdinde oldu\u011funu s\u00f6yledi.<\/p>\n<p>\u201cK\u0130M DEVLETE BOR\u00c7LU KALMAK \u0130STER K\u0130?\u201d<br \/>\n\u00a0<br \/>\n4 milyonun \u00fczerinde vatanda\u015fa e-haciz g\u00f6nderildi\u011fini kaydeden S\u00fcmer, \u201cAnl\u0131yoruz, devletin s\u0131cak para ihtiyac\u0131 var. Vatanda\u015f\u0131n paras\u0131 olsa zaten borcunu \u00f6deyecek. Kim gereksiz yere faiz \u00f6demek, devlete bor\u00e7lu kalmak ister ki?\u201d diye konu\u015ftu.<\/p>\n<p>S\u00fcmer, ekonomiye her g\u00fcn can veren esnaflar\u0131n en fazla ihmal edilen ve hakk\u0131 yenilen kesimlerin ba\u015f\u0131nda geldi\u011fini ifade ederek \u201cAl\u0131\u015fveri\u015f Merkezleri t\u00fcm kentleri mantar gibi sararken k\u00fc\u00e7\u00fck esnaf kan a\u011flamaya ba\u015flad\u0131. AVM cenneti yarat\u0131ld\u0131, T\u00fcrkiye AVM \u00e7\u00f6pl\u00fc\u011f\u00fcne d\u00f6n\u00fc\u015ft\u00fc\u201d dedi.<br \/>\n\u00a0<br \/>\n\u201cESNAF BAKANLI\u011eI KURULSUN\u201d<\/p>\n<p>S\u00fcmer, esnaf\u0131n sorununun b\u00fct\u00fcnl\u00fckl\u00fc bir bak\u0131\u015f a\u00e7\u0131s\u0131yla \u00e7\u00f6z\u00fclmesi<br \/>\ngerekti\u011fini belirterek \u015fu \u00f6nerileri s\u0131ralad\u0131, \u201cEsnaf bakanl\u0131\u011f\u0131 kurularak esnaf ve sanatk\u00e2rlar\u0131n sorunlar\u0131n\u0131n siyasette geni\u015f yer bulmas\u0131na olanak tan\u0131nmal\u0131. Ruhsatland\u0131rma i\u015flemleri esnaf odalar\u0131 taraf\u0131ndan yap\u0131lmal\u0131. Sosyal g\u00fcvenlikte norm ve standart birli\u011fi sa\u011flanmal\u0131, esnaf aleyhine olan farklar ortadan kald\u0131r\u0131lmal\u0131\u201d diye konu\u015ftu.<\/p>\n<p>\u201cK\u0130RA STOPAJI KALDIRILSIN\u201d<br \/>\n\u00a0<br \/>\nAyr\u0131ca S\u00fcmer sundu\u011fu re\u00e7etede, \u201cEsnaf\u0131n kira stopaj\u0131 kald\u0131r\u0131lmal\u0131. Esnaf\u0131n kira, ara\u00e7 gideri vesaire i\u015f yeri masraflar\u0131 vergiden d\u00fc\u015f\u00fcr\u00fclebilmeli. Esnafa y\u0131ll\u0131k \u00f6dedi\u011fi vergi ve prim miktar\u0131 kadar s\u0131f\u0131r faizli kredi kulland\u0131r\u0131lmal\u0131. Esnaf\u0131n d\u00fc\u015f\u00fck faizli ve uzun vadeli kredilerle kira \u00f6der gibi d\u00fckk\u00e2n sahibi olabilmesine olanak sa\u011flanmal\u0131 ve Kredi Kefalet Kooperatifleri g\u00fc\u00e7lendirilmeli ve kredi miktarlar\u0131 art\u0131r\u0131lmal\u0131d\u0131r.\u201d ifadelerini kulland\u0131.<\/p>\n","protected":false},"excerpt":{"rendered":"<p>Cumhuriyet Halk Partisi Adana Milletvekili Orhan S\u00fcmer TBMM\u2019de esnaflar\u0131n derdine \u00e7are bulunmas\u0131n\u0131 istedi. S\u00fcmer, \u2018Esnaf Re\u00e7etesi\u2019 dedi\u011fi 8 maddelik \u00f6nergede, \u201cEsnaf Bakanl\u0131\u011f\u0131 kurulsun, kira stopaj\u0131 kald\u0131r\u0131ls\u0131n\u201d dedi. \u00a0 CHP Adana &hellip; <a href=\"https:\/\/mersinekonomipolitikagazetesi.com\/?p=6093\" class=\"more-link\">Devam\u0131n\u0131 Oku&#8230;<\/a><\/p>\n","protected":false},"author":1,"featured_media":0,"comment_status":"open","ping_status":"open","sticky":false,"template":"","format":"standard","meta":[],"categories":[],"tags":[],"_links":{"self":[{"href":"https:\/\/mersinekonomipolitikagazetesi.com\/index.php?rest_route=\/wp\/v2\/posts\/6093"}],"collection":[{"href":"https:\/\/mersinekonomipolitikagazetesi.com\/index.php?rest_route=\/wp\/v2\/posts"}],"about":[{"href":"https:\/\/mersinekonomipolitikagazetesi.com\/index.php?rest_route=\/wp\/v2\/types\/post"}],"author":[{"embeddable":true,"href":"https:\/\/mersinekonomipolitikagazetesi.com\/index.php?rest_route=\/wp\/v2\/users\/1"}],"replies":[{"embeddable":true,"href":"https:\/\/mersinekonomipolitikagazetesi.com\/index.php?rest_route=%2Fwp%2Fv2%2Fcomments&post=6093"}],"version-history":[{"count":0,"href":"https:\/\/mersinekonomipolitikagazetesi.com\/index.php?rest_route=\/wp\/v2\/posts\/6093\/revisions"}],"wp:attachment":[{"href":"https:\/\/mersinekonomipolitikagazetesi.com\/index.php?rest_route=%2Fwp%2Fv2%2Fmedia&parent=6093"}],"wp:term":[{"taxonomy":"category","embeddable":true,"href":"https:\/\/mersinekonomipolitikagazetesi.com\/index.php?rest_route=%2Fwp%2Fv2%2Fcategories&post=6093"},{"taxonomy":"post_tag","embeddable":true,"href":"https:\/\/mersinekonomipolitikagazetesi.com\/index.php?rest_route=%2Fwp%2Fv2%2Ftags&post=6093"}],"curies":[{"name":"wp","href":"https:\/\/api.w.org\/{rel}","templated":true}]}}