{"id":6094,"date":"2020-11-04T18:26:32","date_gmt":"2020-11-04T15:26:32","guid":{"rendered":"http:\/\/mersinekonomipolitikagazetesi.com\/?p=6094"},"modified":"2020-11-04T18:26:32","modified_gmt":"2020-11-04T15:26:32","slug":"mersin-kadini-okudu","status":"publish","type":"post","link":"https:\/\/mersinekonomipolitikagazetesi.com\/?p=6094","title":{"rendered":"MERS\u0130N KADIN&#8217;I OKUDU"},"content":{"rendered":"<p>T\u00fcrkiye&#8217;nin ilk ve tek kad\u0131n platform gazetesi olan Mersin Kad\u0131n Gazetesi 8 Mart&#8217;ta \u00f6zel say\u0131s\u0131yla dikkat \u00e7ekti.<br \/>\n8 Mart D\u00fcnya Emek\u00e7i Kad\u0131nlar G\u00fcn\u00fc dolay\u0131s\u0131yla sokaklarda \u00a0vatanda\u015flara \u00fccretsiz olarak \u00a0da\u011f\u0131t\u0131lan Mersin Kad\u0131n Gazetesi vatanda\u015flar taraf\u0131ndan yo\u011fun ilgi g\u00f6rd\u00fc.<br \/>\nMersin Kad\u0131n Gazetesi&#8217;ne ilgi g\u00f6steren vatanda\u015flar; &#8220;Bu gazetenin Mersin&#8217;de olmas\u0131 ve biz kad\u0131nlar taraf\u0131ndan \u00e7\u0131kar\u0131lmas\u0131 \u00e7ok onur verici. Son y\u0131llarda artan kad\u0131n cinayetlerini g\u00f6z \u00f6n\u00fcnde bulundurarak bu \u00f6zel ve anlaml\u0131 g\u00fcnde halk\u0131m\u0131za gazetelerin tek tek da\u011f\u0131t\u0131lmas\u0131, biraz da olsa bak\u0131\u015f a\u00e7\u0131s\u0131n\u0131 de\u011fi\u015ftirecektir.&#8221; dedi.<\/p>\n<p>Mersin Forum Kad\u0131n ile g\u00fc\u00e7l\u00fc<\/p>\n<p>Mersin Kad\u0131n Gazetesi&#8217;nin Forum AVM&#8217;de de okuyucuyla bulu\u015fmas\u0131 ise ziyaret\u00e7iler taraf\u0131ndan sevilerek takip edildi.<br \/>\nMersin Kad\u0131n Gazetesi\u2019nin 8 Mart ile b\u00fct\u00fcnle\u015fmi\u015f olarak da\u011f\u0131t\u0131lmas\u0131ndan ho\u015fnut olduklar\u0131n\u0131 belirten vatanda\u015flar, &#8220;Kad\u0131n\u0131n oldu\u011fu yerde demokrasi ve \u00f6zg\u00fcrl\u00fck olmak zorundad\u0131r. Mersin Forum kad\u0131n \u00e7al\u0131\u015fanlar\u0131 ile g\u00fc\u00e7l\u00fcd\u00fcr. Mersin Kad\u0131n Gazetesi, Mersin&#8217;de 8 Mart&#8217;\u0131n \u00f6nemine dikkat \u00e7ekerek kad\u0131n\u0131n de\u011ferini vurgulam\u0131\u015ft\u0131r.&#8221; diye konu\u015ftular.<\/p>\n<p>T\u00fcrkiye&#8217;nin ilk ve tek kad\u0131n platform gazetesi olan Mersin Kad\u0131n Gazetesi 8 Mart&#8217;ta \u00f6zel say\u0131s\u0131yla dikkat \u00e7ekti.<br \/>\n8 Mart D\u00fcnya Emek\u00e7i Kad\u0131nlar G\u00fcn\u00fc dolay\u0131s\u0131yla sokaklarda \u00a0vatanda\u015flara \u00fccretsiz olarak \u00a0da\u011f\u0131t\u0131lan Mersin Kad\u0131n Gazetesi vatanda\u015flar taraf\u0131ndan yo\u011fun ilgi g\u00f6rd\u00fc.<br \/>\nMersin Kad\u0131n Gazetesi&#8217;ne ilgi g\u00f6steren vatanda\u015flar; &#8220;Bu gazetenin Mersin&#8217;de olmas\u0131 ve biz kad\u0131nlar taraf\u0131ndan \u00e7\u0131kar\u0131lmas\u0131 \u00e7ok onur verici. Son y\u0131llarda artan kad\u0131n cinayetlerini g\u00f6z \u00f6n\u00fcnde bulundurarak bu \u00f6zel ve anlaml\u0131 g\u00fcnde halk\u0131m\u0131za gazetelerin tek tek da\u011f\u0131t\u0131lmas\u0131, biraz da olsa bak\u0131\u015f a\u00e7\u0131s\u0131n\u0131 de\u011fi\u015ftirecektir.&#8221; dedi.<\/p>\n<p>Mersin Forum Kad\u0131n ile g\u00fc\u00e7l\u00fc<\/p>\n<p>Mersin Kad\u0131n Gazetesi&#8217;nin Forum AVM&#8217;de de okuyucuyla bulu\u015fmas\u0131 ise ziyaret\u00e7iler taraf\u0131ndan sevilerek takip edildi.<br \/>\nMersin Kad\u0131n Gazetesi\u2019nin 8 Mart ile b\u00fct\u00fcnle\u015fmi\u015f olarak da\u011f\u0131t\u0131lmas\u0131ndan ho\u015fnut olduklar\u0131n\u0131 belirten vatanda\u015flar, &#8220;Kad\u0131n\u0131n oldu\u011fu yerde demokrasi ve \u00f6zg\u00fcrl\u00fck olmak zorundad\u0131r. Mersin Forum kad\u0131n \u00e7al\u0131\u015fanlar\u0131 ile g\u00fc\u00e7l\u00fcd\u00fcr. Mersin Kad\u0131n Gazetesi, Mersin&#8217;de 8 Mart&#8217;\u0131n \u00f6nemine dikkat \u00e7ekerek kad\u0131n\u0131n de\u011ferini vurgulam\u0131\u015ft\u0131r.&#8221; diye konu\u015ftular.<\/p>\n","protected":false},"excerpt":{"rendered":"<p>T\u00fcrkiye&#8217;nin ilk ve tek kad\u0131n platform gazetesi olan Mersin Kad\u0131n Gazetesi 8 Mart&#8217;ta \u00f6zel say\u0131s\u0131yla dikkat \u00e7ekti. 8 Mart D\u00fcnya Emek\u00e7i Kad\u0131nlar G\u00fcn\u00fc dolay\u0131s\u0131yla sokaklarda \u00a0vatanda\u015flara \u00fccretsiz olarak \u00a0da\u011f\u0131t\u0131lan Mersin &hellip; <a href=\"https:\/\/mersinekonomipolitikagazetesi.com\/?p=6094\" class=\"more-link\">Devam\u0131n\u0131 Oku&#8230;<\/a><\/p>\n","protected":false},"author":1,"featured_media":0,"comment_status":"open","ping_status":"open","sticky":false,"template":"","format":"standard","meta":[],"categories":[],"tags":[],"_links":{"self":[{"href":"https:\/\/mersinekonomipolitikagazetesi.com\/index.php?rest_route=\/wp\/v2\/posts\/6094"}],"collection":[{"href":"https:\/\/mersinekonomipolitikagazetesi.com\/index.php?rest_route=\/wp\/v2\/posts"}],"about":[{"href":"https:\/\/mersinekonomipolitikagazetesi.com\/index.php?rest_route=\/wp\/v2\/types\/post"}],"author":[{"embeddable":true,"href":"https:\/\/mersinekonomipolitikagazetesi.com\/index.php?rest_route=\/wp\/v2\/users\/1"}],"replies":[{"embeddable":true,"href":"https:\/\/mersinekonomipolitikagazetesi.com\/index.php?rest_route=%2Fwp%2Fv2%2Fcomments&post=6094"}],"version-history":[{"count":0,"href":"https:\/\/mersinekonomipolitikagazetesi.com\/index.php?rest_route=\/wp\/v2\/posts\/6094\/revisions"}],"wp:attachment":[{"href":"https:\/\/mersinekonomipolitikagazetesi.com\/index.php?rest_route=%2Fwp%2Fv2%2Fmedia&parent=6094"}],"wp:term":[{"taxonomy":"category","embeddable":true,"href":"https:\/\/mersinekonomipolitikagazetesi.com\/index.php?rest_route=%2Fwp%2Fv2%2Fcategories&post=6094"},{"taxonomy":"post_tag","embeddable":true,"href":"https:\/\/mersinekonomipolitikagazetesi.com\/index.php?rest_route=%2Fwp%2Fv2%2Ftags&post=6094"}],"curies":[{"name":"wp","href":"https:\/\/api.w.org\/{rel}","templated":true}]}}