{"id":6095,"date":"2020-11-04T18:26:32","date_gmt":"2020-11-04T15:26:32","guid":{"rendered":"http:\/\/mersinekonomipolitikagazetesi.com\/?p=6095"},"modified":"2020-11-04T18:26:32","modified_gmt":"2020-11-04T15:26:32","slug":"ekonomide-tehlike-canlari-degil-dogrudan-yangin-alarmi-caliyor","status":"publish","type":"post","link":"https:\/\/mersinekonomipolitikagazetesi.com\/?p=6095","title":{"rendered":"Ekonomide tehlike \u00e7anlar\u0131 de\u011fil, do\u011frudan yang\u0131n alarm\u0131 \u00e7al\u0131yor&#8230;!"},"content":{"rendered":"<p>CHP Adana Milletvekili Orhan S\u00fcmer, t\u00fcm d\u00fcnyay\u0131 etkisi alt\u0131na alan korona vir\u00fcs\u00fcn T\u00fcrkiye\u2019de turizme b\u00fcy\u00fck bir darbe vuraca\u011f\u0131n\u0131 belirterek \u201cArt\u0131k, ekonomimiz i\u00e7in tehlike \u00e7anlar\u0131 de\u011fil, do\u011frudan yang\u0131n alarm\u0131 \u00e7al\u0131yor\u201d dedi.\u00a0<\/p>\n<p>S\u00fcmer, TBMM\u2019de g\u00f6r\u00fc\u015f\u00fclen \u00dcr\u00fcn G\u00fcvenli\u011fi ve Teknik D\u00fczenlemeler Kanunu Teklifi \u00fczerinde yapt\u0131\u011f\u0131 konu\u015fmada T\u00fcrkiye g\u00fcndemiyle ilgili de\u011ferlendirmelerde ve iktidara uyar\u0131larda bulundu.\u00a0<\/p>\n<p>Cumhuriyet tarihinin en k\u00f6t\u00fc ve en s\u0131k\u0131nt\u0131l\u0131 d\u00f6nemlerinden ge\u00e7tiklerini belirten S\u00fcmer, \u201cYa\u015fad\u0131\u011f\u0131m\u0131z s\u00fcre\u00e7ten daha fazla can kayb\u0131m\u0131z olmadan, \u00e7at\u0131\u015fmalar ya\u015fanmadan, diplomatik yollar kullan\u0131larak \u00e7\u0131k\u0131lmas\u0131 en b\u00fcy\u00fck temennimizdir ve g\u00f6r\u00fcnen en ak\u0131lc\u0131 yol da budur\u2026 Ya\u015fanan darbo\u011fazdan \u00e7\u0131kmak i\u00e7in \u00f6zellikle \u0130kinci D\u00fcnya Sava\u015f\u0131&#8217;na nas\u0131l kat\u0131lmad\u0131\u011f\u0131m\u0131z\u0131 hat\u0131rlamak ve Cumhuriyet\u2019in d\u0131\u015f politika felsefesini \u00f6z\u00fcmsemek, san\u0131r\u0131m iktidar i\u00e7in de yol g\u00f6sterici olacakt\u0131r\u201d dedi.\u00a0<\/p>\n<p>S\u00fcmer konu\u015fmas\u0131nda ba\u015fl\u0131ca \u015fu de\u011ferlendirmelerde bulundu:\u00a0<\/p>\n<p>TEHL\u0130KE \u00c7ANLARI DE\u011e\u0130L YANGIN ALARMI<br \/>\n\u00a0<br \/>\nT\u00fcm d\u00fcnyay\u0131 etkisi alt\u0131na alan corona vir\u00fcs\u00fc \u00e7\u0131kt\u0131. Art\u0131k, ekonomimiz i\u00e7in tehlike \u00e7anlar\u0131 de\u011fil, do\u011frudan yang\u0131n alarm\u0131 \u00e7al\u0131yor. Unutulmas\u0131n ki ekonominin sa\u011flam temellere oturmas\u0131, ayn\u0131 zamanda bir mill\u00ee g\u00fcvenlik sorunudur ve ya\u015fad\u0131\u011f\u0131m\u0131z d\u00f6nemde buna her zamankinden daha \u00e7ok ihtiyac\u0131m\u0131z var.\u00a0<\/p>\n<p>TUR\u0130ZM NEREDEYSE DURDU<\/p>\n<p>\u00dclkemizde hi\u00e7 g\u00f6r\u00fclmese bile, ba\u015fta turizm olmak \u00fczere bir\u00e7ok sekt\u00f6rde krizlere neden olaca\u011f\u0131 ortadad\u0131r. Daha bug\u00fcn sabah, haber kanallar\u0131nda, Kapal\u0131 \u00c7ar\u015f\u0131&#8217;ya gelen turist say\u0131s\u0131nda y\u00fczde 60 azalma oldu\u011fu s\u00f6ylenmi\u015ftir. \u015eu an, \u0130ran&#8217;la, \u0130talya&#8217;yla ve Uzak Do\u011fu&#8217;yla ula\u015f\u0131m ve dolay\u0131s\u0131yla turizm neredeyse durmu\u015f durumda.\u00a0<\/p>\n<p>HAMASET YAPMALIN \u00d6NLEM ALIN<br \/>\n\u00a0<br \/>\nSadece \u0130ran&#8217;dan y\u0131lda 2,1 milyon turistin geldi\u011fini hat\u0131rlatmak isterim. T\u00fcm bu \u00fclkelerin yan\u0131 s\u0131ra Rusya&#8217;dan da turist gelmemesi durumunda, turizmde bug\u00fcne kadar g\u00f6r\u00fclmemi\u015f bir gelir kayb\u0131 s\u00f6z konusu olacakt\u0131r. Bu sorun kap\u0131m\u0131zda yani yaz sezonunun da s\u0131k\u0131nt\u0131l\u0131 ge\u00e7ece\u011fi g\u00f6r\u00fclmektedir; gerekli \u00f6nlemlerin al\u0131nmas\u0131n\u0131 temenni ederiz.<br \/>\nEkonomiyi y\u00f6netmek \u00f6ng\u00f6r\u00fc ister, hamasi s\u00f6ylemler yerine \u015fimdiden \u00f6nlem almak gerekir.\u00a0<\/p>\n<p>M\u0130LL\u0130 B\u0130RL\u0130K ORTAK AKILLA SA\u011eLANIR<\/p>\n<p>Ekonomiden d\u0131\u015f politikaya kadar hemen her alanda \u015fapkay\u0131 \u00f6n\u00fcm\u00fcze koyup muhalefetiyle, iktidar\u0131yla ortak akl\u0131 bulmak ve ya\u015fama ge\u00e7irmek zorunday\u0131z. Mill\u00ee birlik ve beraberlik ancak b\u00f6yle sa\u011flan\u0131r.\u00a0<br \/>\n\u00a0<\/p>\n","protected":false},"excerpt":{"rendered":"<p>CHP Adana Milletvekili Orhan S\u00fcmer, t\u00fcm d\u00fcnyay\u0131 etkisi alt\u0131na alan korona vir\u00fcs\u00fcn T\u00fcrkiye\u2019de turizme b\u00fcy\u00fck bir darbe vuraca\u011f\u0131n\u0131 belirterek \u201cArt\u0131k, ekonomimiz i\u00e7in tehlike \u00e7anlar\u0131 de\u011fil, do\u011frudan yang\u0131n alarm\u0131 \u00e7al\u0131yor\u201d dedi.\u00a0 &hellip; <a href=\"https:\/\/mersinekonomipolitikagazetesi.com\/?p=6095\" class=\"more-link\">Devam\u0131n\u0131 Oku&#8230;<\/a><\/p>\n","protected":false},"author":1,"featured_media":0,"comment_status":"open","ping_status":"open","sticky":false,"template":"","format":"standard","meta":[],"categories":[],"tags":[],"_links":{"self":[{"href":"https:\/\/mersinekonomipolitikagazetesi.com\/index.php?rest_route=\/wp\/v2\/posts\/6095"}],"collection":[{"href":"https:\/\/mersinekonomipolitikagazetesi.com\/index.php?rest_route=\/wp\/v2\/posts"}],"about":[{"href":"https:\/\/mersinekonomipolitikagazetesi.com\/index.php?rest_route=\/wp\/v2\/types\/post"}],"author":[{"embeddable":true,"href":"https:\/\/mersinekonomipolitikagazetesi.com\/index.php?rest_route=\/wp\/v2\/users\/1"}],"replies":[{"embeddable":true,"href":"https:\/\/mersinekonomipolitikagazetesi.com\/index.php?rest_route=%2Fwp%2Fv2%2Fcomments&post=6095"}],"version-history":[{"count":0,"href":"https:\/\/mersinekonomipolitikagazetesi.com\/index.php?rest_route=\/wp\/v2\/posts\/6095\/revisions"}],"wp:attachment":[{"href":"https:\/\/mersinekonomipolitikagazetesi.com\/index.php?rest_route=%2Fwp%2Fv2%2Fmedia&parent=6095"}],"wp:term":[{"taxonomy":"category","embeddable":true,"href":"https:\/\/mersinekonomipolitikagazetesi.com\/index.php?rest_route=%2Fwp%2Fv2%2Fcategories&post=6095"},{"taxonomy":"post_tag","embeddable":true,"href":"https:\/\/mersinekonomipolitikagazetesi.com\/index.php?rest_route=%2Fwp%2Fv2%2Ftags&post=6095"}],"curies":[{"name":"wp","href":"https:\/\/api.w.org\/{rel}","templated":true}]}}