{"id":6097,"date":"2020-11-04T18:26:32","date_gmt":"2020-11-04T15:26:32","guid":{"rendered":"http:\/\/mersinekonomipolitikagazetesi.com\/?p=6097"},"modified":"2020-11-04T18:26:32","modified_gmt":"2020-11-04T15:26:32","slug":"orman-bolge-mudurlugu-ustun-nitelikli-kizilcam-tohum-bahcesi-kurdu","status":"publish","type":"post","link":"https:\/\/mersinekonomipolitikagazetesi.com\/?p=6097","title":{"rendered":"Orman B\u00f6lge M\u00fcd\u00fcrl\u00fc\u011f\u00fc, \u00fcst\u00fcn nitelikli K\u0131z\u0131l\u00e7am Tohum Bah\u00e7esi kurdu"},"content":{"rendered":"<p>Mersin Orman B\u00f6lge M\u00fcd\u00fcrl\u00fc\u011f\u00fc, Tarsus Orman \u0130\u015fletme M\u00fcd\u00fcrl\u00fc\u011f\u00fc Karabucak Orman Fidanl\u0131\u011f\u0131 mevkinde 40 dekar alanda \u00fcst\u00fcn nitelikli fidan \u00fcretmek i\u00e7in \u2018K\u0131z\u0131l\u00e7am Klonal Genotipik Tohum Bah\u00e7esi\u2019 kurdu.\u00a0<br \/>\nOrman B\u00f6lge M\u00fcd\u00fcrl\u00fc\u011f\u00fcnden yap\u0131lan a\u00e7\u0131klamaya g\u00f6re, Tohum Bah\u00e7esi, Akdeniz al\u00e7ak \u0131slah zonunda (0-400 m.) yer alan ve genetik bak\u0131mdan daha y\u00fcksek nitelikli tohum elde etmenin ama\u00e7land\u0131\u011f\u0131 tohum bah\u00e7esine, toprak i\u015fleme \u00e7al\u0131\u015fmalar\u0131ndan sonra genetik \u00fcst\u00fcnl\u00fc\u011f\u00fc test edilmi\u015f 825 adet a\u015f\u0131l\u0131 fidan dikildi. 5-6 y\u0131l sonra bu bah\u00e7eden toplanacak kozalaklardan elde edilecek fidanlar, end\u00fcstriyel a\u011fa\u00e7land\u0131rmalarda kullan\u0131lacak.\u00a0<br \/>\nTohum Bah\u00e7esi, Orman Genel M\u00fcd\u00fcrl\u00fc\u011f\u00fc Orman A\u011fa\u00e7lar\u0131 ve Tohumlar\u0131 Islah Ara\u015ft\u0131rma Enstit\u00fcs\u00fc M\u00fcd\u00fcrl\u00fc\u011f\u00fc ile Mersin Orman B\u00f6lge M\u00fcd\u00fcrl\u00fc\u011f\u00fc i\u015fbirli\u011fiyle kuruldu. Tohum Bah\u00e7esinin projelendirmesi, Orman A\u011fa\u00e7lar\u0131 ve Tohumlar\u0131 Islah Ara\u015ft\u0131rma Enstit\u00fcs\u00fc M\u00fcd\u00fcrl\u00fc\u011f\u00fc Ba\u015fm\u00fchendisi Enver \u00d6zteke\u015fin ve Orman Y\u00fcksek M\u00fchendisi Abdullah Kaplan taraf\u0131ndan yap\u0131ld\u0131.\u00a0<br \/>\nFidan dikim \u00e7al\u0131\u015fmas\u0131n\u0131 yerinde inceleyen Mersin Orman B\u00f6lge M\u00fcd\u00fcr\u00fc Kenan Akduman, kurulan bu tohum bah\u00e7esinin end\u00fcstriyel a\u011fa\u00e7land\u0131rma \u00e7al\u0131\u015fmalar\u0131 i\u00e7in \u00f6nemine de\u011finerek, hay\u0131rl\u0131 olsun temennisinde bulundu.\u00a0<br \/>\nTesis edilen Genotipik K\u0131z\u0131l\u00e7am Tohum Bah\u00e7esinin bak\u0131m ve korumas\u0131 Mersin Fidanl\u0131k M\u00fcd\u00fcrl\u00fc\u011f\u00fc Karabucak Orman Fidanl\u0131k \u015eefli\u011fince y\u00fcr\u00fct\u00fclecek.\u00a0<\/p>\n<p>En \u00e7ok orman emval alan t\u00fcccarlar plaketle \u00f6d\u00fcllendirildi\u00a0<\/p>\n<p>Mersin Orman B\u00f6lge M\u00fcd\u00fcr\u00fc Kenan Akduman, 2019 y\u0131l\u0131nda son depo ve dikili sat\u0131\u015ftan en fazla emval alan t\u00fcccarlara plaket verdi.\u00a0<br \/>\nT\u00fcccarlar ile birlikte d\u00fczenlenen toplant\u0131ya, B\u00f6lge M\u00fcd\u00fcr\u00fc Kenan Akduman, B\u00f6lge M\u00fcd\u00fcr Yard\u0131mc\u0131s\u0131 Durmu\u015f Bilal Akku\u015f, \u0130\u015fletme ve Pazarlama \u015eube M\u00fcd\u00fcr\u00fc Ali Din\u00e7er ve \u015fube teknik elemanlar\u0131, Mersin Orman \u0130\u015fletme M\u00fcd\u00fcr\u00fc ve i\u015fletme m\u00fcd\u00fcr yard\u0131mc\u0131lar\u0131 kat\u0131ld\u0131.\u00a0<br \/>\nMersin Orman B\u00f6lge M\u00fcd\u00fcrl\u00fc\u011f\u00fcnde d\u00fczenlenen toplant\u0131da konu\u015fan B\u00f6lge M\u00fcd\u00fcr\u00fc Akduman, \u201c\u00dcretim k\u0131sm\u0131nda B\u00f6lge M\u00fcd\u00fcrl\u00fc\u011f\u00fcm\u00fczde, 2010 y\u0131l\u0131nda 450 bin metrek\u00fcp \u00fcretim ger\u00e7ekle\u015ftirmi\u015fken, ge\u00e7ti\u011fimiz y\u0131l 950 bin metrek\u00fcp ger\u00e7ekle\u015ftirdik. Sizlerin deste\u011fi ile 1 milyon 50 bin metrek\u00fcp olan 2020 program\u0131m\u0131z\u0131n \u00fczerine \u00e7\u0131kmay\u0131 hedefliyoruz. \u0130lk defa ge\u00e7ti\u011fimiz y\u0131l \u00fclkemizdeki oduna dayal\u0131 cari a\u00e7\u0131\u011f\u0131m\u0131z kapat\u0131larak \u00fclkemiz orman \u00fcr\u00fcnleri sekt\u00f6r\u00fcnde katma de\u011fer sa\u011fland\u0131\u201d dedi.\u00a0<br \/>\nToplant\u0131da, t\u00fcccarlar\u0131n sorunlar\u0131 ve talepleri de\u011ferlendirilirken, 2019 y\u0131l\u0131nda Mersin Orman B\u00f6lge M\u00fcd\u00fcrl\u00fc\u011f\u00fcne ba\u011fl\u0131 i\u015fletme m\u00fcd\u00fcrl\u00fcklerinden en \u00e7ok emval alarak s\u0131ralamaya giren t\u00fcccarlara plaket verildi.\u00a0<\/p>\n","protected":false},"excerpt":{"rendered":"<p>Mersin Orman B\u00f6lge M\u00fcd\u00fcrl\u00fc\u011f\u00fc, Tarsus Orman \u0130\u015fletme M\u00fcd\u00fcrl\u00fc\u011f\u00fc Karabucak Orman Fidanl\u0131\u011f\u0131 mevkinde 40 dekar alanda \u00fcst\u00fcn nitelikli fidan \u00fcretmek i\u00e7in \u2018K\u0131z\u0131l\u00e7am Klonal Genotipik Tohum Bah\u00e7esi\u2019 kurdu.\u00a0 Orman B\u00f6lge M\u00fcd\u00fcrl\u00fc\u011f\u00fcnden yap\u0131lan &hellip; <a href=\"https:\/\/mersinekonomipolitikagazetesi.com\/?p=6097\" class=\"more-link\">Devam\u0131n\u0131 Oku&#8230;<\/a><\/p>\n","protected":false},"author":1,"featured_media":0,"comment_status":"open","ping_status":"open","sticky":false,"template":"","format":"standard","meta":[],"categories":[],"tags":[],"_links":{"self":[{"href":"https:\/\/mersinekonomipolitikagazetesi.com\/index.php?rest_route=\/wp\/v2\/posts\/6097"}],"collection":[{"href":"https:\/\/mersinekonomipolitikagazetesi.com\/index.php?rest_route=\/wp\/v2\/posts"}],"about":[{"href":"https:\/\/mersinekonomipolitikagazetesi.com\/index.php?rest_route=\/wp\/v2\/types\/post"}],"author":[{"embeddable":true,"href":"https:\/\/mersinekonomipolitikagazetesi.com\/index.php?rest_route=\/wp\/v2\/users\/1"}],"replies":[{"embeddable":true,"href":"https:\/\/mersinekonomipolitikagazetesi.com\/index.php?rest_route=%2Fwp%2Fv2%2Fcomments&post=6097"}],"version-history":[{"count":0,"href":"https:\/\/mersinekonomipolitikagazetesi.com\/index.php?rest_route=\/wp\/v2\/posts\/6097\/revisions"}],"wp:attachment":[{"href":"https:\/\/mersinekonomipolitikagazetesi.com\/index.php?rest_route=%2Fwp%2Fv2%2Fmedia&parent=6097"}],"wp:term":[{"taxonomy":"category","embeddable":true,"href":"https:\/\/mersinekonomipolitikagazetesi.com\/index.php?rest_route=%2Fwp%2Fv2%2Fcategories&post=6097"},{"taxonomy":"post_tag","embeddable":true,"href":"https:\/\/mersinekonomipolitikagazetesi.com\/index.php?rest_route=%2Fwp%2Fv2%2Ftags&post=6097"}],"curies":[{"name":"wp","href":"https:\/\/api.w.org\/{rel}","templated":true}]}}