{"id":6100,"date":"2020-11-04T18:26:32","date_gmt":"2020-11-04T15:26:32","guid":{"rendered":"http:\/\/mersinekonomipolitikagazetesi.com\/?p=6100"},"modified":"2020-11-04T18:26:32","modified_gmt":"2020-11-04T15:26:32","slug":"gultak-8-martta-kadinlarla-bulustu","status":"publish","type":"post","link":"https:\/\/mersinekonomipolitikagazetesi.com\/?p=6100","title":{"rendered":"G\u00fcltak, 8 Mart&#8217;ta kad\u0131nlarla bulu\u015ftu"},"content":{"rendered":"<p>Akdeniz Belediye Ba\u015fkan\u0131 Mustafa G\u00fcltak, &#8216;8 Mart D\u00fcnya Kad\u0131nlar G\u00fcn\u00fc&#8217; dolay\u0131s\u0131yla, kad\u0131n meclis \u00fcyeleri ve kad\u0131n belediye \u00e7al\u0131\u015fanlar\u0131, merkez il\u00e7e kad\u0131n muhtarlar\u0131 ile kad\u0131n gazetecilerle bir araya geldi. Hal \u00e7al\u0131\u015fan\u0131 kad\u0131n emek\u00e7ileri de ziyaret eden G\u00fcltak, son olarak bir \u015fehit annesinin evine konuk oldu.\u00a0<br \/>\nBir restoranda d\u00fczenlenen etkinlikte, t\u00fcm kad\u0131nlara birer \u015fal hediye edildi. Burada konu\u015fan Ba\u015fkan G\u00fcltak, kad\u0131nlara y\u00f6nelik hizmet ve \u00e7al\u0131\u015fmalar\u0131 anlatt\u0131, kad\u0131nlara pozitif ayr\u0131mc\u0131l\u0131k yapmaya, toplumsal stat\u00fcs\u00fcn\u00fc y\u00fckselten projeler \u00fcretmeye devam edeceklerini vurgulad\u0131.\u00a0<br \/>\n\u201cAnneler, kad\u0131nlar, y\u0131l\u0131n sadece bir g\u00fcn\u00fc de\u011fil her g\u00fcn\u00fc k\u0131ymetli olmal\u0131 ve hat\u0131rlanmal\u0131\u201d diyen G\u00fcltak, \u201cKad\u0131n annedir, kad\u0131n \u00fcretkendir. Bizler de bir kad\u0131n\u0131n \u00e7ocuklar\u0131y\u0131z. Dolay\u0131s\u0131yla topluma de\u011fer katan, \u00f6z veren, mayas\u0131n\u0131 olu\u015fturan, kad\u0131n\u0131n tam da kendisidir. Amac\u0131m\u0131z, kad\u0131n\u0131 her zaman lay\u0131k oldu\u011fu yere getirmektir. \u00c7\u00fcnk\u00fc kad\u0131n annedir, e\u015ftir, karde\u015ftir. S\u0131\u011f\u0131nacak bir limand\u0131r, yeri geldi\u011fi zaman s\u0131rda\u015f\u0131m\u0131zd\u0131r. Kad\u0131na y\u00f6nelik \u015fiddeti k\u0131n\u0131yorum. \u015eiddet uygulayanlar aciz, psikolojileri bozuk insanlard\u0131r. B\u0131rak\u0131n kad\u0131n\u0131, d\u00fcnyada hi\u00e7bir canl\u0131ya \u015fiddet uygulanmas\u0131 taraftar\u0131 asla olamay\u0131z\u201d diye konu\u015ftu.\u00a0<br \/>\nMersin\u2019de bir ilki daha ger\u00e7ekle\u015ftirdiklerini anlatan G\u00fcltak, belediye mahalle evlerinde mesleki ve beceri kurs alan kad\u0131nlara, \u0130\u015e-KUR \u00fczerinden g\u00fcnl\u00fck 30 lira \u00fccret verdiklerine de dikkat \u00e7ekti. Kad\u0131nlar i\u00e7in ba\u015flatt\u0131klar\u0131 &#8216;Ho\u015f geldin bebek&#8217; projesini de hat\u0131rlatan G\u00fcltak, 500\u2019\u00fc a\u015fk\u0131n aileye ula\u015ft\u0131klar\u0131n\u0131 belirtti. Aile birli\u011finin g\u00fc\u00e7l\u00fc k\u0131l\u0131nmas\u0131 gerekti\u011finin alt\u0131n\u0131 \u00e7izen G\u00fcltak, \u201cG\u00fcn\u00fcm\u00fcz d\u00fcnyas\u0131n\u0131n en b\u00fcy\u00fck hastal\u0131\u011f\u0131n\u0131n bo\u015fanmalar oldu\u011funu d\u00fc\u015f\u00fcn\u00fcyorum. \u0130n\u015fallah yak\u0131n zamanda &#8216;aile okulu\u2019nu a\u00e7\u0131yoruz. Evlenmek isteyen gen\u00e7lerimizi derslere alaca\u011f\u0131z. \u00dcniversite ve Milli E\u011fitim M\u00fcd\u00fcrl\u00fc\u011f\u00fcnden gelecek uzmanlarla birlikte bu gen\u00e7lerimizi ders ve s\u0131navlara tabi tutaca\u011f\u0131z. T\u00fcm derslere kat\u0131lan, sertifika alan gen\u00e7lerimize de beyaz e\u015fyas\u0131n\u0131n bir tanesini Akdeniz Belediyesi olarak biz verece\u011fiz\u201d ifadelerini kulland\u0131. \u00a0<\/p>\n","protected":false},"excerpt":{"rendered":"<p>Akdeniz Belediye Ba\u015fkan\u0131 Mustafa G\u00fcltak, &#8216;8 Mart D\u00fcnya Kad\u0131nlar G\u00fcn\u00fc&#8217; dolay\u0131s\u0131yla, kad\u0131n meclis \u00fcyeleri ve kad\u0131n belediye \u00e7al\u0131\u015fanlar\u0131, merkez il\u00e7e kad\u0131n muhtarlar\u0131 ile kad\u0131n gazetecilerle bir araya geldi. Hal \u00e7al\u0131\u015fan\u0131 &hellip; <a href=\"https:\/\/mersinekonomipolitikagazetesi.com\/?p=6100\" class=\"more-link\">Devam\u0131n\u0131 Oku&#8230;<\/a><\/p>\n","protected":false},"author":1,"featured_media":0,"comment_status":"open","ping_status":"open","sticky":false,"template":"","format":"standard","meta":[],"categories":[],"tags":[],"_links":{"self":[{"href":"https:\/\/mersinekonomipolitikagazetesi.com\/index.php?rest_route=\/wp\/v2\/posts\/6100"}],"collection":[{"href":"https:\/\/mersinekonomipolitikagazetesi.com\/index.php?rest_route=\/wp\/v2\/posts"}],"about":[{"href":"https:\/\/mersinekonomipolitikagazetesi.com\/index.php?rest_route=\/wp\/v2\/types\/post"}],"author":[{"embeddable":true,"href":"https:\/\/mersinekonomipolitikagazetesi.com\/index.php?rest_route=\/wp\/v2\/users\/1"}],"replies":[{"embeddable":true,"href":"https:\/\/mersinekonomipolitikagazetesi.com\/index.php?rest_route=%2Fwp%2Fv2%2Fcomments&post=6100"}],"version-history":[{"count":0,"href":"https:\/\/mersinekonomipolitikagazetesi.com\/index.php?rest_route=\/wp\/v2\/posts\/6100\/revisions"}],"wp:attachment":[{"href":"https:\/\/mersinekonomipolitikagazetesi.com\/index.php?rest_route=%2Fwp%2Fv2%2Fmedia&parent=6100"}],"wp:term":[{"taxonomy":"category","embeddable":true,"href":"https:\/\/mersinekonomipolitikagazetesi.com\/index.php?rest_route=%2Fwp%2Fv2%2Fcategories&post=6100"},{"taxonomy":"post_tag","embeddable":true,"href":"https:\/\/mersinekonomipolitikagazetesi.com\/index.php?rest_route=%2Fwp%2Fv2%2Ftags&post=6100"}],"curies":[{"name":"wp","href":"https:\/\/api.w.org\/{rel}","templated":true}]}}