{"id":6101,"date":"2020-11-04T18:26:32","date_gmt":"2020-11-04T15:26:32","guid":{"rendered":"http:\/\/mersinekonomipolitikagazetesi.com\/?p=6101"},"modified":"2020-11-04T18:26:32","modified_gmt":"2020-11-04T15:26:32","slug":"cocugunun-gozu-onunde-genc-kadina-dehseti-yasatti","status":"publish","type":"post","link":"https:\/\/mersinekonomipolitikagazetesi.com\/?p=6101","title":{"rendered":"\u00c7ocu\u011funun g\u00f6z\u00fc \u00f6n\u00fcnde  gen\u00e7 kad\u0131na deh\u015feti ya\u015fatt\u0131"},"content":{"rendered":"<p>Mersin&#8217;de 9 ay \u00f6nce 2 \u00e7ocuk annesi kad\u0131n\u0131n, ayr\u0131ld\u0131\u011f\u0131 e\u015fi taraf\u0131ndan sokak ortas\u0131nda pompal\u0131 t\u00fcfekle vurulma an\u0131na ili\u015fkin kamera g\u00f6r\u00fcnt\u00fcleri ortaya \u00e7\u0131kt\u0131. 7 ya\u015f\u0131ndaki \u00e7ocu\u011funun \u00f6n\u00fcnde eski e\u015fini vuran zanl\u0131n\u0131n, sald\u0131r\u0131n\u0131n ard\u0131ndan hi\u00e7bir \u015fey olmam\u0131\u015f gibi olay yerinden ayr\u0131lmas\u0131 dikkat \u00e7ekerken, ikinci kez hakim kar\u015f\u0131s\u0131na \u00e7\u0131kacak olan Hatun K., eski kocas\u0131n\u0131n en a\u011f\u0131r \u015fekilde cezaland\u0131r\u0131lmas\u0131n\u0131 istiyor.\u00a0<br \/>\nYakla\u015f\u0131k 9 ay \u00f6nce Mithat Pa\u015fa Mahallesi&#8217;nde meydana gelen olay\u0131n kamera g\u00f6r\u00fcnt\u00fclerine g\u00f6re, \u00d6zkan Y. adl\u0131 \u015fah\u0131s, bir s\u00fcre \u00f6nce ayr\u0131ld\u0131\u011f\u0131 eski e\u015fi Hatun K.&#8217;y\u0131, 7 ya\u015f\u0131ndaki \u00e7ocu\u011funun \u00f6n\u00fcnde \u00f6nce darp ederek yere d\u00fc\u015f\u00fcr\u00fcyor. Yerde yatan kad\u0131n\u0131n \u00f6nce dizine ard\u0131ndan da topu\u011funa pompal\u0131 t\u00fcfekle ate\u015f eden zanl\u0131, daha sonra hi\u00e7bir \u015fey olmam\u0131\u015f gibi \u00e7ocu\u011fuyla birlikte olay yerinden ayr\u0131l\u0131yor. Olay s\u0131ras\u0131nda k\u00fc\u00e7\u00fck \u00e7ocuk g\u00f6zya\u015flar\u0131 i\u00e7inde babas\u0131n\u0131n annesini vurmas\u0131n\u0131 izlerken, \u00e7evredeki vatanda\u015flar b\u00fcy\u00fck korku ya\u015f\u0131yor. Deh\u015feti ya\u015fayan ve kanlar i\u00e7inde kalan kad\u0131n ise \u00e7\u0131\u011fl\u0131k atarak \u00e7evreden yard\u0131m istiyor.\u00a0<\/p>\n<p>&#8220;7 ya\u015f\u0131ndaki \u00e7ocu\u011fumun g\u00f6z\u00fc \u00f6n\u00fcnde beni baca\u011f\u0131mdan vurdu&#8221;<br \/>\n\u00a0<br \/>\nOlayla ilgili a\u00e7\u0131klamalarda bulunan Hatun K., \u00d6zkan Y. ile 2012 y\u0131l\u0131nda evlendi\u011fini ve 7 y\u0131l evli kald\u0131klar\u0131n\u0131 s\u00f6yledi. Bu s\u00fcre\u00e7 i\u00e7erisinde \u015fahs\u0131n kendisine her t\u00fcrl\u00fc \u015fiddeti uygulad\u0131\u011f\u0131n\u0131 ileri s\u00fcren Hatun K., &#8220;Bana i\u015fkence, \u015fiddet her t\u00fcrl\u00fc \u015feyi yapt\u0131. Evin i\u00e7erisine kilitledi, d\u00f6vd\u00fc, evimi yakt\u0131, beni b\u0131\u00e7aklad\u0131, defalarca i\u015fkence yaparken ailem beni kurtard\u0131. Son olarak 7 ya\u015f\u0131ndaki \u00e7ocu\u011fumun g\u00f6z\u00fc \u00f6n\u00fcnde beni baca\u011f\u0131mdan vurdu. \u00c7ocu\u011fum halen baba kelimesini kullanm\u0131yor. Halen &#8216;anne sen vurulma&#8217; diyor. Benim vuruldu\u011fum yerlere bak\u0131p, yaral\u0131 yerlerimi \u00f6p\u00fcyor&#8221; dedi.\u00a0<\/p>\n<p>&#8220;Mektuplarla beni \u00f6ld\u00fcrece\u011fini s\u00f6yl\u00fcyor&#8221;<br \/>\n\u00a0<br \/>\nAyr\u0131ld\u0131\u011f\u0131 kocas\u0131 ile aras\u0131nda 29 \u015fikayet dosyas\u0131 bulundu\u011funu s\u00f6yleyen Hatun K., &#8220;Vurulma olay\u0131na kadar 29 dosyam\u0131z olmas\u0131na ra\u011fmen bu adam hi\u00e7bir zaman ceza evine girmedi. Beni b\u0131\u00e7aklad\u0131 sol taraf\u0131m fel\u00e7 kald\u0131, buna ra\u011fmen ceza evine girmedi. \u015eu anda tutuklu ve bu yapt\u0131klar\u0131ndan dolay\u0131 cezaland\u0131r\u0131lmas\u0131n\u0131 istiyorum. Bu adam\u0131n 20 sene kesinle\u015fmi\u015f cezas\u0131 var. Bu y\u00fczden de beni tehdit ediyor. &#8216;Zaten 20 sene cezam var, ben \u00e7\u0131k\u0131p seni \u00f6ld\u00fcr\u00fcr\u00fcm, ondan sonra hepsini yatar\u0131m&#8217; diye tehdit ediyor. Bunu da mektuplarla beyan ediyor. Mektuplar\u0131 ben mahkemeye sundum. &#8216;Senin y\u00fcz\u00fcne kezzap d\u00f6k\u00fcp yak\u0131p, insan i\u00e7ine \u00e7\u0131kamayacaks\u0131n&#8217; gibi tehditler s\u00fcrekli al\u0131yoruz&#8221; ifadelerini kulland\u0131.\u00a0<\/p>\n<p>&#8220;Sadece beni d\u00f6vd\u00fc\u011f\u00fc i\u00e7in par\u00e7al\u0131 par\u00e7al\u0131 10 sene cezas\u0131 var&#8221;<br \/>\n\u00a0<br \/>\nZanl\u0131n\u0131n, daha \u00f6nceki kendisine uygulad\u0131\u011f\u0131 \u015fiddetlerden dolay\u0131 par\u00e7a par\u00e7a ceza ald\u0131\u011f\u0131n\u0131 dile getiren Hatun K., &#8220;Ama ceza evine girmeden, Yarg\u0131tay&#8217;a g\u00f6nderdi hepsini. Sadece beni d\u00f6vd\u00fc\u011f\u00fc i\u00e7in par\u00e7al\u0131 par\u00e7al\u0131 10 sene cezas\u0131 var. 12 sene uyu\u015fturucudan cezas\u0131 var. Bu adam halen d\u0131\u015far\u0131 \u00e7\u0131kacak m\u0131, onu merak ediyorum. Bu kadar \u015feye ra\u011fmen halen d\u0131\u015far\u0131 \u00e7\u0131k\u0131p, bana zarar verebilecek mi? Ancak e\u011fer yetkililer bu \u015fahsa gereken cezay\u0131 vermese bu \u015fah\u0131s bana zarar verecek. \u00c7ocuklar\u0131m i\u00e7in onun cezaland\u0131r\u0131lmas\u0131n\u0131 istiyorum. O \u015fahs\u0131n kesinlikle d\u0131\u015far\u0131 \u00e7\u0131kmamas\u0131 gerekiyor. E\u011fer \u00e7\u0131karsa geri kalan cezalar\u0131yla birlikte beni \u00f6ld\u00fcr\u00fcp, gidip yataca\u011f\u0131n\u0131 dile getiriyor. Bu \u015fah\u0131s daha ne yapabilir. Yetkililerin sesimizi duymas\u0131n\u0131 istiyoruz. Ben \u00f6lmeden \u00f6nce yetkililer bir \u015fey yaps\u0131n. \u00c7ocuklar\u0131m\u0131n annesiz kalmas\u0131n\u0131 istemiyorum&#8221; diye konu\u015ftu.\u00a0<br \/>\nHatun K. ayr\u0131ca vurulmas\u0131ndan dolay\u0131 art\u0131k sakat kalaca\u011f\u0131n\u0131, bir daha asla d\u00fczelmeyece\u011fini ifade etti.\u00a0<\/p>\n","protected":false},"excerpt":{"rendered":"<p>Mersin&#8217;de 9 ay \u00f6nce 2 \u00e7ocuk annesi kad\u0131n\u0131n, ayr\u0131ld\u0131\u011f\u0131 e\u015fi taraf\u0131ndan sokak ortas\u0131nda pompal\u0131 t\u00fcfekle vurulma an\u0131na ili\u015fkin kamera g\u00f6r\u00fcnt\u00fcleri ortaya \u00e7\u0131kt\u0131. 7 ya\u015f\u0131ndaki \u00e7ocu\u011funun \u00f6n\u00fcnde eski e\u015fini vuran zanl\u0131n\u0131n, &hellip; <a href=\"https:\/\/mersinekonomipolitikagazetesi.com\/?p=6101\" class=\"more-link\">Devam\u0131n\u0131 Oku&#8230;<\/a><\/p>\n","protected":false},"author":1,"featured_media":0,"comment_status":"open","ping_status":"open","sticky":false,"template":"","format":"standard","meta":[],"categories":[],"tags":[],"_links":{"self":[{"href":"https:\/\/mersinekonomipolitikagazetesi.com\/index.php?rest_route=\/wp\/v2\/posts\/6101"}],"collection":[{"href":"https:\/\/mersinekonomipolitikagazetesi.com\/index.php?rest_route=\/wp\/v2\/posts"}],"about":[{"href":"https:\/\/mersinekonomipolitikagazetesi.com\/index.php?rest_route=\/wp\/v2\/types\/post"}],"author":[{"embeddable":true,"href":"https:\/\/mersinekonomipolitikagazetesi.com\/index.php?rest_route=\/wp\/v2\/users\/1"}],"replies":[{"embeddable":true,"href":"https:\/\/mersinekonomipolitikagazetesi.com\/index.php?rest_route=%2Fwp%2Fv2%2Fcomments&post=6101"}],"version-history":[{"count":0,"href":"https:\/\/mersinekonomipolitikagazetesi.com\/index.php?rest_route=\/wp\/v2\/posts\/6101\/revisions"}],"wp:attachment":[{"href":"https:\/\/mersinekonomipolitikagazetesi.com\/index.php?rest_route=%2Fwp%2Fv2%2Fmedia&parent=6101"}],"wp:term":[{"taxonomy":"category","embeddable":true,"href":"https:\/\/mersinekonomipolitikagazetesi.com\/index.php?rest_route=%2Fwp%2Fv2%2Fcategories&post=6101"},{"taxonomy":"post_tag","embeddable":true,"href":"https:\/\/mersinekonomipolitikagazetesi.com\/index.php?rest_route=%2Fwp%2Fv2%2Ftags&post=6101"}],"curies":[{"name":"wp","href":"https:\/\/api.w.org\/{rel}","templated":true}]}}