{"id":6111,"date":"2020-11-04T18:26:33","date_gmt":"2020-11-04T15:26:33","guid":{"rendered":"http:\/\/mersinekonomipolitikagazetesi.com\/?p=6111"},"modified":"2020-11-04T18:26:33","modified_gmt":"2020-11-04T15:26:33","slug":"vali-su-termal-otel-insaatinda-incelemelerde-bulundu","status":"publish","type":"post","link":"https:\/\/mersinekonomipolitikagazetesi.com\/?p=6111","title":{"rendered":"Vali Su, termal otel in\u015faat\u0131nda incelemelerde bulundu"},"content":{"rendered":"<div><span style=\"font-size: 12px;\">Mersin Valisi Ali \u0130hsan Su, TBMM Plan ve B\u00fct\u00e7e Komisyonu Ba\u015fkan\u0131 L\u00fctfi Elvan ile birlikte Akdeniz il\u00e7esi s\u0131n\u0131rlar\u0131nda bulunan Camili Mahallesi\u2019nde yap\u0131m\u0131 devam eden termal otel in\u015faat\u0131nda incelemelerde bulundu.\u00a0 \u00a0<\/span><\/div>\n<div><span style=\"font-size: 12px;\">\u00a0 Mersin milletvekilleri Zeynep G\u00fcl Y\u0131lmaz, Ali Cumhur Ta\u015fk\u0131n, Akdeniz Belediye Ba\u015fkan\u0131 Mustafa G\u00fcltak, \u0130l Emniyet M\u00fcd\u00fcr\u00fc Mehmet \u015eahne ve Karayollar\u0131 5. B\u00f6lge M\u00fcd\u00fcr\u00fc Mehmet Fidan&#8217;\u0131n da e\u015flik etti\u011fi incelemelerde, Vali Su, y\u00fcr\u00fct\u00fclen \u00e7al\u0131\u015fmalarla ilgili yetkililerden bilgi ald\u0131.\u00a0<\/span><\/div>\n<div><span style=\"font-size: 12px;\">\u00a0 Akdeniz il\u00e7e merkezine 9 kilometre mesafe uzakl\u0131kta Camili Mahallesi s\u0131n\u0131rlar\u0131 i\u00e7erisinde bulunan ve yap\u0131m\u0131 devam eden, 102 bin metrekare \u00fczerine kurulu 644 yatak kapasitesine sahip olan termal otelin, 23 adeti termal olmak \u00fczere 35 adet havuzu, \u00e7am ormanlar\u0131n\u0131n i\u00e7erisinde \u015fifal\u0131 termal suyu ile b\u00f6lgenin ve Mersin&#8217;in 5 y\u0131ld\u0131zl\u0131, yatak ve oda bak\u0131m\u0131ndan en b\u00fcy\u00fck ve tek termal oteli konumunda olmas\u0131 hedefleniyor.\u00a0<\/span><\/div>\n<div><span style=\"font-size: 12px;\">\u00a0 Ayr\u0131ca, termal kaynaklar\u0131n\u0131n ekonomiye kazand\u0131r\u0131lmas\u0131 i\u00e7in ba\u015flat\u0131lan \u00e7al\u0131\u015fmalardan bir tanesi olan ve yap\u0131m\u0131 devam eden termal otel ile birlikte Mersin&#8217;in k\u0131\u015f turizmine de hareketlilik kazand\u0131r\u0131lmas\u0131 ama\u00e7lan\u0131yor.\u00a0<\/span><\/div>\n","protected":false},"excerpt":{"rendered":"<p>Mersin Valisi Ali \u0130hsan Su, TBMM Plan ve B\u00fct\u00e7e Komisyonu Ba\u015fkan\u0131 L\u00fctfi Elvan ile birlikte Akdeniz il\u00e7esi s\u0131n\u0131rlar\u0131nda bulunan Camili Mahallesi\u2019nde yap\u0131m\u0131 devam eden termal otel in\u015faat\u0131nda incelemelerde bulundu.\u00a0 \u00a0 &hellip; <a href=\"https:\/\/mersinekonomipolitikagazetesi.com\/?p=6111\" class=\"more-link\">Devam\u0131n\u0131 Oku&#8230;<\/a><\/p>\n","protected":false},"author":1,"featured_media":0,"comment_status":"open","ping_status":"open","sticky":false,"template":"","format":"standard","meta":[],"categories":[],"tags":[],"_links":{"self":[{"href":"https:\/\/mersinekonomipolitikagazetesi.com\/index.php?rest_route=\/wp\/v2\/posts\/6111"}],"collection":[{"href":"https:\/\/mersinekonomipolitikagazetesi.com\/index.php?rest_route=\/wp\/v2\/posts"}],"about":[{"href":"https:\/\/mersinekonomipolitikagazetesi.com\/index.php?rest_route=\/wp\/v2\/types\/post"}],"author":[{"embeddable":true,"href":"https:\/\/mersinekonomipolitikagazetesi.com\/index.php?rest_route=\/wp\/v2\/users\/1"}],"replies":[{"embeddable":true,"href":"https:\/\/mersinekonomipolitikagazetesi.com\/index.php?rest_route=%2Fwp%2Fv2%2Fcomments&post=6111"}],"version-history":[{"count":0,"href":"https:\/\/mersinekonomipolitikagazetesi.com\/index.php?rest_route=\/wp\/v2\/posts\/6111\/revisions"}],"wp:attachment":[{"href":"https:\/\/mersinekonomipolitikagazetesi.com\/index.php?rest_route=%2Fwp%2Fv2%2Fmedia&parent=6111"}],"wp:term":[{"taxonomy":"category","embeddable":true,"href":"https:\/\/mersinekonomipolitikagazetesi.com\/index.php?rest_route=%2Fwp%2Fv2%2Fcategories&post=6111"},{"taxonomy":"post_tag","embeddable":true,"href":"https:\/\/mersinekonomipolitikagazetesi.com\/index.php?rest_route=%2Fwp%2Fv2%2Ftags&post=6111"}],"curies":[{"name":"wp","href":"https:\/\/api.w.org\/{rel}","templated":true}]}}