{"id":6117,"date":"2020-11-04T18:26:33","date_gmt":"2020-11-04T15:26:33","guid":{"rendered":"http:\/\/mersinekonomipolitikagazetesi.com\/?p=6117"},"modified":"2020-11-04T18:26:33","modified_gmt":"2020-11-04T15:26:33","slug":"mersinde-solunan-her-nefes-zehirliyor-%ef%bb%bf-hava-kirliliginde-alarm-zilleri-caliyor","status":"publish","type":"post","link":"https:\/\/mersinekonomipolitikagazetesi.com\/?p=6117","title":{"rendered":"Mersin&#8217;de, solunan her nefes zehirliyor..!  \ufeff HAVA K\u0130RL\u0130L\u0130\u011e\u0130NDE ALARM Z\u0130LLER\u0130 \u00c7ALIYOR!"},"content":{"rendered":"<div><span style=\"font-size: 12px;\">Mersin&#8217;de hava kirlili\u011finde alarm zilleri \u00e7al\u0131yor. GreenpeaceT\u00fcrkiye&#8217;nin resmi websitesinden ve sosyal medya hesab\u0131 \u00fczerinden yapt\u0131\u011f\u0131 payla\u015f\u0131ma g\u00f6re, Mersin&#8217;in hava kirlili\u011fi sa\u011fl\u0131ks\u0131z.<\/span><\/div>\n<div>\u00a0<\/div>\n<div>\u00a0<\/div>\n<div><span style=\"font-size: 12px;\">Hava kirlili\u011fi a\u00e7\u0131s\u0131ndan en k\u00f6t\u00fc \u015fehirler aras\u0131nda yer alan Mersin&#8217;de, solunan her nefes zehirliyor. Art\u0131k alarm zillerinin \u00e7almaya ba\u015flad\u0131\u011f\u0131 Mersin&#8217;in hava kirlili\u011fini GreenpeaceT\u00fcrkiye&#8217;de payla\u015ft\u0131. Olduk\u00e7a sa\u011fl\u0131ks\u0131z olan hava kirlili\u011finin \u00f6nlenmesi amac\u0131yla t\u00fcm \u015fehirler i\u00e7in imza kampanyas\u0131 ba\u015flat\u0131ld\u0131. Havam\u0131z\u0131 kirleten en tehlikeli madde olan Pm 2.5 de\u011feri i\u00e7in D\u00fcnya Sa\u011fl\u0131k \u00d6rg\u00fct\u00fc&#8217;n\u00fcn s\u0131n\u0131r\u0131 10\u03bcg\/m3 olarak belirtiliyor. T\u00fcm iller aras\u0131nda Mersin, 56\u03bcg\/m3 olarak ilk s\u0131ralarda yer al\u0131yor. Vatanda\u015flar, hava kirlili\u011finin en b\u00fcy\u00fck nedeninin kent i\u00e7inde bulunan sanayi kurulu\u015flar\u0131, filtresiz bacalar oldu\u011funu d\u00fc\u015f\u00fcn\u00fcyor. Ayr\u0131ca k\u0131\u015f aylar\u0131nda yak\u0131lan kalitesiz k\u00f6m\u00fcrlerin de hava kirlili\u011finde etken rol oynad\u0131\u011f\u0131 biliniyor. Vatanda\u015flar Mersinli y\u00f6neticilerden \u00e7\u00f6z\u00fcm i\u00e7in \u00e7al\u0131\u015fma ba\u015flat\u0131lmas\u0131n\u0131 bekliyor.\u00a0<\/span><\/div>\n<div>\u00a0<\/div>\n<div><span style=\"font-size: 12px;\">&#8220;Y\u0131l\u0131n tamam\u0131 kirli hava soluyoruz..!&#8221;\u00a0<\/span><\/div>\n<div>\u00a0<\/div>\n<div><span style=\"font-size: 12px;\">T\u00fcrkiye M\u00fchendis Mimarlar Odas\u0131 Birli\u011fi(TMMOB) \u00c7evre M\u00fchendisleri Odas\u0131(\u00c7MO)&#8217;n\u0131n daha \u00f6nce haz\u0131rlad\u0131\u011f\u0131 raporda ise, \u201cMersin\u2018de ulusal mevzuatlar\u0131m\u0131za g\u00f6re 2017 y\u0131l\u0131nda 127 g\u00fcn kirli hava g\u00fcn say\u0131s\u0131 ya\u015fanm\u0131\u015fken bu rakam 2018 y\u0131l\u0131nda 262 g\u00fcn olmaktad\u0131r. Di\u011fer yandan D\u00fcnya Sa\u011fl\u0131k \u00d6rg\u00fct\u00fc\u2019n\u00fcn verilerinde ise Mersin\u2018de 2017 y\u0131l\u0131nda 242 g\u00fcn kirli hava ya\u015fanm\u0131\u015fken 2018 y\u0131l\u0131nda bu say\u0131 300 g\u00fcn olmu\u015ftur. Mersin\u2019de ge\u00e7en y\u0131la g\u00f6re daha fazla kirlilik g\u00fcn say\u0131s\u0131 ya\u015fanm\u0131\u015f ve daha fazla kirli hava soludu\u011fu g\u00f6zlemlenmi\u015ftir. 2017 y\u0131l\u0131ndaki kirli g\u00fcn hava say\u0131s\u0131n\u0131n 2018 y\u0131l\u0131na nazaran y\u00fczde 206 oran\u0131nda art\u0131\u015f g\u00f6stermi\u015ftir.\u201d \u015feklinde a\u00e7\u0131klan\u0131yor.<\/span><\/div>\n","protected":false},"excerpt":{"rendered":"<p>Mersin&#8217;de hava kirlili\u011finde alarm zilleri \u00e7al\u0131yor. GreenpeaceT\u00fcrkiye&#8217;nin resmi websitesinden ve sosyal medya hesab\u0131 \u00fczerinden yapt\u0131\u011f\u0131 payla\u015f\u0131ma g\u00f6re, Mersin&#8217;in hava kirlili\u011fi sa\u011fl\u0131ks\u0131z. \u00a0 \u00a0 Hava kirlili\u011fi a\u00e7\u0131s\u0131ndan en k\u00f6t\u00fc \u015fehirler aras\u0131nda &hellip; <a href=\"https:\/\/mersinekonomipolitikagazetesi.com\/?p=6117\" class=\"more-link\">Devam\u0131n\u0131 Oku&#8230;<\/a><\/p>\n","protected":false},"author":1,"featured_media":0,"comment_status":"open","ping_status":"open","sticky":false,"template":"","format":"standard","meta":[],"categories":[],"tags":[],"_links":{"self":[{"href":"https:\/\/mersinekonomipolitikagazetesi.com\/index.php?rest_route=\/wp\/v2\/posts\/6117"}],"collection":[{"href":"https:\/\/mersinekonomipolitikagazetesi.com\/index.php?rest_route=\/wp\/v2\/posts"}],"about":[{"href":"https:\/\/mersinekonomipolitikagazetesi.com\/index.php?rest_route=\/wp\/v2\/types\/post"}],"author":[{"embeddable":true,"href":"https:\/\/mersinekonomipolitikagazetesi.com\/index.php?rest_route=\/wp\/v2\/users\/1"}],"replies":[{"embeddable":true,"href":"https:\/\/mersinekonomipolitikagazetesi.com\/index.php?rest_route=%2Fwp%2Fv2%2Fcomments&post=6117"}],"version-history":[{"count":0,"href":"https:\/\/mersinekonomipolitikagazetesi.com\/index.php?rest_route=\/wp\/v2\/posts\/6117\/revisions"}],"wp:attachment":[{"href":"https:\/\/mersinekonomipolitikagazetesi.com\/index.php?rest_route=%2Fwp%2Fv2%2Fmedia&parent=6117"}],"wp:term":[{"taxonomy":"category","embeddable":true,"href":"https:\/\/mersinekonomipolitikagazetesi.com\/index.php?rest_route=%2Fwp%2Fv2%2Fcategories&post=6117"},{"taxonomy":"post_tag","embeddable":true,"href":"https:\/\/mersinekonomipolitikagazetesi.com\/index.php?rest_route=%2Fwp%2Fv2%2Ftags&post=6117"}],"curies":[{"name":"wp","href":"https:\/\/api.w.org\/{rel}","templated":true}]}}