{"id":6120,"date":"2020-11-04T18:26:33","date_gmt":"2020-11-04T15:26:33","guid":{"rendered":"http:\/\/mersinekonomipolitikagazetesi.com\/?p=6120"},"modified":"2020-11-04T18:26:33","modified_gmt":"2020-11-04T15:26:33","slug":"issiz-sayisi-4-5-milyona-dayandi","status":"publish","type":"post","link":"https:\/\/mersinekonomipolitikagazetesi.com\/?p=6120","title":{"rendered":"\u0130\u015eS\u0130Z SAYISI 4.5 M\u0130LYONA DAYANDI!"},"content":{"rendered":"<div><span style=\"font-size: 12px;\">\u0130\u015fsizlik oran\u0131 2019 Aral\u0131k d\u00f6neminde 0.2 puanl\u0131k art\u0131\u015fla y\u00fczde 13.7&#8217;ye y\u00fckseldi. \u0130\u015fsiz say\u0131s\u0131 92 bin ki\u015fi artarak 4 milyon 394 bin ki\u015fi oldu.<\/span><\/div>\n<div>\u00a0<\/div>\n<div><span style=\"font-size: 12px;\">T\u00fcrkiye \u0130statistik Kurumu (T\u00dc\u0130K), 2019 Aral\u0131k d\u00f6nemi i\u015fg\u00fcc\u00fc istatistiklerini a\u00e7\u0131klad\u0131.<\/span><\/div>\n<div><span style=\"font-size: 12px;\">Buna g\u00f6re, T\u00fcrkiye genelinde 15 ve daha yukar\u0131 ya\u015ftakilerde i\u015fsiz say\u0131s\u0131 2019 y\u0131l\u0131 Aral\u0131k d\u00f6neminde ge\u00e7en y\u0131l\u0131n ayn\u0131 d\u00f6nemine g\u00f6re 92 bin ki\u015fi artarak 4 milyon 394 bin ki\u015fi oldu. \u0130\u015fsizlik oran\u0131 0.2 puanl\u0131k art\u0131\u015f ile y\u00fczde 13.7 seviyesinde ger\u00e7ekle\u015fti. Tar\u0131m d\u0131\u015f\u0131 i\u015fsizlik oran\u0131 0.2 puanl\u0131k art\u0131\u015f ile y\u00fczde 15.8 oldu.<\/span><\/div>\n<div>\u00a0<\/div>\n<div><span style=\"font-size: 12px;\">\u0130stihdam oran\u0131 y\u00fczde 44.7<\/span><\/div>\n<div>\u00a0<\/div>\n<div><span style=\"font-size: 12px;\">\u0130stihdam edilenlerin say\u0131s\u0131 2019 y\u0131l\u0131 Aral\u0131k d\u00f6neminde, bir \u00f6nceki y\u0131l\u0131n ayn\u0131 d\u00f6nemine g\u00f6re 3 bin ki\u015fi artarak 27 milyon 658 bin ki\u015fi, istihdam oran\u0131 ise 0.7 puanl\u0131k azal\u0131\u015f ile y\u00fczde 44.7 oldu.<\/span><\/div>\n<div><span style=\"font-size: 12px;\">Bu d\u00f6nemde, istihdam edilenlerin say\u0131s\u0131 tar\u0131m sekt\u00f6r\u00fcnde 225 bin, in\u015faat sekt\u00f6r\u00fcnde 119 bin ki\u015fi azal\u0131rken, sanayi sekt\u00f6r\u00fcnde 225 bin, hizmet sekt\u00f6r\u00fcnde ise 122 bin ki\u015fi artt\u0131. \u0130stihdam edilenlerin y\u00fczde 16.5&#8217;i tar\u0131m, y\u00fczde 20.6&#8217;s\u0131 sanayi, y\u00fczde 5.4&#8217;\u00fc in\u015faat, y\u00fczde 57.5&#8217;i ise hizmet sekt\u00f6r\u00fcnde yer ald\u0131.<\/span><\/div>\n<div><span style=\"font-size: 12px;\">\u0130\u015fg\u00fcc\u00fc 2019 y\u0131l\u0131 Aral\u0131k d\u00f6neminde bir \u00f6nceki y\u0131l\u0131n ayn\u0131 d\u00f6nemine g\u00f6re 95 bin ki\u015fi artarak 32 milyon 52 bin ki\u015fi, i\u015fg\u00fcc\u00fcne kat\u0131lma oran\u0131 ise 0.6 puanl\u0131k azal\u0131\u015f ile y\u00fczde 51.8 olarak ger\u00e7ekle\u015fti.<\/span><\/div>\n<div><span style=\"font-size: 12px;\">Aral\u0131k 2019 d\u00f6neminde herhangi bir sosyal g\u00fcvenlik kurulu\u015funa ba\u011fl\u0131 olmadan \u00e7al\u0131\u015fanlar\u0131n toplam \u00e7al\u0131\u015fanlar i\u00e7indeki pay\u0131n\u0131 g\u00f6steren kay\u0131t d\u0131\u015f\u0131 \u00e7al\u0131\u015fanlar\u0131n oran\u0131, bir \u00f6nceki y\u0131l\u0131n ayn\u0131 d\u00f6nemine g\u00f6re 1.1 puan azalarak y\u00fczde 32.3 olarak ger\u00e7ekle\u015fti. Tar\u0131m d\u0131\u015f\u0131 sekt\u00f6rde kay\u0131t d\u0131\u015f\u0131 \u00e7al\u0131\u015fanlar\u0131n oran\u0131 bir \u00f6nceki y\u0131l\u0131n ayn\u0131 d\u00f6nemine g\u00f6re 0,8 puan azalarak y\u00fczde 21.9 oldu.<\/span><\/div>\n<div>\u00a0<\/div>\n<div><span style=\"font-size: 12px;\">15-64 ya\u015f grubunda i\u015fsizlik y\u00fczde 14.0, istihdam y\u00fczde 49.3 oldu<\/span><\/div>\n<div>\u00a0<\/div>\n<div><span style=\"font-size: 12px;\">15-64 ya\u015f grubunda i\u015fsizlik oran\u0131 bir \u00f6nceki y\u0131l\u0131n ayn\u0131 d\u00f6nemine g\u00f6re 0.3 puan art\u0131\u015fla, y\u00fczde 14.0, tar\u0131m d\u0131\u015f\u0131 i\u015fsizlik oran\u0131 ise 0.2 puanl\u0131k art\u0131\u015fla y\u00fczde 15.9 oldu. Bu ya\u015f grubunda istihdam oran\u0131 0.6 puanl\u0131k azal\u0131\u015fla y\u00fczde 49.3, i\u015fg\u00fcc\u00fcne kat\u0131lma oran\u0131 ise 0.5 puanl\u0131k azal\u0131\u015fla y\u00fczde 57.3 oldu.<\/span><\/div>\n<div>\u00a0<\/div>\n<div><span style=\"font-size: 12px;\">15-24 ya\u015f grubunu kapsayan gen\u00e7 n\u00fcfusta i\u015fsizlik oran\u0131 bir \u00f6nceki y\u0131l\u0131n ayn\u0131 d\u00f6nemine g\u00f6re 0.5 puan art\u0131\u015fla, y\u00fczde 25.0, istihdam oran\u0131 ise 0.5 puan azalarak y\u00fczde 31,9 oldu. Ayn\u0131 d\u00f6nemde i\u015fg\u00fcc\u00fcne kat\u0131lma oran\u0131 0.5 puanl\u0131k azal\u0131\u015fla y\u00fczde 42.5 seviyesinde ger\u00e7ekle\u015fti. Ne e\u011fitimde ne de istihdamda olanlar\u0131n oran\u0131 ise bir \u00f6nceki y\u0131l\u0131n ayn\u0131 d\u00f6nemine g\u00f6re 0.5 puanl\u0131k art\u0131\u015fla y\u00fczde 25.4 seviyesinde ger\u00e7ekle\u015fti.<\/span><\/div>\n<div><span style=\"font-size: 12px;\">Mevsim etkisinden ar\u0131nd\u0131r\u0131lm\u0131\u015f i\u015fsizlik oran\u0131 bir \u00f6nceki d\u00f6neme g\u00f6re 0.1 puan azalarak y\u00fczde 13.1 oldu. \u0130\u015fsiz say\u0131s\u0131 bir \u00f6nceki d\u00f6neme g\u00f6re 43 bin ki\u015fi azalarak 4 milyon 267 bin ki\u015fi olarak ger\u00e7ekle\u015fti. Mevsim etkisinden ar\u0131nd\u0131r\u0131lm\u0131\u015f istihdam oran\u0131 bir \u00f6nceki d\u00f6neme g\u00f6re 0.3 puan azalarak y\u00fczde 45.5 oldu. \u0130stihdam edilenlerin say\u0131s\u0131 136 bin ki\u015fi azalarak 28 milyon 203 bin ki\u015fi olarak tahmin edildi.<\/span><\/div>\n","protected":false},"excerpt":{"rendered":"<p>\u0130\u015fsizlik oran\u0131 2019 Aral\u0131k d\u00f6neminde 0.2 puanl\u0131k art\u0131\u015fla y\u00fczde 13.7&#8217;ye y\u00fckseldi. \u0130\u015fsiz say\u0131s\u0131 92 bin ki\u015fi artarak 4 milyon 394 bin ki\u015fi oldu. \u00a0 T\u00fcrkiye \u0130statistik Kurumu (T\u00dc\u0130K), 2019 Aral\u0131k &hellip; <a href=\"https:\/\/mersinekonomipolitikagazetesi.com\/?p=6120\" class=\"more-link\">Devam\u0131n\u0131 Oku&#8230;<\/a><\/p>\n","protected":false},"author":1,"featured_media":0,"comment_status":"open","ping_status":"open","sticky":false,"template":"","format":"standard","meta":[],"categories":[],"tags":[],"_links":{"self":[{"href":"https:\/\/mersinekonomipolitikagazetesi.com\/index.php?rest_route=\/wp\/v2\/posts\/6120"}],"collection":[{"href":"https:\/\/mersinekonomipolitikagazetesi.com\/index.php?rest_route=\/wp\/v2\/posts"}],"about":[{"href":"https:\/\/mersinekonomipolitikagazetesi.com\/index.php?rest_route=\/wp\/v2\/types\/post"}],"author":[{"embeddable":true,"href":"https:\/\/mersinekonomipolitikagazetesi.com\/index.php?rest_route=\/wp\/v2\/users\/1"}],"replies":[{"embeddable":true,"href":"https:\/\/mersinekonomipolitikagazetesi.com\/index.php?rest_route=%2Fwp%2Fv2%2Fcomments&post=6120"}],"version-history":[{"count":0,"href":"https:\/\/mersinekonomipolitikagazetesi.com\/index.php?rest_route=\/wp\/v2\/posts\/6120\/revisions"}],"wp:attachment":[{"href":"https:\/\/mersinekonomipolitikagazetesi.com\/index.php?rest_route=%2Fwp%2Fv2%2Fmedia&parent=6120"}],"wp:term":[{"taxonomy":"category","embeddable":true,"href":"https:\/\/mersinekonomipolitikagazetesi.com\/index.php?rest_route=%2Fwp%2Fv2%2Fcategories&post=6120"},{"taxonomy":"post_tag","embeddable":true,"href":"https:\/\/mersinekonomipolitikagazetesi.com\/index.php?rest_route=%2Fwp%2Fv2%2Ftags&post=6120"}],"curies":[{"name":"wp","href":"https:\/\/api.w.org\/{rel}","templated":true}]}}