{"id":6121,"date":"2020-11-04T18:26:33","date_gmt":"2020-11-04T15:26:33","guid":{"rendered":"http:\/\/mersinekonomipolitikagazetesi.com\/?p=6121"},"modified":"2020-11-04T18:26:33","modified_gmt":"2020-11-04T15:26:33","slug":"sehit-annesi-gulten-tuzel-turkiyemiz-cennet-vatan-hic-kimse-bolemez","status":"publish","type":"post","link":"https:\/\/mersinekonomipolitikagazetesi.com\/?p=6121","title":{"rendered":"\u015eehit annesi G\u00fclten T\u00fczel: &#8220;T\u00fcrkiye&#8217;miz cennet vatan, hi\u00e7 kimse b\u00f6lemez&#8221;"},"content":{"rendered":"<div><span style=\"font-size: 12px;\">\u0130dlib \u015fehidi Mersinli \u0130brahim T\u00fczel\u2019in annesi G\u00fclten T\u00fczel, \u015fehitler an\u0131s\u0131na ger\u00e7ekle\u015ftirilen fidan dikim etkinli\u011finde yapt\u0131\u011f\u0131 konu\u015fmada,&#8221;Bizim T\u00fcrkiye&#8217;miz cennet vatan, hi\u00e7 kimse b\u00f6lemez&#8221; dedi.\u00a0 \u00a0<\/span><\/div>\n<div><span style=\"font-size: 12px;\">\u00a0 Erdemli Kaymakaml\u0131\u011f\u0131 ve Erdemli Belediyesi i\u015fbirli\u011finde bal\u0131k\u00e7\u0131 bar\u0131na\u011f\u0131 \u00e7evresindeki parka 36 \u0130dlib \u015fehidi ad\u0131na 36 fidan\u0131 toprakla bulu\u015fturdu. Etkinli\u011fe Mersinli \u015fehit \u0130brahim T\u00fczel\u2019in ailesi de kat\u0131ld\u0131. T\u00fczel ailesi \u015fehit o\u011fullar\u0131 ad\u0131na fidan dikti.\u00a0<\/span><\/div>\n<div><span style=\"font-size: 12px;\">\u00a0<\/span><\/div>\n<div><span style=\"font-size: 12px;\">\u00a0 &#8220;A\u011flamayaca\u011f\u0131m, kahrolsun d\u00fc\u015fmanlar&#8221;\u00a0<\/span><\/div>\n<div><span style=\"font-size: 12px;\">\u00a0 Fidan dikiminin ard\u0131ndan konu\u015fan \u015fehit annesi G\u00fclten T\u00fczel, &#8220;Devlet b\u00fcy\u00fcklerimizden, askerimizden, polisimizden Allah raz\u0131 olsun. Benim evlad\u0131m \u015fehit oldu. Ac\u0131m\u0131z\u0131 i\u00e7imize g\u00f6m\u00fcyoruz. Dik durmam\u0131z laz\u0131m, beraber olma zaman\u0131. Allah&#8217;\u0131m devletimize g\u00fc\u00e7 kuvvet versin. Bizim T\u00fcrkiye&#8217;miz cennet vatan, hi\u00e7 kimse b\u00f6lemez. Bizim evlatlar\u0131m\u0131z cesur. 3 tane daha o\u011flum var, hepsi de gidebilir. Hi\u00e7 g\u00f6z\u00fcm\u00fc k\u0131rpmam. A\u011flamayaca\u011f\u0131m, kahrolsun d\u00fc\u015fmanlar&#8221; dedi.\u00a0<\/span><\/div>\n<div><span style=\"font-size: 12px;\">\u00a0 Duygulu anlar ya\u015fayan \u015fehit babas\u0131 \u015euayip T\u00fczel de, &#8220;Milletimiz, vatan\u0131m\u0131z sa\u011f olsun. Benim 3 o\u011flum daha var. \u00dc\u00e7\u00fcn\u00fc de feda ederim, kendimi de&#8221; diye konu\u015ftu.\u00a0<\/span><\/div>\n<div><span style=\"font-size: 12px;\">\u00a0<\/span><\/div>\n<div><span style=\"font-size: 12px;\">\u00a0 &#8220;K\u0131yamete kadar adlar\u0131n\u0131 ya\u015fataca\u011f\u0131z&#8221;\u00a0<\/span><\/div>\n<div><span style=\"font-size: 12px;\">\u00a0 Erdemli Belediye Ba\u015fkan\u0131 M\u00fckerrem Tollu da, &#8220;Bu \u00fclkenin bekas\u0131 i\u00e7in, bu \u00fclkenin gelece\u011fi i\u00e7in bu \u00fclkenin \u00f6zg\u00fcr ya\u015famas\u0131 i\u00e7in kanlar\u0131n\u0131, canlar\u0131n\u0131 veren \u015fehitlerimizi yad etmek ad\u0131na onlar\u0131 in\u015fallah k\u0131yamete kadar adlar\u0131n\u0131 burada korumak ad\u0131na, Erdemli sahilinde \u0130dlib\u2019de verdi\u011fimiz \u015fehitlerimizin tamam\u0131 i\u00e7in birer fidan dikiyoruz&#8221; dedi.\u00a0<\/span><\/div>\n<div><span style=\"font-size: 12px;\">\u00a0 Tollu, fidan dikimine Afrin \u015fehidi Piyade Astsubay \u00dcst\u00e7avu\u015f Musa \u00d6zalkan\u2019\u0131n vasiyeti \u00fczerine belediye taraf\u0131ndan yapt\u0131r\u0131lan ve \u015fehidin ismini ta\u015f\u0131yan kre\u015fte e\u011fitim g\u00f6ren minik \u00f6\u011frencilerin de kat\u0131ld\u0131\u011f\u0131n\u0131 ifade etti. Ba\u015fkan Tollu, &#8220;Cenab\u0131 Hak sab\u0131rlar versin, hepimiz \u0130dlib \u015fehitleri i\u00e7in \u00e7ok \u00fcz\u00fcld\u00fck. Hepimiz ac\u0131m\u0131z\u0131 y\u00fcre\u011fimize g\u00f6md\u00fck. Bu \u00fclke i\u00e7in hepimiz hi\u00e7bir fedakarl\u0131ktan ka\u00e7\u0131nmay\u0131z. Ben b\u00fct\u00fcn \u015fehitlerimize Cenab\u0131 Hak\u2019tan bir kez daha rahmet diliyorum. Cenab\u0131 Hak bizi onlar\u0131n \u015fefaatinden mahrum eylemesin. \u015eehidimizin ailesine sab\u0131r ve metanet diliyorum. Her kula nasip olmayan bir \u015ferefe nail oldular. O \u015feref bizim i\u00e7in de Erdemli i\u00e7in de \u00fclkemiz i\u00e7in de bir \u015feref payesi olarak k\u0131yamete kadar ya\u015fayacak&#8221; diye konu\u015ftu.\u00a0<\/span><\/div>\n<div><span style=\"font-size: 12px;\">\u00a0 Fidan dikimine Erdemli Kaymakam\u0131 Avni Kula, \u0130l\u00e7e Jandarma Komutan\u0131 Jandarma Binba\u015f\u0131 Erhan Erdo\u011fan, Emniyet M\u00fcd\u00fcr\u00fc Ahmet \u015eahing\u00f6zl\u00fc, \u015fehidin ikizi Uzman Onba\u015f\u0131 Kas\u0131m T\u00fczel ile a\u011fabeyi Muhammet T\u00fczel, \u00f6\u011fretmenler ve minik \u00f6\u011frenciler kat\u0131ld\u0131.\u00a0<\/span><\/div>\n","protected":false},"excerpt":{"rendered":"<p>\u0130dlib \u015fehidi Mersinli \u0130brahim T\u00fczel\u2019in annesi G\u00fclten T\u00fczel, \u015fehitler an\u0131s\u0131na ger\u00e7ekle\u015ftirilen fidan dikim etkinli\u011finde yapt\u0131\u011f\u0131 konu\u015fmada,&#8221;Bizim T\u00fcrkiye&#8217;miz cennet vatan, hi\u00e7 kimse b\u00f6lemez&#8221; dedi.\u00a0 \u00a0 \u00a0 Erdemli Kaymakaml\u0131\u011f\u0131 ve Erdemli Belediyesi &hellip; <a href=\"https:\/\/mersinekonomipolitikagazetesi.com\/?p=6121\" class=\"more-link\">Devam\u0131n\u0131 Oku&#8230;<\/a><\/p>\n","protected":false},"author":1,"featured_media":0,"comment_status":"open","ping_status":"open","sticky":false,"template":"","format":"standard","meta":[],"categories":[],"tags":[],"_links":{"self":[{"href":"https:\/\/mersinekonomipolitikagazetesi.com\/index.php?rest_route=\/wp\/v2\/posts\/6121"}],"collection":[{"href":"https:\/\/mersinekonomipolitikagazetesi.com\/index.php?rest_route=\/wp\/v2\/posts"}],"about":[{"href":"https:\/\/mersinekonomipolitikagazetesi.com\/index.php?rest_route=\/wp\/v2\/types\/post"}],"author":[{"embeddable":true,"href":"https:\/\/mersinekonomipolitikagazetesi.com\/index.php?rest_route=\/wp\/v2\/users\/1"}],"replies":[{"embeddable":true,"href":"https:\/\/mersinekonomipolitikagazetesi.com\/index.php?rest_route=%2Fwp%2Fv2%2Fcomments&post=6121"}],"version-history":[{"count":0,"href":"https:\/\/mersinekonomipolitikagazetesi.com\/index.php?rest_route=\/wp\/v2\/posts\/6121\/revisions"}],"wp:attachment":[{"href":"https:\/\/mersinekonomipolitikagazetesi.com\/index.php?rest_route=%2Fwp%2Fv2%2Fmedia&parent=6121"}],"wp:term":[{"taxonomy":"category","embeddable":true,"href":"https:\/\/mersinekonomipolitikagazetesi.com\/index.php?rest_route=%2Fwp%2Fv2%2Fcategories&post=6121"},{"taxonomy":"post_tag","embeddable":true,"href":"https:\/\/mersinekonomipolitikagazetesi.com\/index.php?rest_route=%2Fwp%2Fv2%2Ftags&post=6121"}],"curies":[{"name":"wp","href":"https:\/\/api.w.org\/{rel}","templated":true}]}}