{"id":6123,"date":"2020-11-04T18:26:33","date_gmt":"2020-11-04T15:26:33","guid":{"rendered":"http:\/\/mersinekonomipolitikagazetesi.com\/?p=6123"},"modified":"2020-11-04T18:26:33","modified_gmt":"2020-11-04T15:26:33","slug":"sahile-nesli-tehlikede-olan-kum-zambagi-ekildi","status":"publish","type":"post","link":"https:\/\/mersinekonomipolitikagazetesi.com\/?p=6123","title":{"rendered":"Sahile nesli tehlikede olan kum zamba\u011f\u0131 ekildi"},"content":{"rendered":"<div><span style=\"font-size: 12px;\">Mersin\u2019in Erdemli il\u00e7esinde, nesli tehlikede olan ve koruma alt\u0131nda bulunan kum zambaklar\u0131n\u0131n yayg\u0131nla\u015fmas\u0131 i\u00e7in haz\u0131rlanan proje kapsam\u0131nda sahile bin adet kum zamba\u011f\u0131 ekimi yap\u0131ld\u0131.\u00a0 \u00a0<\/span><\/div>\n<div><span style=\"font-size: 12px;\">\u00a0 Do\u011fa Koruma ve Milli Parklar Genel M\u00fcd\u00fcrl\u00fc\u011f\u00fc ile Erdemli \u0130l\u00e7e Milli E\u011fitim M\u00fcd\u00fcrl\u00fc\u011f\u00fc taraf\u0131ndan haz\u0131rlanan \u201cKum zamba\u011f\u0131\u201d projesi kapsam\u0131nda, Erdemli Talat G\u00f6ktepe Milli Park\u0131 sahilinde\u00a0 d\u00fcnya genelinde koruma alt\u0131nda bulunan bitkinin ekimi yap\u0131ld\u0131.\u00a0<\/span><\/div>\n<div><span style=\"font-size: 12px;\">\u00a0 Tohum ekim etkinli\u011fine; Erdemli Kaymakam\u0131 Avni Kula, Erdemli Belediye Ba\u015fkan\u0131 M\u00fckerrem Tollu, Erdemli \u0130l\u00e7e Milli E\u011fitim M\u00fcd\u00fcr\u00fc Yusuf A\u00e7\u0131ky\u00f6r\u00fck, Do\u011fa Koruma ve Milli Parklar Erdemli \u015eefi Mevl\u00fct \u00c7etin ve 100 \u00f6\u011frenci kat\u0131ld\u0131.\u00a0<\/span><\/div>\n<div><span style=\"font-size: 12px;\">\u00a0 Erdemli protokol\u00fc ile birlikte \u00f6\u011frenciler sahilde kum zamba\u011f\u0131 tohumlar\u0131n\u0131 kumlara ekerek, kum zambaklar\u0131n\u0131n \u00e7o\u011falmas\u0131 i\u00e7in katk\u0131da bulundu.\u00a0<\/span><\/div>\n<div><span style=\"font-size: 12px;\">\u00a0 Do\u011fa Koruma ve Milli Parklar Erdemli \u015eefi Mevl\u00fct \u00c7etin, &#8220;Bug\u00fcn Do\u011fa Koruma ve Milli Parklar Genel M\u00fcd\u00fcrl\u00fc\u011f\u00fcm\u00fcz ile Erdemli \u0130l\u00e7e Milli E\u011fitim M\u00fcd\u00fcrl\u00fc\u011f\u00fcm\u00fcz taraf\u0131ndan haz\u0131rlanan \u201c kum zamba\u011f\u0131\u201d projesi kapsam\u0131nda nesli t\u00fckenme tehlikesi alt\u0131nda olan ve D\u00fcnya Do\u011fa Koruma Birli\u011fi taraf\u0131ndan koruma alt\u0131na al\u0131nan kum zamba\u011f\u0131 ekimi ger\u00e7ekle\u015ftirdik&#8221; dedi.\u00a0<\/span><\/div>\n<div><span style=\"font-size: 12px;\">\u00a0 \u00c7etin, &#8220;Nergizgiller familyas\u0131ndan bin adet kum zamba\u011f\u0131n\u0131 kumla bulu\u015fturduk. Bu bitkinin nesli tehlikededir. Kum zamba\u011f\u0131n\u0131 koparman\u0131n cezas\u0131 60 bin lirad\u0131r. Tabiat parklar\u0131nda ise bu ceza iki kat\u0131na \u00e7\u0131kmaktad\u0131r ve cezas\u0131 120 bin liraya \u00e7\u0131kmaktad\u0131r&#8221; diye konu\u015ftu.\u00a0<\/span><\/div>\n<div><span style=\"font-size: 12px;\">\u00a0 Erdemli Belediye Ba\u015fkan\u0131 M\u00fckerrem Tollu da, her yerde olmayan kum zambaklar\u0131n\u0131n \u00e7o\u011falmas\u0131 i\u00e7in \u00f6\u011frencilerle birlikte etkinli\u011fe kat\u0131ld\u0131klar\u0131n\u0131 belirterek, T\u00fcrkiye&#8217;de bir ilk olan deniz ve orman okulunun bir\u00e7ok ba\u015far\u0131l\u0131 etkinli\u011fi ger\u00e7ekle\u015ftirdi\u011fini, bir\u00e7ok konuda da fark\u0131ndal\u0131k olu\u015fturdu\u011funu s\u00f6yledi.\u00a0<\/span><\/div>\n<div><span style=\"font-size: 12px;\">\u00a0 Tollu, &#8220;Erdemli Milli E\u011fitim M\u00fcd\u00fcrl\u00fc\u011f\u00fc burada bir ilki ger\u00e7ekle\u015ftiriyor. \u00dclkemizde ilk defa deniz ve orman okulunu burada olu\u015fturdular. Erdemlimizin en g\u00fczel k\u00f6\u015fesinde bu okulumuzun olmas\u0131 da do\u011faya, denize, \u00e7evreye verilen \u00f6nemin bir g\u00f6stergesi olsa gerek&#8221; \u015feklinde konu\u015ftu.\u00a0<\/span><\/div>\n<div><span style=\"font-size: 12px;\">\u00a0 Konu\u015fmalar\u0131n ard\u0131ndan protokol \u00fcyeleri ve \u00f6\u011frenciler kum zamba\u011f\u0131 tohumlar\u0131n\u0131 ekti.\u00a0<\/span><\/div>\n","protected":false},"excerpt":{"rendered":"<p>Mersin\u2019in Erdemli il\u00e7esinde, nesli tehlikede olan ve koruma alt\u0131nda bulunan kum zambaklar\u0131n\u0131n yayg\u0131nla\u015fmas\u0131 i\u00e7in haz\u0131rlanan proje kapsam\u0131nda sahile bin adet kum zamba\u011f\u0131 ekimi yap\u0131ld\u0131.\u00a0 \u00a0 \u00a0 Do\u011fa Koruma ve Milli &hellip; <a href=\"https:\/\/mersinekonomipolitikagazetesi.com\/?p=6123\" class=\"more-link\">Devam\u0131n\u0131 Oku&#8230;<\/a><\/p>\n","protected":false},"author":1,"featured_media":0,"comment_status":"open","ping_status":"open","sticky":false,"template":"","format":"standard","meta":[],"categories":[],"tags":[],"_links":{"self":[{"href":"https:\/\/mersinekonomipolitikagazetesi.com\/index.php?rest_route=\/wp\/v2\/posts\/6123"}],"collection":[{"href":"https:\/\/mersinekonomipolitikagazetesi.com\/index.php?rest_route=\/wp\/v2\/posts"}],"about":[{"href":"https:\/\/mersinekonomipolitikagazetesi.com\/index.php?rest_route=\/wp\/v2\/types\/post"}],"author":[{"embeddable":true,"href":"https:\/\/mersinekonomipolitikagazetesi.com\/index.php?rest_route=\/wp\/v2\/users\/1"}],"replies":[{"embeddable":true,"href":"https:\/\/mersinekonomipolitikagazetesi.com\/index.php?rest_route=%2Fwp%2Fv2%2Fcomments&post=6123"}],"version-history":[{"count":0,"href":"https:\/\/mersinekonomipolitikagazetesi.com\/index.php?rest_route=\/wp\/v2\/posts\/6123\/revisions"}],"wp:attachment":[{"href":"https:\/\/mersinekonomipolitikagazetesi.com\/index.php?rest_route=%2Fwp%2Fv2%2Fmedia&parent=6123"}],"wp:term":[{"taxonomy":"category","embeddable":true,"href":"https:\/\/mersinekonomipolitikagazetesi.com\/index.php?rest_route=%2Fwp%2Fv2%2Fcategories&post=6123"},{"taxonomy":"post_tag","embeddable":true,"href":"https:\/\/mersinekonomipolitikagazetesi.com\/index.php?rest_route=%2Fwp%2Fv2%2Ftags&post=6123"}],"curies":[{"name":"wp","href":"https:\/\/api.w.org\/{rel}","templated":true}]}}