{"id":6130,"date":"2020-11-04T18:26:34","date_gmt":"2020-11-04T15:26:34","guid":{"rendered":"http:\/\/mersinekonomipolitikagazetesi.com\/?p=6130"},"modified":"2020-11-04T18:26:34","modified_gmt":"2020-11-04T15:26:34","slug":"kilavuzdan-yerli-muz-ureticilerine-mujde","status":"publish","type":"post","link":"https:\/\/mersinekonomipolitikagazetesi.com\/?p=6130","title":{"rendered":"KILAVUZ&#8217;DAN YERL\u0130 MUZ \u00dcRET\u0130C\u0130LER\u0130NE M\u00dcJDE"},"content":{"rendered":"<div style=\"position: relative; min-height: 100%;\">\n<div class=\"nH\" style=\"width: 1920px;\">\n<div class=\"nH\" style=\"position: relative;\">\n<div class=\"nH bkL\">\n<div class=\"no\" style=\"display: flex; width: 1920px;\">\n<div class=\"nH bkK nn\" style=\"min-height: 1px; overflow: hidden; width: 1677px;\">\n<div class=\"nH\">\n<div class=\"nH\">\n<div class=\"nH ar4 z\">\n<div class=\"AO\" style=\"position: relative;\">\n<div class=\"Tm aeJ\" id=\":3\" style=\"background-image: initial; background-position: initial; background-size: initial; background-repeat: initial; background-attachment: initial; background-origin: initial; background-clip: initial; overflow-y: scroll; padding-right: 0px; height: 776px;\">\n<div class=\"aeF\" id=\":1\" style=\"padding: 0px; vertical-align: bottom; min-height: 586px;\">\n<div class=\"nH\">\n<div class=\"nH\" role=\"main\">\n<div class=\"nH g\">\n<table cellpadding=\"0\" class=\"Bs nH iY bAt\" role=\"presentation\" style=\"position: static !important; border-spacing: 0px; padding: 0px; border-collapse: collapse; width: 1592px; display: block;\">\n<tbody>\n<tr>\n<td class=\"Bu bAn\" style=\"font-family: Roboto, RobotoDraft, Helvetica, Arial, sans-serif; margin: 0px; vertical-align: top; padding: 0px; display: block; background-image: initial; background-position: initial; background-size: initial; background-repeat: initial; background-attachment: initial; background-origin: initial; background-clip: initial;\">\n<div class=\"nH if\" style=\"margin: 0px 16px 0px 0px; padding: 0px;\">\n<div class=\"nH aHU\" style=\"position: relative;\">\n<div class=\"nH hx\" style=\"background-color: transparent; color: rgb(34, 34, 34); min-width: 502px; padding: 0px;\">\n<div class=\"nH\" jslog=\"20686; u014N:xr6bB\" role=\"list\">\n<div class=\"h7 ie nH oy8Mbf\" role=\"listitem\" style=\"clear: both; padding-bottom: 0px; max-width: 100000px; outline: none;\" tabindex=\"-1\">\n<div class=\"Bk\" style=\"position: relative; margin-bottom: 0px; border-width: 0px; border-top-style: solid; border-right-style: initial; border-bottom-style: initial; border-left-style: initial; border-top-color: rgb(239, 239, 239); border-right-color: initial; border-left-color: initial; border-image: initial; border-bottom-color: initial; border-radius: 0px; width: 1576px;\">\n<div class=\"G3 G2\" style=\"padding-top: 0px; background-color: transparent; border-right: 0px; border-bottom: 0px rgba(100, 121, 143, 0.12); border-left: 0px; border-image: initial; border-top: none; border-radius: 0px; margin-bottom: 0px; margin-left: 0px; margin-right: 0px;\">\n<div id=\":my\">\n<div class=\"adn ads\" data-legacy-message-id=\"170c93812f075970\" data-message-id=\"#msg-f:1660864545641945456\" style=\"border-left: none; padding: 0px; display: flex;\">\n<div class=\"gs\" style=\"margin: 0px; padding: 0px 0px 20px; width: 1504px;\">\n<div>\n<div class=\"ii gt\" id=\":n1\" style=\"font-size: 0.875rem; direction: ltr; margin: 8px 0px 0px; padding: 0px; position: relative;\">\n<div class=\"a3s aXjCH \" id=\":n0\" style=\"overflow: hidden; font-variant-numeric: normal; font-variant-east-asian: normal; font-stretch: normal; font-size: small; line-height: 1.5; font-family: Arial, Helvetica, sans-serif;\">\n<div dir=\"auto\">\n<blockquote style=\"font-family: Arial, Helvetica, sans-serif; font-style: normal;\" type=\"cite\">\n<div dir=\"ltr\">\n<div dir=\"auto\">\n<div dir=\"auto\">\u00a0<\/div>\n<div dir=\"auto\">\u00a0<\/div>\n<div dir=\"auto\">\u00a0<\/div>\n<p>\t\t\tMHP&#8217;li vekil Olcay K\u0131lavuz&#8217;un g\u00fcndeme getirdi\u011fi, Mersin Liman\u0131\u2019nda bekleyen 50 bin ton muzun i\u00e7 piyasaya s\u00fcr\u00fclmemesi i\u00e7in \u00e7al\u0131\u015fma ba\u015flat\u0131ld\u0131.\u00a0 Ticaret Bakan\u0131 Pekcan, ma\u011fduriyetin giderilece\u011fini belirtti.\u00a0<\/p>\n<div dir=\"auto\">\u00a0<\/div>\n<div dir=\"auto\">\n<div dir=\"auto\">\u00a0<\/div>\n<div dir=\"auto\">MHP Mersin Milletvekili Olcay K\u0131lavuz, Mersin Liman\u0131\u2019na getirilen 50 bin ton muzun, Korona vir\u00fcs\u00fcnden dolay\u0131 T\u00fcrkiye\u2019de kal\u0131p i\u00e7 piyasaya s\u00fcr\u00fclmemesi i\u00e7in TBMM\u2019de konuyu g\u00fcndeme getirmi\u015fti. Olcay K\u0131lavuz, Ticaret Bakan\u0131 Ruhsar Pekcan ile t\u00fcccarlar vas\u0131tas\u0131yla farkl\u0131 \u00fclkelerden getirilip Suriye, Irak ve \u0130ran\u2019a g\u00f6nderilmek \u00fczere Mersin Liman\u0131nda tutulan 700 konteyner muzun s\u0131n\u0131r kap\u0131lar\u0131n\u0131n kapal\u0131 olmas\u0131ndan dolay\u0131 i\u00e7 piyasaya s\u00fcr\u00fclmesinin yerli muz \u00fcreticilerini ve muz piyasas\u0131n\u0131 olumsuz etkilememesi ad\u0131na bir g\u00f6r\u00fc\u015fme ger\u00e7ekle\u015ftirdi. G\u00f6r\u00fc\u015fmede; transit ge\u00e7i\u015fin olmamas\u0131 sonucunda i\u00e7 piyasaya s\u00fcr\u00fclme durumunun ya\u015fanmas\u0131 halinde muz fiyatlar\u0131nda ya\u015fanacak dalgalanman\u0131n \u00fcreticileri zarara u\u011frataca\u011f\u0131 konusu \u00fczerinde duruldu.<\/div>\n<\/p><\/div>\n<\/p><\/div>\n<\/p><\/div>\n<\/blockquote>\n<blockquote style=\"font-family: Arial, Helvetica, sans-serif; font-style: normal;\" type=\"cite\">\n<div dir=\"ltr\">\n<div dir=\"auto\">\n<div dir=\"auto\">\n<div dir=\"auto\">Ticaret Bakan\u0131 Pekcan ger\u00e7ekle\u015ftirilen g\u00f6r\u00fc\u015fmede konuyla ilgili olarak \u00f6n\u00fcm\u00fczdeki g\u00fcnlerde Mersin Liman\u0131nda tutulan muzlar\u0131n s\u0131n\u0131r kap\u0131lar\u0131ndan ge\u00e7irilece\u011fine dair \u00e7al\u0131\u015fma yap\u0131laca\u011f\u0131n\u0131 ve yerli muz \u00fcreticilerinin ma\u011fduriyetlerinin giderilece\u011fini bildirdi.<\/div>\n<\/p><\/div>\n<\/p><\/div>\n<\/p><\/div>\n<\/blockquote><\/div>\n<\/p><\/div>\n<\/p><\/div>\n<\/p><\/div>\n<\/p><\/div>\n<\/p><\/div>\n<\/p><\/div>\n<\/p><\/div>\n<\/p><\/div>\n<\/p><\/div>\n<\/p><\/div>\n<\/p><\/div>\n<\/p><\/div>\n<\/p><\/div>\n<\/td>\n<\/tr>\n<\/tbody>\n<\/table>\n<\/div>\n<\/div>\n<\/div>\n<\/div>\n<\/div>\n<\/div>\n<\/div>\n<\/div>\n<\/div>\n<\/div>\n<\/div>\n<\/div>\n<\/div>\n<\/div>\n<\/div>\n","protected":false},"excerpt":{"rendered":"<p>\u00a0 \u00a0 \u00a0 MHP&#8217;li vekil Olcay K\u0131lavuz&#8217;un g\u00fcndeme getirdi\u011fi, Mersin Liman\u0131\u2019nda bekleyen 50 bin ton muzun i\u00e7 piyasaya s\u00fcr\u00fclmemesi i\u00e7in \u00e7al\u0131\u015fma ba\u015flat\u0131ld\u0131.\u00a0 Ticaret Bakan\u0131 Pekcan, ma\u011fduriyetin giderilece\u011fini belirtti.\u00a0 \u00a0 \u00a0 &hellip; <a href=\"https:\/\/mersinekonomipolitikagazetesi.com\/?p=6130\" class=\"more-link\">Devam\u0131n\u0131 Oku&#8230;<\/a><\/p>\n","protected":false},"author":1,"featured_media":0,"comment_status":"open","ping_status":"open","sticky":false,"template":"","format":"standard","meta":[],"categories":[],"tags":[],"_links":{"self":[{"href":"https:\/\/mersinekonomipolitikagazetesi.com\/index.php?rest_route=\/wp\/v2\/posts\/6130"}],"collection":[{"href":"https:\/\/mersinekonomipolitikagazetesi.com\/index.php?rest_route=\/wp\/v2\/posts"}],"about":[{"href":"https:\/\/mersinekonomipolitikagazetesi.com\/index.php?rest_route=\/wp\/v2\/types\/post"}],"author":[{"embeddable":true,"href":"https:\/\/mersinekonomipolitikagazetesi.com\/index.php?rest_route=\/wp\/v2\/users\/1"}],"replies":[{"embeddable":true,"href":"https:\/\/mersinekonomipolitikagazetesi.com\/index.php?rest_route=%2Fwp%2Fv2%2Fcomments&post=6130"}],"version-history":[{"count":0,"href":"https:\/\/mersinekonomipolitikagazetesi.com\/index.php?rest_route=\/wp\/v2\/posts\/6130\/revisions"}],"wp:attachment":[{"href":"https:\/\/mersinekonomipolitikagazetesi.com\/index.php?rest_route=%2Fwp%2Fv2%2Fmedia&parent=6130"}],"wp:term":[{"taxonomy":"category","embeddable":true,"href":"https:\/\/mersinekonomipolitikagazetesi.com\/index.php?rest_route=%2Fwp%2Fv2%2Fcategories&post=6130"},{"taxonomy":"post_tag","embeddable":true,"href":"https:\/\/mersinekonomipolitikagazetesi.com\/index.php?rest_route=%2Fwp%2Fv2%2Ftags&post=6130"}],"curies":[{"name":"wp","href":"https:\/\/api.w.org\/{rel}","templated":true}]}}