{"id":6131,"date":"2020-11-04T18:26:34","date_gmt":"2020-11-04T15:26:34","guid":{"rendered":"http:\/\/mersinekonomipolitikagazetesi.com\/?p=6131"},"modified":"2020-11-04T18:26:34","modified_gmt":"2020-11-04T15:26:34","slug":"mersinde-ogrencilere-deprem-tatbikati","status":"publish","type":"post","link":"https:\/\/mersinekonomipolitikagazetesi.com\/?p=6131","title":{"rendered":"Mersin&#8217;de \u00f6\u011frencilere deprem tatbikat\u0131"},"content":{"rendered":"<div><span style=\"font-size: 12px;\">Mersin B\u00fcy\u00fck\u015fehir Belediyesi, ortaokul \u00f6\u011frencileriyle deprem ve yang\u0131n tatbikat\u0131 ger\u00e7ekle\u015ftirdi. Deprem \u00f6ncesi al\u0131nmas\u0131 gereken tedbirlerin \u00f6neminin anlat\u0131ld\u0131\u011f\u0131 tatbikatta, yak\u0131n zamanda meydana gelen Elaz\u0131\u011f depremi \u00f6rne\u011fi verildi.\u00a0<\/span><\/div>\n<div><span style=\"font-size: 12px;\">\u00a0 B\u00fcy\u00fck\u015fehir Belediyesi \u0130tfaiye Dairesi Ba\u015fkanl\u0131\u011f\u0131 personeli Ali Temiz\u2019in verdi\u011fi e\u011fitim \u00f6ncesi acil durum alarm\u0131 \u00e7al\u0131narak, binan\u0131n tahliye edilmesi sa\u011fland\u0131. Temiz, verdi\u011fi e\u011fitimde Elaz\u0131\u011f, Van ve Marmara depremlerine de\u011findi. Deprem \u00f6ncesi al\u0131nmas\u0131 gereken tedbirlerin hayat kurtard\u0131\u011f\u0131n\u0131 belirten Temiz, olay\u0131n ya\u015fand\u0131\u011f\u0131 s\u0131rada i\u00e7inde bulunulan binan\u0131n ko\u015fmadan, seri y\u00fcr\u00fcy\u00fc\u015fle tahliye edilmesi gerekti\u011fini vurgulad\u0131. Tahliye s\u0131ras\u0131nda asans\u00f6rlerin kullan\u0131lmamas\u0131 gerekti\u011finin alt\u0131n\u0131 \u00e7izen Temiz, \u201cY\u00fcksek gerilim hatt\u0131 ve y\u00fcksek binalar\u0131n alt\u0131nda durmay\u0131n, a\u00e7\u0131k alanda bekleyin. Yetkililerden gelen bilgiler do\u011frultusunda hareket edin\u201d dedi.\u00a0<\/span><\/div>\n<div><span style=\"font-size: 12px;\">\u00a0 Deprem \u00f6ncesi al\u0131nmas\u0131 gereken tedbirlerin ba\u015f\u0131nda, ki\u015filerin ya\u015fam alanlar\u0131ndaki e\u015fyalar\u0131n risk fakt\u00f6rlerinin giderilmesi gerekti\u011fini ifade eden Temiz, evdeki dolaplar\u0131n duvara monteli olmas\u0131 gerekti\u011fini belirtirken, kesici ve a\u011f\u0131r e\u015fyalar\u0131n dolaplar\u0131n alt raflar\u0131na yerle\u015ftirilerek, ya\u015fanabilecek olumsuzluklar\u0131n azalt\u0131labilece\u011fini s\u00f6yledi. Temiz, ayr\u0131ca sivri hatlar\u0131 bulunan avizelerin deprem s\u0131ras\u0131nda b\u00fcy\u00fck tehlike sa\u00e7t\u0131\u011f\u0131n\u0131 vurgulad\u0131.\u00a0<\/span><\/div>\n<div><span style=\"font-size: 12px;\">\u00a0 \u00d6\u011frencilerden S\u0131la Abiha ise tatbikat\u0131n faydal\u0131 oldu\u011funu vurgulayarak, &#8220;Biz dersteyken birden alarm \u00e7ald\u0131 ve \u00f6\u011fretmenlerimiz iki kap\u0131ya ayr\u0131lan okulumuzda 8. ve 7. s\u0131n\u0131flar\u0131n bir kap\u0131dan, 5. ve 6. s\u0131n\u0131flar\u0131n da di\u011fer kap\u0131dan \u00e7\u0131kmas\u0131n\u0131 istedi. D\u0131\u015far\u0131 \u00e7\u0131k\u0131nca s\u0131raya girmemiz istendi. Deprem tedbirleriyle ilgili bilgiler verdiler. Ya\u015fam \u00fc\u00e7geni olu\u015fturmam\u0131z\u0131, kafam\u0131z\u0131 korumam\u0131z\u0131 ve belli a\u011f\u0131r e\u015fyalar\u0131 y\u00fcksek raflara koymamam\u0131z i\u00e7in ailelerimizi bilgilendirmemizi istediler. Baya\u011f\u0131 bilgilendik&#8221; \u015feklinde konu\u015ftu.\u00a0<\/span><\/div>\n<div><span style=\"font-size: 12px;\">\u00a0 Arda Deniz Ko\u00e7 isimli \u00f6\u011frenci de tatbikattan kazand\u0131\u011f\u0131 deneyimlerden bahsederek, \u201cDeprem oldu\u011funda ne yapmam\u0131z gerekti\u011fini \u00f6\u011frendik. \u00d6rne\u011fin; deprem oldu\u011funda s\u0131ram\u0131z\u0131n alt\u0131na girebilece\u011fimizi, deprem an\u0131nda d\u0131\u015far\u0131 \u00e7\u0131kabilece\u011fimizi, ancak ko\u015fmayaca\u011f\u0131m\u0131z\u0131 \u00f6\u011frendik. Avrupa\u2019da biliniyor ama T\u00fcrkiye\u2019de de bunlar\u0131n bilinmesi laz\u0131m. Bunu da itfaiyeciler sa\u011f olsunlar \u00f6\u011fretiyor&#8221; diye konu\u015ftu.\u00a0<\/span><\/div>\n","protected":false},"excerpt":{"rendered":"<p>Mersin B\u00fcy\u00fck\u015fehir Belediyesi, ortaokul \u00f6\u011frencileriyle deprem ve yang\u0131n tatbikat\u0131 ger\u00e7ekle\u015ftirdi. Deprem \u00f6ncesi al\u0131nmas\u0131 gereken tedbirlerin \u00f6neminin anlat\u0131ld\u0131\u011f\u0131 tatbikatta, yak\u0131n zamanda meydana gelen Elaz\u0131\u011f depremi \u00f6rne\u011fi verildi.\u00a0 \u00a0 B\u00fcy\u00fck\u015fehir Belediyesi \u0130tfaiye &hellip; <a href=\"https:\/\/mersinekonomipolitikagazetesi.com\/?p=6131\" class=\"more-link\">Devam\u0131n\u0131 Oku&#8230;<\/a><\/p>\n","protected":false},"author":1,"featured_media":0,"comment_status":"open","ping_status":"open","sticky":false,"template":"","format":"standard","meta":[],"categories":[],"tags":[],"_links":{"self":[{"href":"https:\/\/mersinekonomipolitikagazetesi.com\/index.php?rest_route=\/wp\/v2\/posts\/6131"}],"collection":[{"href":"https:\/\/mersinekonomipolitikagazetesi.com\/index.php?rest_route=\/wp\/v2\/posts"}],"about":[{"href":"https:\/\/mersinekonomipolitikagazetesi.com\/index.php?rest_route=\/wp\/v2\/types\/post"}],"author":[{"embeddable":true,"href":"https:\/\/mersinekonomipolitikagazetesi.com\/index.php?rest_route=\/wp\/v2\/users\/1"}],"replies":[{"embeddable":true,"href":"https:\/\/mersinekonomipolitikagazetesi.com\/index.php?rest_route=%2Fwp%2Fv2%2Fcomments&post=6131"}],"version-history":[{"count":0,"href":"https:\/\/mersinekonomipolitikagazetesi.com\/index.php?rest_route=\/wp\/v2\/posts\/6131\/revisions"}],"wp:attachment":[{"href":"https:\/\/mersinekonomipolitikagazetesi.com\/index.php?rest_route=%2Fwp%2Fv2%2Fmedia&parent=6131"}],"wp:term":[{"taxonomy":"category","embeddable":true,"href":"https:\/\/mersinekonomipolitikagazetesi.com\/index.php?rest_route=%2Fwp%2Fv2%2Fcategories&post=6131"},{"taxonomy":"post_tag","embeddable":true,"href":"https:\/\/mersinekonomipolitikagazetesi.com\/index.php?rest_route=%2Fwp%2Fv2%2Ftags&post=6131"}],"curies":[{"name":"wp","href":"https:\/\/api.w.org\/{rel}","templated":true}]}}