{"id":6133,"date":"2020-11-04T18:26:34","date_gmt":"2020-11-04T15:26:34","guid":{"rendered":"http:\/\/mersinekonomipolitikagazetesi.com\/?p=6133"},"modified":"2020-11-04T18:26:34","modified_gmt":"2020-11-04T15:26:34","slug":"yesilbogaz-agac-katliamini-yapanin-tek-kisi-olmadigini-hepimiz-biliyorduk","status":"publish","type":"post","link":"https:\/\/mersinekonomipolitikagazetesi.com\/?p=6133","title":{"rendered":"Ye\u015filbo\u011faz: &#8220;A\u011fa\u00e7 katliam\u0131n\u0131 yapan\u0131n tek ki\u015fi olmad\u0131\u011f\u0131n\u0131 hepimiz biliyorduk&#8221;"},"content":{"rendered":"<div><span style=\"font-size: 12px;\">Mersin Barosu Ba\u015fkan\u0131 Bilgin Ye\u015filbo\u011faz, Eski Mezitli&#8217;de ge\u00e7ti\u011fimiz y\u0131l kas\u0131m ay\u0131nda ya\u015fanan a\u011fa\u00e7 katliam\u0131na ili\u015fkin 4 \u015f\u00fcphelinin daha g\u00f6zalt\u0131na al\u0131nmas\u0131yla ilgili yapt\u0131\u011f\u0131 a\u00e7\u0131klamada, &#8220;Yapan\u0131n bir ki\u015fi olmad\u0131\u011f\u0131n\u0131 hepimiz biliyorduk. Burada \u00f6nemli olan kamuca s\u0131k\u0131 takip ve duyarl\u0131 vatanda\u015flar\u0131n su\u00e7u bildirmi\u015f olmalar\u0131d\u0131r&#8221; dedi.\u00a0 \u00a0<\/span><\/div>\n<div><span style=\"font-size: 12px;\">\u00a0 Ye\u015filbo\u011faz, yapt\u0131\u011f\u0131 yaz\u0131l\u0131 a\u00e7\u0131klamada, Mezitli orman alan\u0131nda daha \u00f6nce yap\u0131lan a\u011fa\u00e7 katliam\u0131na ili\u015fkin yapt\u0131klar\u0131 giri\u015fimler neticesinde ilgili \u015fahs\u0131n tutukland\u0131\u011f\u0131n\u0131 hat\u0131rlatarak, &#8220;Kamuoyunun da \u00e7ok ciddi bir bask\u0131s\u0131 takibi vard\u0131. \u0130lgili yerlerle g\u00f6r\u00fc\u015fmemiz neticesinde, bu i\u015fin \u00fczerine gidilece\u011fi, faillerinin mutlaka cezaland\u0131r\u0131laca\u011f\u0131 ve elimizden giden orman arazisinin tekrar orman vasf\u0131na kavu\u015fturulaca\u011f\u0131 s\u00f6ylenmi\u015fti. Ancak daha sonra mahkeme taraf\u0131ndan tutuklu \u015fah\u0131s, tek ba\u015f\u0131na bu i\u015fi yapmas\u0131 m\u00fcmk\u00fcn olmad\u0131\u011f\u0131n\u0131 iddia etmemize ra\u011fmen, tek ki\u015fi oldu\u011funu iddia eden \u015fah\u0131s bir anda serbest b\u0131rak\u0131lm\u0131\u015f, tutuksuz yarg\u0131lanmas\u0131na karar verilmi\u015fti. Bu konuda da kamuoyunda tepkimizi g\u00f6stermi\u015ftik. Bizi sevindiren gerek baro olarak, gerekse \u00e7evre \u00f6rg\u00fctlerin ve duyarl\u0131 vatanda\u015flar\u0131m\u0131z\u0131n bu i\u015fin takibi neticesinde iki \u015f\u00fcpheli hakk\u0131nda tekrar soru\u015fturma ba\u015flam\u0131\u015ft\u0131r. Burada \u00f6nemli olan, olay\u0131n kamuca s\u0131k\u0131 takibi ve vatanda\u015flar\u0131m\u0131z\u0131n duyarl\u0131l\u0131\u011f\u0131 ile su\u00e7u bildirmeleridir&#8221; ifadelerini kulland\u0131.\u00a0<\/span><\/div>\n<div><span style=\"font-size: 12px;\">\u00a0 &#8220;Yapan\u0131n bir ki\u015fi olmad\u0131\u011f\u0131n\u0131 hepimiz biliyoruz&#8221;\u00a0<\/span><\/div>\n<div><span style=\"font-size: 12px;\">\u00a0 A\u011fa\u00e7 katliam\u0131na ili\u015fkin 4 \u015f\u00fcphelinin daha g\u00f6zalt\u0131na al\u0131nd\u0131\u011f\u0131n\u0131 hat\u0131rlatan Ye\u015filbo\u011faz, &#8220;Bu \u00e7evre bizim, bu do\u011fa bizim. Bizim oldu\u011fu kadar yar\u0131nki nesillerimizin. Bu hukuksuz eylemi ger\u00e7ekle\u015ftirenleri, herkesin kamu birimlerine mutlaka bildirmesi ve hak etti\u011fi cezay\u0131 mutlaka almas\u0131n\u0131 sa\u011flamas\u0131 gerekiyor. \u00d6n\u00fcm\u00fczde \u015fu an iki tane sorgu ifadesi var. Sorgu ifadelerinde \u015f\u00fcphelilerden bir tanesinin tutukland\u0131\u011f\u0131n\u0131 g\u00f6rd\u00fck. Bu sevindirici bir geli\u015fme. Di\u011fer \u015fah\u0131s hakk\u0131nda dava a\u00e7\u0131lacakt\u0131r ama adli kontrolle serbest b\u0131rak\u0131lm\u0131\u015ft\u0131r. Bunlar\u0131n bir iki ki\u015fi olmad\u0131\u011f\u0131n\u0131 hepimiz biliyoruz. Toplum olarak, \u00e7evreye duyarl\u0131 vatanda\u015flar ve kurumlar olarak mutlaka bu i\u015fin \u00fczerine gitmemiz gerekiyor. Yapan\u0131n yan\u0131na kar kalmad\u0131\u011f\u0131 bir adalet sistemini hep birlikte ger\u00e7ekle\u015ftirelim\u201d diye konu\u015ftu.\u00a0<\/span><\/div>\n<div><span style=\"font-size: 12px;\">\u00a0 Eski Mezitli Mahallesi&#8217;nde 22 Kas\u0131m 2019 tarihinde, 74 d\u00f6n\u00fcml\u00fck hazine arazisindeki bin 511 k\u0131z\u0131l\u00e7am a\u011fac\u0131 bir gecede kesilmi\u015f, olaya ili\u015fkin g\u00f6zalt\u0131na al\u0131nan M.\u015e. sevk edildi\u011fi mahkemece tutuklanm\u0131\u015f, ancak hakk\u0131nda a\u00e7\u0131lan davan\u0131n ilk duru\u015fmas\u0131nda &#8216;adli kontrol&#8217; kapsam\u0131nda tahliye edilmi\u015fti. Tutuksuz yarg\u0131lanan \u015f\u00fcpheli, olay\u0131 tek ba\u015f\u0131na ger\u00e7ekle\u015ftirdi\u011fini \u00f6ne s\u00fcrm\u00fc\u015ft\u00fc.\u00a0<\/span><\/div>\n","protected":false},"excerpt":{"rendered":"<p>Mersin Barosu Ba\u015fkan\u0131 Bilgin Ye\u015filbo\u011faz, Eski Mezitli&#8217;de ge\u00e7ti\u011fimiz y\u0131l kas\u0131m ay\u0131nda ya\u015fanan a\u011fa\u00e7 katliam\u0131na ili\u015fkin 4 \u015f\u00fcphelinin daha g\u00f6zalt\u0131na al\u0131nmas\u0131yla ilgili yapt\u0131\u011f\u0131 a\u00e7\u0131klamada, &#8220;Yapan\u0131n bir ki\u015fi olmad\u0131\u011f\u0131n\u0131 hepimiz biliyorduk. Burada &hellip; <a href=\"https:\/\/mersinekonomipolitikagazetesi.com\/?p=6133\" class=\"more-link\">Devam\u0131n\u0131 Oku&#8230;<\/a><\/p>\n","protected":false},"author":1,"featured_media":0,"comment_status":"open","ping_status":"open","sticky":false,"template":"","format":"standard","meta":[],"categories":[],"tags":[],"_links":{"self":[{"href":"https:\/\/mersinekonomipolitikagazetesi.com\/index.php?rest_route=\/wp\/v2\/posts\/6133"}],"collection":[{"href":"https:\/\/mersinekonomipolitikagazetesi.com\/index.php?rest_route=\/wp\/v2\/posts"}],"about":[{"href":"https:\/\/mersinekonomipolitikagazetesi.com\/index.php?rest_route=\/wp\/v2\/types\/post"}],"author":[{"embeddable":true,"href":"https:\/\/mersinekonomipolitikagazetesi.com\/index.php?rest_route=\/wp\/v2\/users\/1"}],"replies":[{"embeddable":true,"href":"https:\/\/mersinekonomipolitikagazetesi.com\/index.php?rest_route=%2Fwp%2Fv2%2Fcomments&post=6133"}],"version-history":[{"count":0,"href":"https:\/\/mersinekonomipolitikagazetesi.com\/index.php?rest_route=\/wp\/v2\/posts\/6133\/revisions"}],"wp:attachment":[{"href":"https:\/\/mersinekonomipolitikagazetesi.com\/index.php?rest_route=%2Fwp%2Fv2%2Fmedia&parent=6133"}],"wp:term":[{"taxonomy":"category","embeddable":true,"href":"https:\/\/mersinekonomipolitikagazetesi.com\/index.php?rest_route=%2Fwp%2Fv2%2Fcategories&post=6133"},{"taxonomy":"post_tag","embeddable":true,"href":"https:\/\/mersinekonomipolitikagazetesi.com\/index.php?rest_route=%2Fwp%2Fv2%2Ftags&post=6133"}],"curies":[{"name":"wp","href":"https:\/\/api.w.org\/{rel}","templated":true}]}}