{"id":6135,"date":"2020-11-04T18:26:34","date_gmt":"2020-11-04T15:26:34","guid":{"rendered":"http:\/\/mersinekonomipolitikagazetesi.com\/?p=6135"},"modified":"2020-11-04T18:26:34","modified_gmt":"2020-11-04T15:26:34","slug":"kent-konseyleri-belediyelerin-arka-bahcesi-degil","status":"publish","type":"post","link":"https:\/\/mersinekonomipolitikagazetesi.com\/?p=6135","title":{"rendered":"KENT KONSEYLER\u0130 BELED\u0130YELER\u0130N ARKA BAH\u00c7ES\u0130 DE\u011e\u0130L"},"content":{"rendered":"<div>\u00a0<\/div>\n<div>\u00a0<\/div>\n<div><span style=\"font-size: 12px;\">Mersinliler, Kent Konseylerinin \u00e7al\u0131\u015fma ve projelerinin yetersiz oldu\u011fu ve Mersin\u2019de yap\u0131lmas\u0131 planlanan kente zararl\u0131 projelere sessiz kald\u0131\u011f\u0131 kan\u0131s\u0131nda.\u00a0<\/span><\/div>\n<div>\u00a0<\/div>\n<div><span style=\"font-size: 12px;\">Mersin B\u00fcy\u00fck\u015fehir Belediyesi ve alt il\u00e7e belediyelerin kent konseyleri, kent bilincinin artt\u0131r\u0131lmas\u0131, sorunlar\u0131n \u00e7\u00f6z\u00fclmesi ve Mersin&#8217;e art\u0131 de\u011fer katmak i\u00e7in y\u00fcr\u00fct\u00fclmesi gereken projelerde yetersiz kalmas\u0131 sonucunda Mersinliler taraf\u0131ndan ele\u015ftirildi.<\/span><\/div>\n<div><span style=\"font-size: 12px;\">Mersinli Mimar Abdullah Y\u0131lmaz da, Kent Konseylerinin, belediyelerin arka bah\u00e7esi olmad\u0131\u011f\u0131n\u0131 hat\u0131rlatt\u0131.<\/span><\/div>\n<div><span style=\"font-size: 12px;\">Mimar Y\u0131lmaz, &#8220;Say\u0131n Kent Konseyi \u00fcyeleri, kentin bu g\u00fcn\u00fc ve gelece\u011fiyle ilgili projeler haz\u0131rlay\u0131p, teklifler sunup, bunun takip\u00e7isi olman\u0131z gerekiyor. Kent Konseyleri Y\u00f6netmeli\u011finin sadece 1. Maddesi&#8217;nin anla\u015f\u0131lmas\u0131 ve uygulanmas\u0131 yeterde artar bile..!&#8221; dedi.\u00a0<\/span><\/div>\n<div>\u00a0<\/div>\n<div>\u00a0<\/div>\n<div><span style=\"font-size: 12px;\">&#8220;Birilerinin Bastonu Olmad\u0131\u011f\u0131n\u0131z\u0131 Hat\u0131rlay\u0131n&#8221;\u00a0<\/span><\/div>\n<div>\u00a0<\/div>\n<div><span style=\"font-size: 12px;\">Mimar Abdullah Y\u0131lmaz, y\u00f6netmeli\u011fin 1. Maddesi olan, \u201cKent ya\u015fam\u0131nda, kent vizyonunun ve hem\u015fehrilik bilincinin geli\u015ftirilmesi, kentin hak ve hukukunun korunmas\u0131, s\u00fcrd\u00fcr\u00fclebilir kalk\u0131nma, \u00e7evreye duyarl\u0131l\u0131k, sosyal yard\u0131mla\u015fma ve dayan\u0131\u015fma, saydaml\u0131k, hesap sorma ve hesap verme, kat\u0131l\u0131m, y\u00f6neti\u015fim ve yerinde y\u00f6netim ilkelerini hayata ge\u00e7irmeye \u00e7al\u0131\u015fan kent konseyleri&#8230;\u201d hat\u0131rlatmas\u0131n\u0131 yaparak, amac\u0131n bu \u015feklinde a\u00e7\u0131kland\u0131\u011f\u0131n\u0131 s\u00f6yledi.<\/span><\/div>\n<div><span style=\"font-size: 12px;\">Kent kimli\u011finde sanat imaj\u0131n\u0131n herkesi onure edece\u011finin alt\u0131n\u0131 \u00e7izen Y\u0131lmaz, \u201c\u015eiirle, sanatla, yazar tan\u0131t\u0131m\u0131yla da u\u011fra\u015f\u0131n. Ba\u015fkanlar\u0131n\u0131z\u0131n arkas\u0131nda festivallerde boy boy magazinsel foto\u011fraflar verin lakin, l\u00fctfen Kent Konseylerinin g\u00f6rev ve sorumluluklar\u0131n\u0131 bir kez okuyun. Kent halk\u0131 ad\u0131na fahri denetleme ve sorgulama g\u00f6revinizi hat\u0131rlay\u0131n. Birilerinin bastonu olmad\u0131\u011f\u0131n\u0131z\u0131 hat\u0131rlay\u0131n.&#8221; ifadelerini kulland\u0131.\u00a0<\/span><\/div>\n<div>\u00a0<\/div>\n<div><span style=\"font-size: 12px;\">&#8220;Hepsinde Sustunuz!\u201d<\/span><\/div>\n<div>\u00a0<\/div>\n<div><span style=\"font-size: 12px;\">Son zamanlarda Mersin&#8217;de hayata ge\u00e7irilmesi planlanan zararl\u0131 tesisler kurulmas\u0131 konusunda da Kent Konseylerinin \u00fczerlerine d\u00fc\u015fen g\u00f6revi yapmad\u0131\u011f\u0131 d\u00fc\u015f\u00fcn\u00fcl\u00fcyor. Konuya ili\u015fkin olarak Abdullah Y\u0131lmaz Kent Konseylerine seslenerek, \u201cTa\u015fucu Tersane konusunda sustunuz. Polipropilen tesisi konusunda sustunuz. Tarsus\u2019ta b\u00fcy\u00fck bir tar\u0131msal alan\u0131n konut alan\u0131na d\u00f6n\u00fc\u015fmesine sustunuz. Emirler b\u00f6lgesinin planda i\u015faretli olmamas\u0131na ra\u011fmen Eko turizm alan\u0131na d\u00f6n\u00fc\u015ft\u00fcr\u00fclmesine sustunuz. Mezitli G\u00fcm\u00fc\u015fkent 100. Y\u0131l Tabiat Park\u0131 yap\u0131la\u015fmaya a\u00e7\u0131ld\u0131, caretta caretta&#8217;lar\u0131n do\u011fal ya\u015fam alanlar\u0131 katlediliyor, sustunuz. N\u00fckleer santral konusunda sustunuz, bal\u0131k \u00e7iftlikleri konusunda hi\u00e7 konu\u015fmad\u0131n\u0131z. Davultepe&#8217;de tar\u0131msal alanlar\u0131n, sanayi ve depolama alanlar\u0131na d\u00f6n\u00fc\u015f\u00fcrken sustunuz. Sahil dolgu alan\u0131n\u0131 g\u00fcndeme getirmediniz. \u00d6zellikle parkomat konusunda hepten dilinizi yuttunuz.&#8221; \u015feklinde konu\u015ftu.<\/span><\/div>\n<div>\u00a0<\/div>\n<div><span style=\"font-size: 12px;\">&#8220;\u0130mar Plan\u0131 Neden Yeniden Yap\u0131lmak \u0130steniyor?\u201d<\/span><\/div>\n<div>\u00a0<\/div>\n<div><span style=\"font-size: 12px;\">Kent Konseyleri&#8217;nin susup Mersinlilerin konu\u015ftu\u011funu dile getiren Y\u0131lmaz, &#8220;Birileri \u2018kent merkezini koruma ama\u00e7l\u0131 imar planlar\u0131n\u0131 yapaca\u011f\u0131m\u2019 diyor. 2013 y\u0131l\u0131nda B\u00fcy\u00fck\u015fehir Belediye Meclisi&#8217;nde onaylanm\u0131\u015f 1\/5000 planlar var. Neden \u0131srarla tekrar yap\u0131lmak isteniyor diye sorgulam\u0131yorsunuz. Koruma ad\u0131 alt\u0131nda yeni merkezi i\u015f alanlar\u0131 olu\u015fturma \u00e7abalar\u0131na kar\u015f\u0131 susuyorsunuz. Senelerdir \u00fczerinde \u00e7al\u0131\u015fmalar yapt\u0131\u011f\u0131m, Ara\u015ft\u0131rmac\u0131 Yazar Abdullah Ayan&#8217;\u0131n da kaleme ald\u0131\u011f\u0131 koruma ama\u00e7l\u0131 imar plan\u0131 ve kent merkezininin yeniden tasarlanmas\u0131 konusu, \u00f6zellikle Mersin Kent Konseyi&#8217;ni direkt olarak ilgilendiren bir kentsel sorundur.&#8221; diye konu\u015ftu.<\/span><\/div>\n","protected":false},"excerpt":{"rendered":"<p>\u00a0 \u00a0 Mersinliler, Kent Konseylerinin \u00e7al\u0131\u015fma ve projelerinin yetersiz oldu\u011fu ve Mersin\u2019de yap\u0131lmas\u0131 planlanan kente zararl\u0131 projelere sessiz kald\u0131\u011f\u0131 kan\u0131s\u0131nda.\u00a0 \u00a0 Mersin B\u00fcy\u00fck\u015fehir Belediyesi ve alt il\u00e7e belediyelerin kent konseyleri, &hellip; <a href=\"https:\/\/mersinekonomipolitikagazetesi.com\/?p=6135\" class=\"more-link\">Devam\u0131n\u0131 Oku&#8230;<\/a><\/p>\n","protected":false},"author":1,"featured_media":0,"comment_status":"open","ping_status":"open","sticky":false,"template":"","format":"standard","meta":[],"categories":[],"tags":[],"_links":{"self":[{"href":"https:\/\/mersinekonomipolitikagazetesi.com\/index.php?rest_route=\/wp\/v2\/posts\/6135"}],"collection":[{"href":"https:\/\/mersinekonomipolitikagazetesi.com\/index.php?rest_route=\/wp\/v2\/posts"}],"about":[{"href":"https:\/\/mersinekonomipolitikagazetesi.com\/index.php?rest_route=\/wp\/v2\/types\/post"}],"author":[{"embeddable":true,"href":"https:\/\/mersinekonomipolitikagazetesi.com\/index.php?rest_route=\/wp\/v2\/users\/1"}],"replies":[{"embeddable":true,"href":"https:\/\/mersinekonomipolitikagazetesi.com\/index.php?rest_route=%2Fwp%2Fv2%2Fcomments&post=6135"}],"version-history":[{"count":0,"href":"https:\/\/mersinekonomipolitikagazetesi.com\/index.php?rest_route=\/wp\/v2\/posts\/6135\/revisions"}],"wp:attachment":[{"href":"https:\/\/mersinekonomipolitikagazetesi.com\/index.php?rest_route=%2Fwp%2Fv2%2Fmedia&parent=6135"}],"wp:term":[{"taxonomy":"category","embeddable":true,"href":"https:\/\/mersinekonomipolitikagazetesi.com\/index.php?rest_route=%2Fwp%2Fv2%2Fcategories&post=6135"},{"taxonomy":"post_tag","embeddable":true,"href":"https:\/\/mersinekonomipolitikagazetesi.com\/index.php?rest_route=%2Fwp%2Fv2%2Ftags&post=6135"}],"curies":[{"name":"wp","href":"https:\/\/api.w.org\/{rel}","templated":true}]}}