{"id":6136,"date":"2020-11-04T18:26:34","date_gmt":"2020-11-04T15:26:34","guid":{"rendered":"http:\/\/mersinekonomipolitikagazetesi.com\/?p=6136"},"modified":"2020-11-04T18:26:34","modified_gmt":"2020-11-04T15:26:34","slug":"mezitlide-kirmizi-adli-oyun-sahnelenecek","status":"publish","type":"post","link":"https:\/\/mersinekonomipolitikagazetesi.com\/?p=6136","title":{"rendered":"Mezitli&#8217;de &#8216;k\u0131rm\u0131z\u0131&#8217; adl\u0131 oyun sahnelenecek"},"content":{"rendered":"<div><span style=\"font-size: 12px;\">Mezitli Belediyesi Oda Tiyatrosu taraf\u0131ndan &#8216;k\u0131rm\u0131z&#8217; adl\u0131 oyunun sahnelenece\u011fi bildirildi.\u00a0 \u00a0<\/span><\/div>\n<div><span style=\"font-size: 12px;\">\u00a0 Mezitli Belediyesi&#8217;nden yap\u0131lan a\u00e7\u0131klamaya g\u00f6re, 13 Mart&#8217;ta sahnelenmesi planlanan ilk g\u00f6sterim i\u00e7in haz\u0131rlanan davetiyeler birka\u00e7 saatte t\u00fckendi. Tamer G\u00fcven&#8217;in yazd\u0131\u011f\u0131 ve Vedat Yal\u00e7\u0131n&#8217;\u0131n y\u00f6netti\u011fi oyun i\u00e7in haz\u0131rlanan soundtrack \u00e7al\u0131\u015fmas\u0131 da sosyal medyadan payla\u015f\u0131lan ilk g\u00fcnde binlerce ki\u015fi taraf\u0131ndan izlenildi ve payla\u015f\u0131ld\u0131.\u00a0<\/span><\/div>\n<div><span style=\"font-size: 12px;\">\u00a0 G\u00f6sterilen ilgi nedeniyle sanatseverlere te\u015fekk\u00fcr eden oyun yazar\u0131 Tamer G\u00fcven, \u201cGala g\u00f6sterimi Mezitli Belediyesi Oda Tiyatrosu&#8217;nda 13 Mart&#8217;ta yapmay\u0131 planlad\u0131k. Yo\u011fun bir ilgiyle kar\u015f\u0131la\u015ft\u0131k. Davetiyelerimiz birka\u00e7 saatte t\u00fckenince, sanatseverlerimizi \u00fcz\u00fclerek \u00f6n\u00fcm\u00fczdeki haftalar i\u00e7in y\u00f6nlendirmek zorunda kald\u0131k. T\u00fcm sanatseverlerimize sonsuz te\u015fekk\u00fcrlerimi sunar\u0131m\u201d dedi.\u00a0<\/span><\/div>\n<div><span style=\"font-size: 12px;\">\u00a0 \u00c7ok iddial\u0131 bir oyunla seyircinin kar\u015f\u0131s\u0131na \u00e7\u0131kt\u0131klar\u0131n\u0131 vurgulayan oyunun y\u00f6netmeni Vedat Yal\u00e7\u0131n ise \u201cDe\u011fi\u015fik, \u00e7arp\u0131c\u0131 ve daha \u00f6nce en az\u0131ndan Mersin&#8217;de kimsenin yapmaya cesaret edemedi\u011fi bir oyunla sanatseverlerin kar\u015f\u0131s\u0131nday\u0131z. Seyircilerimizde ilk g\u00fcnden g\u00f6sterdikleri ilgi ile \u00e7abam\u0131za kar\u015f\u0131l\u0131k verdiler. Hepsine te\u015fekk\u00fcr ediyoruz. Tiyatro sahnelerinde \u00e7ok g\u00f6rmedi\u011fimiz konusu, yenilik\u00e7ili\u011fi esas alan kurgu y\u00f6ntemi ile b\u00f6lgemizin tiyatro anlay\u0131\u015f\u0131na farkl\u0131 bir bak\u0131\u015f a\u00e7\u0131s\u0131 getiriyoruz&#8221; ifadelerini kulland\u0131.\u00a0<\/span><\/div>\n<div><span style=\"font-size: 12px;\">\u00a0 Mezitli\u2019de k\u00fclt\u00fcr ve sanat alan\u0131nda b\u00fcy\u00fck geli\u015fmeler oldu\u011funa dikkat \u00e7eken Mezitli Belediye Ba\u015fkan\u0131 Ne\u015fet Tarhan da \u201cMezitli, sanatsever, ayd\u0131nl\u0131k y\u00fczl\u00fc insanlar\u0131m\u0131z\u0131n ya\u015fad\u0131\u011f\u0131 bir kent. Ger\u00e7ekle\u015ftirdi\u011fimiz k\u00fclt\u00fcrel ve sanatsal etkinliklerde bunun etkisini en iyi \u015fekilde g\u00f6r\u00fcyoruz. Oda tiyatromuzun bu sezon sahneye koyaca\u011f\u0131 yeni oyun i\u00e7in \u00e7\u0131kar\u0131lan davetiyelerin de birka\u00e7 saatte t\u00fckenmesi bunun en g\u00fczel g\u00f6stergelerinden birisi. G\u00f6stermi\u015f oldu\u011funuz yo\u011fun ilgiye te\u015fekk\u00fcr ediyor, her cuma g\u00fcn\u00fc 19.30\u2019da sahnelenecek olan oyunumuzu izlemek i\u00e7in yerinizi erkenden ay\u0131rtman\u0131z\u0131 bekliyoruz\u201d ifadelerini kulland\u0131.\u00a0<\/span><\/div>\n","protected":false},"excerpt":{"rendered":"<p>Mezitli Belediyesi Oda Tiyatrosu taraf\u0131ndan &#8216;k\u0131rm\u0131z&#8217; adl\u0131 oyunun sahnelenece\u011fi bildirildi.\u00a0 \u00a0 \u00a0 Mezitli Belediyesi&#8217;nden yap\u0131lan a\u00e7\u0131klamaya g\u00f6re, 13 Mart&#8217;ta sahnelenmesi planlanan ilk g\u00f6sterim i\u00e7in haz\u0131rlanan davetiyeler birka\u00e7 saatte t\u00fckendi. Tamer &hellip; <a href=\"https:\/\/mersinekonomipolitikagazetesi.com\/?p=6136\" class=\"more-link\">Devam\u0131n\u0131 Oku&#8230;<\/a><\/p>\n","protected":false},"author":1,"featured_media":0,"comment_status":"open","ping_status":"open","sticky":false,"template":"","format":"standard","meta":[],"categories":[],"tags":[],"_links":{"self":[{"href":"https:\/\/mersinekonomipolitikagazetesi.com\/index.php?rest_route=\/wp\/v2\/posts\/6136"}],"collection":[{"href":"https:\/\/mersinekonomipolitikagazetesi.com\/index.php?rest_route=\/wp\/v2\/posts"}],"about":[{"href":"https:\/\/mersinekonomipolitikagazetesi.com\/index.php?rest_route=\/wp\/v2\/types\/post"}],"author":[{"embeddable":true,"href":"https:\/\/mersinekonomipolitikagazetesi.com\/index.php?rest_route=\/wp\/v2\/users\/1"}],"replies":[{"embeddable":true,"href":"https:\/\/mersinekonomipolitikagazetesi.com\/index.php?rest_route=%2Fwp%2Fv2%2Fcomments&post=6136"}],"version-history":[{"count":0,"href":"https:\/\/mersinekonomipolitikagazetesi.com\/index.php?rest_route=\/wp\/v2\/posts\/6136\/revisions"}],"wp:attachment":[{"href":"https:\/\/mersinekonomipolitikagazetesi.com\/index.php?rest_route=%2Fwp%2Fv2%2Fmedia&parent=6136"}],"wp:term":[{"taxonomy":"category","embeddable":true,"href":"https:\/\/mersinekonomipolitikagazetesi.com\/index.php?rest_route=%2Fwp%2Fv2%2Fcategories&post=6136"},{"taxonomy":"post_tag","embeddable":true,"href":"https:\/\/mersinekonomipolitikagazetesi.com\/index.php?rest_route=%2Fwp%2Fv2%2Ftags&post=6136"}],"curies":[{"name":"wp","href":"https:\/\/api.w.org\/{rel}","templated":true}]}}