{"id":6137,"date":"2020-11-04T18:26:34","date_gmt":"2020-11-04T15:26:34","guid":{"rendered":"http:\/\/mersinekonomipolitikagazetesi.com\/?p=6137"},"modified":"2020-11-04T18:26:34","modified_gmt":"2020-11-04T15:26:34","slug":"yesilbogaz-isci-avukatlarin-sorunlari-barolarin-gundem-maddesine-girmeli","status":"publish","type":"post","link":"https:\/\/mersinekonomipolitikagazetesi.com\/?p=6137","title":{"rendered":"Ye\u015filbo\u011faz: \u201c\u0130\u015f\u00e7i avukatlar\u0131n sorunlar\u0131, barolar\u0131n g\u00fcndem maddesine girmeli\u201d"},"content":{"rendered":"<div><span style=\"font-size: 12px;\">Mersin Barosu Ba\u015fkan\u0131 Bilgin Ye\u015filbo\u011faz, avukatlar\u0131n \u00e7o\u011funun, yanlar\u0131nda \u00e7al\u0131\u015fan meslekta\u015flar\u0131na ucuz emek g\u00fcc\u00fc olarak bakt\u0131\u011f\u0131n\u0131 itiraf etme g\u00fcc\u00fcnden yoksun olduklar\u0131n\u0131 belirterek, \u201cBir meslek kendi meslek i\u00e7i temel sorunlar\u0131n\u0131, ahlaki sorunlar\u0131n\u0131 \u00e7\u00f6zemiyorsa ya da \u00e7\u00f6zmesi m\u00fcmk\u00fcn de\u011filse bence o meslek \u00e7\u00fcr\u00fcmeye ba\u015flam\u0131\u015ft\u0131r. \u0130\u015f\u00e7i avukatlar\u0131n sorunlar\u0131 b\u00fct\u00fcn barolar\u0131n ilk g\u00fcndem maddesine girmelidir\u201d dedi.\u00a0<\/span><\/div>\n<div><span style=\"font-size: 12px;\">\u00a0 Mersin Barosunda staj\u0131n\u0131 tamamlayan stajyerler, d\u00fczenlenen t\u00f6renle yemin ederek ruhsatlar\u0131n\u0131 ald\u0131lar. Mersin Barosu konferans salonunda ger\u00e7ekle\u015ftirilen t\u00f6rende, Baro Ba\u015fkan\u0131 Bilgin Ye\u015filbo\u011faz, Y\u00f6netim Kurulu \u00fcyeleri, avukatlar ve aileler, 7 stajyer avukat\u0131n heyecan\u0131n\u0131 payla\u015ft\u0131.\u00a0<\/span><\/div>\n<div><span style=\"font-size: 12px;\">\u00a0 T\u00f6rende konu\u015fma yapan Ba\u015fkan Ye\u015filbo\u011faz, ba\u011f\u0131ms\u0131z savunmay\u0131 temsil eden avukat\u0131n, halk\u0131n hak arama \u00f6zg\u00fcrl\u00fc\u011f\u00fcn\u00fcn sesi ve teminat\u0131 oldu\u011funu s\u00f6yledi. Ye\u015filbo\u011faz, \u201c1136 say\u0131l\u0131 Avukatl\u0131k Kanununun birinci maddesinin ikinci f\u0131kras\u0131nda, \u2018Avukat, yarg\u0131n\u0131n kurucu unsurlar\u0131ndan olan ba\u011f\u0131ms\u0131z savunmay\u0131 serbest\u00e7e temsil eder\u2019 denilmek suretiyle avukatl\u0131k mesle\u011finin \u2018yarg\u0131n\u0131n kurucu unsuru\u2019 oldu\u011fu a\u00e7\u0131k\u00e7a ifade edilmi\u015ftir\u201d diye konu\u015ftu.\u00a0<\/span><\/div>\n<div><span style=\"font-size: 12px;\">\u00a0<\/span><\/div>\n<div><span style=\"font-size: 12px;\">\u00a0 \u201cHukuk kurallar\u0131n\u0131 e\u015fit ve etkin uygulayacak avukatlara ihtiya\u00e7 var\u201d\u00a0<\/span><\/div>\n<div><span style=\"font-size: 12px;\">\u00a0 T\u00fcrkiye\u2019de, hukuk kurallar\u0131n\u0131 e\u015fit ve etkin uygulayacak avukatlara ihtiya\u00e7 oldu\u011funu belirten Ye\u015filbo\u011faz, \u201cAvukat\u0131n hukuki bilgi ve tecr\u00fcbelerini adalet hizmetine tahsis etmesi ve bu \u015fekilde adalete yard\u0131mc\u0131 olmas\u0131 sebebiyle yarg\u0131sal bir g\u00f6rev ifa etti\u011fi kabul edilmektedir. Bireylerin hukuki sorunlar\u0131n\u0131n \u00e7\u00f6z\u00fcm\u00fcnde g\u00f6rev alacak, onlar\u0131 en \u00fcst d\u00fczeyde savunacak, yarg\u0131n\u0131n kurucu \u00f6gesi olarak ba\u011f\u0131ms\u0131z savunmay\u0131 en iyi \u015fekilde temsil edecek, \u00fclkede hukuk kurallar\u0131n\u0131n herkese, e\u015fit, adil ve etkin \u015fekilde uygulanmas\u0131n\u0131 ger\u00e7ekle\u015ftirecek, bu duygu ve d\u00fc\u015f\u00fcncenin toplumun t\u00fcm kesimlerine yerle\u015fmesi i\u00e7in \u00f6rnek davran\u0131\u015flar sergileyecek avukatlara ihtiya\u00e7 vard\u0131r. Avukatlar\u0131n \u00e7o\u011fu, yanlar\u0131nda \u00e7al\u0131\u015fan meslekta\u015flar\u0131na ucuz emek g\u00fcc\u00fc olarak bakt\u0131\u011f\u0131n\u0131 itiraf etme g\u00fcc\u00fcnden hen\u00fcz yoksundurlar. Halbuki bir meslek kendi meslek i\u00e7i temel sorunlar\u0131n\u0131, ahlaki sorunlar\u0131n\u0131 \u00e7\u00f6zemiyorsa ya da \u00e7\u00f6zmesi m\u00fcmk\u00fcn de\u011filse bence o meslek \u00e7\u00fcr\u00fcmeye ba\u015flam\u0131\u015ft\u0131r. E\u011fer tersi d\u00fc\u015f\u00fcn\u00fcl\u00fcyorsa bu konuda m\u00fccadele edilmeli, i\u015f\u00e7i avukatlar\u0131n sorunlar\u0131 b\u00fct\u00fcn barolar\u0131n ilk g\u00fcndem maddesine girmelidir\u201d ifadelerini kulland\u0131.\u00a0<\/span><\/div>\n<div><span style=\"font-size: 12px;\">\u00a0 Daha sonra k\u00fcrs\u00fcye \u00e7\u0131k\u0131p yemin eden stajyer avukatlara c\u00fcbbelerini, yanlar\u0131nda staj yapt\u0131klar\u0131 avukatlar giydirdi. Avukatl\u0131k mesle\u011fine resmi ad\u0131m\u0131 atan stajyer avukatlara ruhsatnamelerini Baro Ba\u015fkan\u0131 Ye\u015filbo\u011faz imzalayarak takdim etti.\u00a0<\/span><\/div>\n","protected":false},"excerpt":{"rendered":"<p>Mersin Barosu Ba\u015fkan\u0131 Bilgin Ye\u015filbo\u011faz, avukatlar\u0131n \u00e7o\u011funun, yanlar\u0131nda \u00e7al\u0131\u015fan meslekta\u015flar\u0131na ucuz emek g\u00fcc\u00fc olarak bakt\u0131\u011f\u0131n\u0131 itiraf etme g\u00fcc\u00fcnden yoksun olduklar\u0131n\u0131 belirterek, \u201cBir meslek kendi meslek i\u00e7i temel sorunlar\u0131n\u0131, ahlaki sorunlar\u0131n\u0131 &hellip; <a href=\"https:\/\/mersinekonomipolitikagazetesi.com\/?p=6137\" class=\"more-link\">Devam\u0131n\u0131 Oku&#8230;<\/a><\/p>\n","protected":false},"author":1,"featured_media":0,"comment_status":"open","ping_status":"open","sticky":false,"template":"","format":"standard","meta":[],"categories":[],"tags":[],"_links":{"self":[{"href":"https:\/\/mersinekonomipolitikagazetesi.com\/index.php?rest_route=\/wp\/v2\/posts\/6137"}],"collection":[{"href":"https:\/\/mersinekonomipolitikagazetesi.com\/index.php?rest_route=\/wp\/v2\/posts"}],"about":[{"href":"https:\/\/mersinekonomipolitikagazetesi.com\/index.php?rest_route=\/wp\/v2\/types\/post"}],"author":[{"embeddable":true,"href":"https:\/\/mersinekonomipolitikagazetesi.com\/index.php?rest_route=\/wp\/v2\/users\/1"}],"replies":[{"embeddable":true,"href":"https:\/\/mersinekonomipolitikagazetesi.com\/index.php?rest_route=%2Fwp%2Fv2%2Fcomments&post=6137"}],"version-history":[{"count":0,"href":"https:\/\/mersinekonomipolitikagazetesi.com\/index.php?rest_route=\/wp\/v2\/posts\/6137\/revisions"}],"wp:attachment":[{"href":"https:\/\/mersinekonomipolitikagazetesi.com\/index.php?rest_route=%2Fwp%2Fv2%2Fmedia&parent=6137"}],"wp:term":[{"taxonomy":"category","embeddable":true,"href":"https:\/\/mersinekonomipolitikagazetesi.com\/index.php?rest_route=%2Fwp%2Fv2%2Fcategories&post=6137"},{"taxonomy":"post_tag","embeddable":true,"href":"https:\/\/mersinekonomipolitikagazetesi.com\/index.php?rest_route=%2Fwp%2Fv2%2Ftags&post=6137"}],"curies":[{"name":"wp","href":"https:\/\/api.w.org\/{rel}","templated":true}]}}