{"id":6138,"date":"2020-11-04T18:26:34","date_gmt":"2020-11-04T15:26:34","guid":{"rendered":"http:\/\/mersinekonomipolitikagazetesi.com\/?p=6138"},"modified":"2020-11-04T18:26:34","modified_gmt":"2020-11-04T15:26:34","slug":"istiklal-marsinin-kabulu-ve-mehmet-akif-ersoyu-anma-gunu-2","status":"publish","type":"post","link":"https:\/\/mersinekonomipolitikagazetesi.com\/?p=6138","title":{"rendered":"\u0130stiklal Mar\u015f\u0131&#8217;n\u0131n Kabul\u00fc ve Mehmet Akif Ersoy\u2019u Anma G\u00fcn\u00fc"},"content":{"rendered":"<div><span style=\"font-size: 12px;\">Mersin\u2019in Bozyaz\u0131 il\u00e7esinde, &#8216;\u0130stiklal Mar\u015f\u0131\u2019n\u0131n Kabul\u00fc ve Mehmet Akif Ersoy\u2019u Anma G\u00fcn\u00fc&#8217; program\u0131 d\u00fczenlendi.\u00a0 \u00a0<\/span><\/div>\n<div><span style=\"font-size: 12px;\">\u00a0 Bozyaz\u0131 Durmu\u015f Tufan Anadolu \u0130mam Hatip Lisesi Konferans Salonunda yap\u0131lan etkinli\u011fe, Kaymakam Arif Yal\u00e7\u0131n, \u0130l\u00e7e Jandarma Komutan\u0131 \u00dcste\u011fmen \u00d6zer Din\u00e7er, \u0130l\u00e7e Emniyet M\u00fcd\u00fcr\u00fc Mehmet G\u00fcng\u00f6r, \u0130l\u00e7e Milli E\u011fitim M\u00fcd\u00fcr\u00fc Aziz Gedik, il\u00e7e protokol\u00fc, vatanda\u015flar, \u00f6\u011fretmen ve \u00f6\u011frenciler kat\u0131ld\u0131.\u00a0<\/span><\/div>\n<div><span style=\"font-size: 12px;\">\u00a0 15 Temmuz Milli \u0130rade Mesleki ve Teknik Anadolu Lisesi M\u00fcd\u00fcr\u00fc Emin Bahar, t\u00f6rende yapt\u0131\u011f\u0131 konu\u015fmada, \u0130stiklal Mar\u015f\u0131&#8217;n\u0131n her sat\u0131r\u0131n\u0131n anlam y\u00fckl\u00fc oldu\u011funu belirterek, &#8220;\u0130stiklal Mar\u015f\u0131, yapmac\u0131k duygularla de\u011fil, bizzat tarihi ve sosyal bir ger\u00e7eklik ortam\u0131nda yaz\u0131lm\u0131\u015ft\u0131r. Mehmet Akif\u2019in dedi\u011fi gibi \u2018Allah bu millete bir daha \u0130stiklal Mar\u015f\u0131 yazd\u0131rtmas\u0131n.\u2019 Bug\u00fcn T\u00fcrkiye topraklar\u0131 \u00fczerinde \u00f6zg\u00fcrce ya\u015famam\u0131z\u0131 sa\u011flayan b\u00fcy\u00fck \u00f6nder Gazi Mustafa Kemal Atat\u00fcrk\u2019e, onunla birlikte hareket eden dava arkada\u015flar\u0131na ve kahraman ordumuza, bize b\u00f6ylesine anlaml\u0131 bir mar\u015f\u0131 hediye eden Mehmet Akif Ersoy\u2019a ve bestesini yapan Osman Zeki \u00dcng\u00f6r\u2019e te\u015fekk\u00fcr ediyor ve bu de\u011ferli b\u00fcy\u00fcklerimizin hat\u0131ralar\u0131 \u00f6n\u00fcnde sayg\u0131yla e\u011filiyoruz&#8221; dedi.\u00a0<\/span><\/div>\n<div><span style=\"font-size: 12px;\">\u00a0 T\u00f6rende ayr\u0131ca, okullar aras\u0131nda d\u00fczenlenen \u2019\u0130stiklal Mar\u015f\u0131&#8217;n\u0131 en g\u00fczel okuma yar\u0131\u015fmas\u0131&#8217;nda dereceye giren \u00f6\u011frencilere hediyeleri verildi.\u00a0<\/span><\/div>\n","protected":false},"excerpt":{"rendered":"<p>Mersin\u2019in Bozyaz\u0131 il\u00e7esinde, &#8216;\u0130stiklal Mar\u015f\u0131\u2019n\u0131n Kabul\u00fc ve Mehmet Akif Ersoy\u2019u Anma G\u00fcn\u00fc&#8217; program\u0131 d\u00fczenlendi.\u00a0 \u00a0 \u00a0 Bozyaz\u0131 Durmu\u015f Tufan Anadolu \u0130mam Hatip Lisesi Konferans Salonunda yap\u0131lan etkinli\u011fe, Kaymakam Arif Yal\u00e7\u0131n, &hellip; <a href=\"https:\/\/mersinekonomipolitikagazetesi.com\/?p=6138\" class=\"more-link\">Devam\u0131n\u0131 Oku&#8230;<\/a><\/p>\n","protected":false},"author":1,"featured_media":0,"comment_status":"open","ping_status":"open","sticky":false,"template":"","format":"standard","meta":[],"categories":[],"tags":[],"_links":{"self":[{"href":"https:\/\/mersinekonomipolitikagazetesi.com\/index.php?rest_route=\/wp\/v2\/posts\/6138"}],"collection":[{"href":"https:\/\/mersinekonomipolitikagazetesi.com\/index.php?rest_route=\/wp\/v2\/posts"}],"about":[{"href":"https:\/\/mersinekonomipolitikagazetesi.com\/index.php?rest_route=\/wp\/v2\/types\/post"}],"author":[{"embeddable":true,"href":"https:\/\/mersinekonomipolitikagazetesi.com\/index.php?rest_route=\/wp\/v2\/users\/1"}],"replies":[{"embeddable":true,"href":"https:\/\/mersinekonomipolitikagazetesi.com\/index.php?rest_route=%2Fwp%2Fv2%2Fcomments&post=6138"}],"version-history":[{"count":0,"href":"https:\/\/mersinekonomipolitikagazetesi.com\/index.php?rest_route=\/wp\/v2\/posts\/6138\/revisions"}],"wp:attachment":[{"href":"https:\/\/mersinekonomipolitikagazetesi.com\/index.php?rest_route=%2Fwp%2Fv2%2Fmedia&parent=6138"}],"wp:term":[{"taxonomy":"category","embeddable":true,"href":"https:\/\/mersinekonomipolitikagazetesi.com\/index.php?rest_route=%2Fwp%2Fv2%2Fcategories&post=6138"},{"taxonomy":"post_tag","embeddable":true,"href":"https:\/\/mersinekonomipolitikagazetesi.com\/index.php?rest_route=%2Fwp%2Fv2%2Ftags&post=6138"}],"curies":[{"name":"wp","href":"https:\/\/api.w.org\/{rel}","templated":true}]}}