{"id":6139,"date":"2020-11-04T18:26:34","date_gmt":"2020-11-04T15:26:34","guid":{"rendered":"http:\/\/mersinekonomipolitikagazetesi.com\/?p=6139"},"modified":"2020-11-04T18:26:34","modified_gmt":"2020-11-04T15:26:34","slug":"mersinde-kask-takmayan-motosikletlilere-uygulama-artirildi","status":"publish","type":"post","link":"https:\/\/mersinekonomipolitikagazetesi.com\/?p=6139","title":{"rendered":"Mersin&#8217;de kask takmayan motosikletlilere uygulama art\u0131r\u0131ld\u0131"},"content":{"rendered":"<div><span style=\"font-size: 12px;\">Mersin \u0130l Emniyet M\u00fcd\u00fcrl\u00fc\u011f\u00fc Trafik Denetleme \u015eube M\u00fcd\u00fcrl\u00fc\u011f\u00fc ekipleri, 22 \u015eubat-8 Mart tarihleri aras\u0131nda yapt\u0131\u011f\u0131 uygulamalarda 5 bin 42 motosikletliyi kontrol ederken, bin 149 s\u00fcr\u00fcc\u00fcye kask takmamak, ehliyetsiz olarak ara\u00e7 kullanmaktan 630 bin 696 lira trafik cezas\u0131 yazd\u0131.\u00a0<\/span><\/div>\n<div><span style=\"font-size: 12px;\">\u00a0 D\u00fcnya Sa\u011fl\u0131k \u00d6rg\u00fct\u00fc&#8217;n\u00fcn 2015 y\u0131l\u0131 &#8216;yol g\u00fcvenli\u011fi&#8217; raporunda, d\u00fcnyada \u00f6l\u00fcml\u00fc trafik kazalar\u0131n\u0131n y\u00fczde 49&#8217;unu yayalar ile bisiklet ve motosiklet s\u00fcr\u00fcc\u00fclerin kar\u0131\u015ft\u0131\u011f\u0131 kazalar\u0131n olu\u015fturdu\u011fu, 2019 y\u0131l\u0131nda T\u00fcrkiye&#8217;de meydana gelen 147 bin 902 \u00f6l\u00fcml\u00fc ve yaralanmal\u0131 trafik kazalar\u0131na kar\u0131\u015fma oran\u0131n\u0131n y\u00fczde 19,5 oldu\u011fu, Mersin il genelinde meydana gelen 5 bin 282 \u00f6l\u00fcml\u00fc ve yaralanmal\u0131 trafik kazas\u0131n\u0131n ise y\u00fczde 35&#8217;ini motosikletli s\u00fcr\u00fcc\u00fclerin olu\u015fturdu\u011fu tespit edildi. Bu kapsamda da \u0130l Emniyet M\u00fcd\u00fcrl\u00fc\u011f\u00fc Trafik Denetleme \u015eube M\u00fcd\u00fcrl\u00fc\u011f\u00fc ekipleri, motosikletli ve motorlu bisikletliler \u00fczerinde denetimlerini artt\u0131rd\u0131.\u00a0<\/span><\/div>\n<div><span style=\"font-size: 12px;\">\u00a0 22 \u015eubat-8 Mart tarihleri aras\u0131nda yap\u0131lan \u00f6zel denetimlerde 5 bin 42 motosiklet ve motorlu bisiklet kontrol edilirken, bin 149 s\u00fcr\u00fcc\u00fcye kask takmamak ve ehliyetsiz ara\u00e7 kullanmaktan 630 bin 696 lira para cezas\u0131 kesildi.\u00a0\u00a0<\/span><\/div>\n","protected":false},"excerpt":{"rendered":"<p>Mersin \u0130l Emniyet M\u00fcd\u00fcrl\u00fc\u011f\u00fc Trafik Denetleme \u015eube M\u00fcd\u00fcrl\u00fc\u011f\u00fc ekipleri, 22 \u015eubat-8 Mart tarihleri aras\u0131nda yapt\u0131\u011f\u0131 uygulamalarda 5 bin 42 motosikletliyi kontrol ederken, bin 149 s\u00fcr\u00fcc\u00fcye kask takmamak, ehliyetsiz olarak ara\u00e7 &hellip; <a href=\"https:\/\/mersinekonomipolitikagazetesi.com\/?p=6139\" class=\"more-link\">Devam\u0131n\u0131 Oku&#8230;<\/a><\/p>\n","protected":false},"author":1,"featured_media":0,"comment_status":"open","ping_status":"open","sticky":false,"template":"","format":"standard","meta":[],"categories":[],"tags":[],"_links":{"self":[{"href":"https:\/\/mersinekonomipolitikagazetesi.com\/index.php?rest_route=\/wp\/v2\/posts\/6139"}],"collection":[{"href":"https:\/\/mersinekonomipolitikagazetesi.com\/index.php?rest_route=\/wp\/v2\/posts"}],"about":[{"href":"https:\/\/mersinekonomipolitikagazetesi.com\/index.php?rest_route=\/wp\/v2\/types\/post"}],"author":[{"embeddable":true,"href":"https:\/\/mersinekonomipolitikagazetesi.com\/index.php?rest_route=\/wp\/v2\/users\/1"}],"replies":[{"embeddable":true,"href":"https:\/\/mersinekonomipolitikagazetesi.com\/index.php?rest_route=%2Fwp%2Fv2%2Fcomments&post=6139"}],"version-history":[{"count":0,"href":"https:\/\/mersinekonomipolitikagazetesi.com\/index.php?rest_route=\/wp\/v2\/posts\/6139\/revisions"}],"wp:attachment":[{"href":"https:\/\/mersinekonomipolitikagazetesi.com\/index.php?rest_route=%2Fwp%2Fv2%2Fmedia&parent=6139"}],"wp:term":[{"taxonomy":"category","embeddable":true,"href":"https:\/\/mersinekonomipolitikagazetesi.com\/index.php?rest_route=%2Fwp%2Fv2%2Fcategories&post=6139"},{"taxonomy":"post_tag","embeddable":true,"href":"https:\/\/mersinekonomipolitikagazetesi.com\/index.php?rest_route=%2Fwp%2Fv2%2Ftags&post=6139"}],"curies":[{"name":"wp","href":"https:\/\/api.w.org\/{rel}","templated":true}]}}