{"id":6141,"date":"2020-11-04T18:26:34","date_gmt":"2020-11-04T15:26:34","guid":{"rendered":"http:\/\/mersinekonomipolitikagazetesi.com\/?p=6141"},"modified":"2020-11-04T18:26:34","modified_gmt":"2020-11-04T15:26:34","slug":"gida-denetim-sonuclari-kamuoyu-ile-neden-paylasilmiyor","status":"publish","type":"post","link":"https:\/\/mersinekonomipolitikagazetesi.com\/?p=6141","title":{"rendered":"G\u0131da denetim sonu\u00e7lar\u0131 kamuoyu ile neden payla\u015f\u0131lm\u0131yor?"},"content":{"rendered":"<div><span style=\"font-size: 12px;\">Tar\u0131m \u00fcr\u00fcnlerindeki g\u0131da denetimleri meclis g\u00fcndemine ta\u015f\u0131nd\u0131. Turan, \u201cG\u0131da denetimi kapsam\u0131nda laboratuvar analiz \u00e7al\u0131\u015fmalar\u0131n\u0131n kamuoyu ile payla\u015f\u0131lmamas\u0131n\u0131n gerek\u00e7eleri nelerdir?\u201d diye sordu.<\/span><\/div>\n<div>\u00a0<\/div>\n<div>\u00a0<\/div>\n<div><span style=\"font-size: 12px;\">Tar\u0131m ve Orman Bakan\u0131 Bekir Pakdemirli\u2019nin cevaplamas\u0131 i\u00e7in soru \u00f6nergesi veren\u00a0 HDP Mersin Milletvekili Dr. R\u0131dvan Turan, g\u0131da denetiminin, ulusal olarak \u00fcretilen veya ithal edilen g\u0131dalar\u0131n yasa ve y\u00f6netmeliklerin gereklerine uygun olarak depolanmas\u0131n\u0131, \u00fcretilmesini, ta\u015f\u0131nmas\u0131n\u0131, sunulmas\u0131n\u0131 ve sat\u0131lmas\u0131n\u0131 sa\u011flamak i\u00e7in yeterli d\u00fczeyde g\u0131da kontrollerini uygulayarak t\u00fcketicileri korumak i\u00e7in elzem bir uygulama oldu\u011funu belirtti.\u00a0 Turan, \u201cTar\u0131m ve Orman Bakanl\u0131\u011f\u0131 g\u0131da kaynakl\u0131 olu\u015fabilecek herhangi bir riski azaltarak t\u00fcketicilere g\u0131da g\u00fcvenli\u011fi bilgilerini sa\u011flayarak halk sa\u011fl\u0131\u011f\u0131n\u0131 koruma sorumlulu\u011funa sahiptir. T\u00fcketiciler de g\u00fcvenli, sa\u011fl\u0131kl\u0131 g\u0131da t\u00fcketme hakk\u0131na sahiptir. Herhangi bir g\u0131da \u015firketi, g\u0131dalar\u0131 \u00fcretme, i\u015fleme, haz\u0131rlama, ithal ve ihra\u00e7 hakk\u0131na sahip olsa da bu t\u00fcr g\u0131dalar\u0131n sa\u011fl\u0131kl\u0131 ve g\u00fcvenli olmas\u0131n\u0131 belirlenmi\u015f yasalar \u00e7er\u00e7evesinde sa\u011flama sorumlulu\u011fu ta\u015f\u0131maktad\u0131r.\u201d diye konu\u015ftu.<\/span><\/div>\n<div>\u00a0<\/div>\n<div><span style=\"font-size: 12px;\">\u201cAnaliz sonu\u00e7lar\u0131n\u0131n kamuoyuyla payla\u015f\u0131lmas\u0131 gerekmektedir\u201d<\/span><\/div>\n<div>\u00a0<\/div>\n<div><span style=\"font-size: 12px;\">Tar\u0131m ve Orman Bakanl\u0131\u011f\u0131\u2019n\u0131n\u00a0 sa\u011fl\u0131kl\u0131 ve g\u00fcvenli g\u0131dalar\u0131n \u00fcretilmesi ve t\u00fcketilmesini sa\u011flaman\u0131n yan\u0131 s\u0131ra \u00fcreticiler ile t\u00fcketiciler aras\u0131ndaki ili\u015fkiyi g\u0131da kontrol sistemleri ile kurma ve takip etmekle sorumlu oldu\u011funu belirten Turan, \u201cG\u0131dalar\u0131n \u00dcretimi, T\u00fcketimi ve Denetlenmesine dair 5179 say\u0131l\u0131 kanun g\u0131da g\u00fcvenli\u011finin sa\u011flanmas\u0131nda denetim ba\u015fl\u0131\u011f\u0131nda Tar\u0131m ve Orman Bakanl\u0131\u011f\u0131n\u0131n g\u0131da kontrol hizmetleri ve ya do\u011frulanmas\u0131 i\u00e7in yap\u0131lan i\u015flemleri i\u00e7ermektedir.\u201d diye vurgulad\u0131.\u00a0<\/span><\/div>\n<div>\u00a0<\/div>\n<div>\u00a0<\/div>\n<div><span style=\"font-size: 12px;\">Tar\u0131m ve Orman Bakanl\u0131\u011f\u0131 taraf\u0131ndan y\u00fcr\u00fct\u00fclen g\u0131da denetimleri, sadece g\u0131dalar\u0131n pazarland\u0131\u011f\u0131 a\u015famada ger\u00e7ekle\u015ferek s\u0131n\u0131rl\u0131 kalmaktad\u0131r diye konu\u015fan Turan, \u201cTar\u0131m ve Orman Bakanl\u0131\u011f\u0131 b\u00fcnyesinde veya \u00f6zel laboratuvarlarda g\u0131da denetimi konusunda \u00e7al\u0131\u015fmalar\u0131n olmamas\u0131 veya yap\u0131lan laboratuvar g\u0131da analizlerinin kamuoyu ile payla\u015f\u0131lmamas\u0131 g\u0131da denetimlerinin ne kadar s\u0131n\u0131rl\u0131 oldu\u011funu a\u00e7\u0131k\u00e7a g\u00f6stermektedir. Dolay\u0131s\u0131yla insan sa\u011fl\u0131\u011f\u0131 a\u00e7\u0131s\u0131ndan risk olu\u015fturabilecek g\u0131dalar\u0131n laboratuvar analizleri ile incelenmesi ve analiz sonu\u00e7lar\u0131n\u0131n kamuoyuyla payla\u015f\u0131lmas\u0131 gerekmektedir.\u201d ifadeleri kullan\u0131ld\u0131.\u00a0\u00a0<\/span><\/div>\n<div>\u00a0<\/div>\n<div>\u00a0<\/div>\n<div><span style=\"font-size: 12px;\">Pakdemirli\u2019ye soruldu..!<\/span><\/div>\n<div>\u00a0<\/div>\n<div><span style=\"font-size: 12px;\">Dr. R\u0131dvan Turan Tar\u0131m ve Orman Bakan\u0131 Bekir Pakdemirli\u2019nin cevaplamas\u0131 i\u00e7in\u00a0 \u015fu sorular\u0131 sordu; \u201cTar\u0131m ve Orman Bakanl\u0131\u011f\u0131, g\u0131da denetimi kapsam\u0131nda g\u0131dalar\u0131n analizleri i\u00e7in ka\u00e7\u00a0 kamu ve\u00a0 \u00f6zel laboratuvarla birlikte \u00e7al\u0131\u015fmaktad\u0131r? Tar\u0131m ve Orman Bakanl\u0131\u011f\u0131 taraf\u0131ndan g\u0131da denetimi kapsam\u0131nda laboratuvar analiz \u00e7al\u0131\u015fmalar\u0131 yap\u0131lmakta m\u0131d\u0131r? E\u011fer yap\u0131lmakta ise bu \u00e7al\u0131\u015fmalar\u0131 kamuoyu ile payla\u015f\u0131lmamas\u0131n\u0131n gerek\u00e7eleri nelerdir? G\u0131da denetimleri konusunda Tar\u0131m Orman Bakanl\u0131\u011f\u0131na ba\u011fl\u0131 laboratuvarlarda \u00e7al\u0131\u015fan personel say\u0131s\u0131 ne kadard\u0131r? Bu personellerin T\u00fcrkiye\u2019de g\u0131da g\u00fcvenli\u011fi sa\u011flanmas\u0131 konusunda yeterli say\u0131da oldu\u011funu d\u00fc\u015f\u00fcn\u00fcyor musunuz? 2019 y\u0131l\u0131nda Bakanl\u0131\u011f\u0131n\u0131z taraf\u0131ndan EK\u00dcY Projesi, Hasat \u00d6ncesi Pestisit Denetimi, G\u0131da Kontrol\u00fc ve \u0130hra\u00e7at-\u0130thalat Denetimi vb. \u00e7al\u0131\u015fmalar kapsam\u0131nda taze meyve ve sebzelerden T\u00fcrkiye genelinde ka\u00e7 adet numune al\u0131nm\u0131\u015ft\u0131r? Ka\u00e7 adet numunede kal\u0131nt\u0131 tespit edilmi\u015ftir?\u00a0 Numunelerin al\u0131nmas\u0131, ta\u015f\u0131nmas\u0131 ve analizi i\u00e7in ne kadar harcama yap\u0131lm\u0131\u015ft\u0131r? Kal\u0131nt\u0131 tespit edilen \u00fcr\u00fcnlerin ne kadar\u0131 imha edilmi\u015ftir? Tar\u0131m Orman Bakanl\u0131\u011f\u0131 taraf\u0131ndan son be\u015f y\u0131l i\u00e7erisinde g\u0131da denetimleri kapsam\u0131nda yap\u0131lan laboratuvar analizlerinin maliyeti ne kadard\u0131r?\u201d ifadeleri kullan\u0131ld\u0131<\/span><\/div>\n","protected":false},"excerpt":{"rendered":"<p>Tar\u0131m \u00fcr\u00fcnlerindeki g\u0131da denetimleri meclis g\u00fcndemine ta\u015f\u0131nd\u0131. Turan, \u201cG\u0131da denetimi kapsam\u0131nda laboratuvar analiz \u00e7al\u0131\u015fmalar\u0131n\u0131n kamuoyu ile payla\u015f\u0131lmamas\u0131n\u0131n gerek\u00e7eleri nelerdir?\u201d diye sordu. \u00a0 \u00a0 Tar\u0131m ve Orman Bakan\u0131 Bekir Pakdemirli\u2019nin cevaplamas\u0131 &hellip; <a href=\"https:\/\/mersinekonomipolitikagazetesi.com\/?p=6141\" class=\"more-link\">Devam\u0131n\u0131 Oku&#8230;<\/a><\/p>\n","protected":false},"author":1,"featured_media":0,"comment_status":"open","ping_status":"open","sticky":false,"template":"","format":"standard","meta":[],"categories":[],"tags":[],"_links":{"self":[{"href":"https:\/\/mersinekonomipolitikagazetesi.com\/index.php?rest_route=\/wp\/v2\/posts\/6141"}],"collection":[{"href":"https:\/\/mersinekonomipolitikagazetesi.com\/index.php?rest_route=\/wp\/v2\/posts"}],"about":[{"href":"https:\/\/mersinekonomipolitikagazetesi.com\/index.php?rest_route=\/wp\/v2\/types\/post"}],"author":[{"embeddable":true,"href":"https:\/\/mersinekonomipolitikagazetesi.com\/index.php?rest_route=\/wp\/v2\/users\/1"}],"replies":[{"embeddable":true,"href":"https:\/\/mersinekonomipolitikagazetesi.com\/index.php?rest_route=%2Fwp%2Fv2%2Fcomments&post=6141"}],"version-history":[{"count":0,"href":"https:\/\/mersinekonomipolitikagazetesi.com\/index.php?rest_route=\/wp\/v2\/posts\/6141\/revisions"}],"wp:attachment":[{"href":"https:\/\/mersinekonomipolitikagazetesi.com\/index.php?rest_route=%2Fwp%2Fv2%2Fmedia&parent=6141"}],"wp:term":[{"taxonomy":"category","embeddable":true,"href":"https:\/\/mersinekonomipolitikagazetesi.com\/index.php?rest_route=%2Fwp%2Fv2%2Fcategories&post=6141"},{"taxonomy":"post_tag","embeddable":true,"href":"https:\/\/mersinekonomipolitikagazetesi.com\/index.php?rest_route=%2Fwp%2Fv2%2Ftags&post=6141"}],"curies":[{"name":"wp","href":"https:\/\/api.w.org\/{rel}","templated":true}]}}