{"id":6142,"date":"2020-11-04T18:26:34","date_gmt":"2020-11-04T15:26:34","guid":{"rendered":"http:\/\/mersinekonomipolitikagazetesi.com\/?p=6142"},"modified":"2020-11-04T18:26:34","modified_gmt":"2020-11-04T15:26:34","slug":"toplu-tasimada-corona-virusune-onlem-alindi","status":"publish","type":"post","link":"https:\/\/mersinekonomipolitikagazetesi.com\/?p=6142","title":{"rendered":"Toplu ta\u015f\u0131mada corona vir\u00fcs\u00fcne \u00f6nlem al\u0131nd\u0131"},"content":{"rendered":"<div><span style=\"font-size: 12px;\">Mersin&#8217;de toplu ta\u015f\u0131mac\u0131l\u0131k yapan firmalar corona vir\u00fcs\u00fcne kar\u015f\u0131 ara\u00e7lar\u0131 dezenfekte ediyor. Vatanda\u015f ise uygulamadan memnun.<\/span><\/div>\n<div>\u00a0<\/div>\n<div><span style=\"font-size: 12px;\">&#8220;Pazar g\u00fcnleri vardiyal\u0131 \u00e7al\u0131\u015farak ara\u00e7lar\u0131m\u0131z\u0131 dezenfekte ettiriyoruz&#8221;<\/span><\/div>\n<div>\u00a0<\/div>\n<div><span style=\"font-size: 12px;\">Pozcu Koop ve Bah\u00e7elievler Kooperatifi, bir ila\u00e7lama \u015firketi ile yapt\u0131klar\u0131 anla\u015fma sonucu\u00a0 her g\u00fcn y\u00fczlerce Mersinlinin kulland\u0131\u011f\u0131 ara\u00e7lar\u0131 dezenfekte ediyor. Korona vir\u00fcs\u00fc sebebiyle vatanda\u015fa daha temiz ve hijyenik bir alan sa\u011flamay\u0131 hedeflediklerini belirten Pozcu Koop minib\u00fcs sahibi Behsat Y\u0131ld\u0131r\u0131m ger\u00e7ekle\u015ftirdikleri uygulaman\u0131n sa\u011fl\u0131kl\u0131 ve temiz bir alan yaratmak i\u00e7in oldu\u011funu vurgulad\u0131.<\/span><\/div>\n<div><span style=\"font-size: 12px;\">Y\u0131ld\u0131r\u0131m, &#8220;Ara\u00e7lar\u0131m\u0131z\u0131 anla\u015fma sonucu ila\u00e7lama firmas\u0131na teslim ediyoruz. Pazar g\u00fcnleri vardiyal\u0131 olarak ara\u00e7lar\u0131n yar\u0131s\u0131 dezenfekte ediliyor, di\u011fer yar\u0131s\u0131 da ula\u015f\u0131m sa\u011flamaya devam ediyor.\u00a0 Sa\u011fl\u0131k her \u015feyin ba\u015f\u0131 vatanda\u015f\u0131m\u0131z\u0131n sa\u011fl\u0131\u011f\u0131 i\u00e7in u\u011fra\u015f\u0131yor ve hizmet veriyoruz.&#8221; dedi.<\/span><\/div>\n<div>\u00a0<\/div>\n<div><span style=\"font-size: 12px;\">&#8220;300 ara\u00e7 dezenfekte edildi&#8221;<\/span><\/div>\n<div>\u00a0<\/div>\n<div><span style=\"font-size: 12px;\">\u0130la\u00e7lama \u015eirketi Sahibi Koray \u0130\u015fg\u00fcven uygulamay\u0131 ba\u015flatt\u0131klar\u0131ndan itibaren yo\u011fun ve titiz\u00a0 \u00e7al\u0131\u015fma g\u00f6sterdiklerini belirterek, &#8220;\u015eu anda ortalama 300 arac\u0131 dezenfekte ederek haftal\u0131k uygulamalar\u0131m\u0131z\u0131 ger\u00e7ekle\u015ftiriyoruz. Ortalama dezenfekte 4 dakika i\u00e7erisinde tamamlan\u0131yor.Bizler halk\u0131n yarar\u0131na sa\u011flanan uygulaman\u0131n da arkas\u0131nday\u0131z.&#8221; diye konu\u015ftu.<\/span><\/div>\n<div>\u00a0<\/div>\n<div>\u00a0<\/div>\n<div><span style=\"font-size: 12px;\">&#8220;Vir\u00fcse \u00f6nlem al\u0131nmas\u0131 i\u00e7imizi rahatlat\u0131yor&#8221;<\/span><\/div>\n<div>\u00a0<\/div>\n<div><span style=\"font-size: 12px;\">Mersinliler ula\u015f\u0131m sekt\u00f6r\u00fcnde sa\u011flanan dezenfekte i\u015flemi ile ilgili memnuniyetlerini belirterek, &#8220;Ya\u015fan\u0131lan hadiselere g\u00f6re do\u011fru bir yakla\u015f\u0131m. Mersinde her firma ve herkes ara\u00e7lar\u0131n\u0131 da dezenfekte etmeli. Vir\u00fcse kar\u015f\u0131 kendimizi temizlikle savunabiliriz . Hizmet ba\u015far\u0131l\u0131 ve ger\u00e7ekten de i\u00e7imizi rahatlat\u0131yor. Kendimizi savundu\u011fumuzu hissediyoruz.&#8221; diye konu\u015ftu<\/span><\/div>\n","protected":false},"excerpt":{"rendered":"<p>Mersin&#8217;de toplu ta\u015f\u0131mac\u0131l\u0131k yapan firmalar corona vir\u00fcs\u00fcne kar\u015f\u0131 ara\u00e7lar\u0131 dezenfekte ediyor. Vatanda\u015f ise uygulamadan memnun. \u00a0 &#8220;Pazar g\u00fcnleri vardiyal\u0131 \u00e7al\u0131\u015farak ara\u00e7lar\u0131m\u0131z\u0131 dezenfekte ettiriyoruz&#8221; \u00a0 Pozcu Koop ve Bah\u00e7elievler Kooperatifi, bir &hellip; <a href=\"https:\/\/mersinekonomipolitikagazetesi.com\/?p=6142\" class=\"more-link\">Devam\u0131n\u0131 Oku&#8230;<\/a><\/p>\n","protected":false},"author":1,"featured_media":0,"comment_status":"open","ping_status":"open","sticky":false,"template":"","format":"standard","meta":[],"categories":[],"tags":[],"_links":{"self":[{"href":"https:\/\/mersinekonomipolitikagazetesi.com\/index.php?rest_route=\/wp\/v2\/posts\/6142"}],"collection":[{"href":"https:\/\/mersinekonomipolitikagazetesi.com\/index.php?rest_route=\/wp\/v2\/posts"}],"about":[{"href":"https:\/\/mersinekonomipolitikagazetesi.com\/index.php?rest_route=\/wp\/v2\/types\/post"}],"author":[{"embeddable":true,"href":"https:\/\/mersinekonomipolitikagazetesi.com\/index.php?rest_route=\/wp\/v2\/users\/1"}],"replies":[{"embeddable":true,"href":"https:\/\/mersinekonomipolitikagazetesi.com\/index.php?rest_route=%2Fwp%2Fv2%2Fcomments&post=6142"}],"version-history":[{"count":0,"href":"https:\/\/mersinekonomipolitikagazetesi.com\/index.php?rest_route=\/wp\/v2\/posts\/6142\/revisions"}],"wp:attachment":[{"href":"https:\/\/mersinekonomipolitikagazetesi.com\/index.php?rest_route=%2Fwp%2Fv2%2Fmedia&parent=6142"}],"wp:term":[{"taxonomy":"category","embeddable":true,"href":"https:\/\/mersinekonomipolitikagazetesi.com\/index.php?rest_route=%2Fwp%2Fv2%2Fcategories&post=6142"},{"taxonomy":"post_tag","embeddable":true,"href":"https:\/\/mersinekonomipolitikagazetesi.com\/index.php?rest_route=%2Fwp%2Fv2%2Ftags&post=6142"}],"curies":[{"name":"wp","href":"https:\/\/api.w.org\/{rel}","templated":true}]}}