{"id":6150,"date":"2020-11-04T18:26:35","date_gmt":"2020-11-04T15:26:35","guid":{"rendered":"http:\/\/mersinekonomipolitikagazetesi.com\/?p=6150"},"modified":"2020-11-04T18:26:35","modified_gmt":"2020-11-04T15:26:35","slug":"multeci-akininin-yonetiminde-arastirmalar-yapiyoruz","status":"publish","type":"post","link":"https:\/\/mersinekonomipolitikagazetesi.com\/?p=6150","title":{"rendered":"&#8220;M\u00fclteci ak\u0131n\u0131n\u0131n y\u00f6netiminde ara\u015ft\u0131rmalar yap\u0131yoruz&#8221;"},"content":{"rendered":"<p>Mersin B\u00fcy\u00fck\u015fehir Belediye Ba\u015fkan\u0131 Vahap Se\u00e7er, Birle\u015fmi\u015f Kentler ve Yerel Y\u00f6netimler Orta Do\u011fu ve Bat\u0131 Asya B\u00f6lge Te\u015fkilat\u0131 (UCLG-MEWA) b\u00fcnyesindeki \u00e7al\u0131\u015fmalar kapsam\u0131nda \u00dcrd\u00fcn, T\u00fcrkiye ve L\u00fcbnan\u2019daki Suriyeli m\u00fclteci ak\u0131n\u0131n\u0131n y\u00f6netiminde belediyelerin rol\u00fc \u00fczerine ara\u015ft\u0131rmalar yapt\u0131klar\u0131n\u0131 s\u00f6yledi. Se\u00e7er, \u201cBu y\u0131l, g\u00f6\u00e7 birimlerinde \u00e7al\u0131\u015fan belediye personellerinin kapasitelerini geli\u015ftirmek amac\u0131yla \u00e7al\u0131\u015ftaylar yapaca\u011f\u0131z. Bu \u00e7al\u0131\u015ftaylar deneyim al\u0131\u015fveri\u015fi, teknik e\u011fitim ve saha ziyaretleri \u00fczerinde yo\u011funla\u015facak\u201d dedi.<br \/>\n\u00a0<br \/>\nUCLG-MEWA Y\u00fcr\u00fctme Kurulu Toplant\u0131s\u0131, Nev\u015fehir\u2019de yap\u0131ld\u0131. UCLG-MEWA Sosyal \u0130\u00e7erme Komitesi\u2019nin ba\u015fkanl\u0131\u011f\u0131n\u0131 y\u00fcr\u00fcten Mersin B\u00fcy\u00fck\u015fehir Belediye Ba\u015fkan\u0131 Vahap Se\u00e7er, 2014 y\u0131l\u0131n\u0131n Kas\u0131m ay\u0131nda kurulan UCLG-MEWA Sosyal \u0130\u00e7erme Komitesi\u2019nin \u0131rk ve cinsiyet e\u015fitli\u011fini sa\u011flama ve uluslararas\u0131 hukuka ayk\u0131r\u0131 olan her t\u00fcrl\u00fc ayr\u0131mc\u0131l\u0131\u011fa kar\u015f\u0131 m\u00fccadele etme yolunda \u00e7al\u0131\u015fmalar\u0131n\u0131 s\u00fcrd\u00fcrd\u00fc\u011f\u00fcn\u00fc s\u00f6yledi. G\u00f6\u00e7 K\u00fcresel G\u00f6rev G\u00fcc\u00fc\u2019n\u00fcn kuruldu\u011funu da kaydeden Se\u00e7er, \u201cG\u00f6\u00e7 K\u00fcresel G\u00f6rev G\u00fcc\u00fc, imzalanan deklarasyondaki taahh\u00fctlerin yerine getirilmesi amac\u0131yla bir takip mekanizmas\u0131 olarak kurulmu\u015ftur. G\u00f6\u00e7 K\u00fcresel G\u00f6rev G\u00fcc\u00fc\u2019n\u00fcn siyasi liderli\u011fini ise Mersin B\u00fcy\u00fck\u015fehir Belediyesi \u00fcstlenecektir\u201d diye konu\u015ftu.\u00a0<br \/>\nSe\u00e7er, UCLG-MEWA Sosyal \u0130\u00e7erme Komitesi&#8217;nin ba\u015fkanl\u0131\u011f\u0131n\u0131 Mersin B\u00fcy\u00fck\u015fehir Belediyesi\u2019nin y\u00fcr\u00fctt\u00fc\u011f\u00fcn\u00fc, komitenin e\u015f ba\u015fkanlar\u0131n\u0131n \u015eanl\u0131urfa B\u00fcy\u00fck\u015fehir Belediyesi, \u00dcrd\u00fcn \u0130rbid B\u00fcy\u00fck\u015fehir Belediyesi, L\u00fcbnan Saida Belediyesi ve Beylikd\u00fcz\u00fc Belediyesi oldu\u011funu kaydetti. Sosyal i\u00e7ermenin, her bireyin haklar\u0131n\u0131n, sorumluluklar\u0131n\u0131n ve \u00fcstlendikleri rollerin sayg\u0131yla kabul g\u00f6rd\u00fc\u011f\u00fc \u201cherkes i\u00e7in toplum\u201d vizyonunu temsil etti\u011fini vurgulayan Se\u00e7er, \u201cToplumsal d\u0131\u015flanma ise bireyleri sayg\u0131nl\u0131k, g\u00fcvenlik ve daha iyi bir ya\u015fam s\u00fcrme f\u0131rsat\u0131ndan al\u0131koyabiliyor. Bu nedenle, UCLG-MEWA Sosyal \u0130\u00e7erme Komitesi\u2019nde t\u00fcm \u00fcyelerimizi, toplumdaki b\u00fct\u00fcn dezavantajl\u0131 gruplar\u0131 i\u00e7erecek ve kimseyi geride b\u0131rakmayacak \u015fekilde politikalar ve faaliyetler geli\u015ftirmeleri i\u00e7in te\u015fvik ediyoruz\u201d dedi.\u00a0<\/p>\n<p>\u201cSuriyeli m\u00fclteci g\u00f6\u00e7\u00fc g\u00fcndemimizde\u201d<br \/>\n\u00a0<br \/>\nUCLG-MEWA Sosyal \u0130\u00e7erme Komitesi\u2019nin g\u00f6\u00e7 konusuna b\u00fcy\u00fck \u00f6nem verdi\u011fini ifade eden Se\u00e7er, \u201cYerel y\u00f6netimlerin g\u00f6\u00e7 politikalar\u0131n\u0131 geli\u015ftirmelerine destek olmak amac\u0131yla ilgili payda\u015flarla i\u015fbirli\u011fi i\u00e7inde y\u00fcr\u00fctt\u00fc\u011f\u00fcm\u00fcz projeler ve \u00e7al\u0131\u015ftaylar yer almaktad\u0131r. Ayr\u0131ca, T\u00fcrkiye, \u00dcrd\u00fcn ve L\u00fcbnan\u2019daki Suriyeli m\u00fclteci ak\u0131n\u0131n\u0131n y\u00f6netiminde belediyelerin rol\u00fc \u00fczerine de ara\u015ft\u0131rmalar y\u00fcr\u00fct\u00fcyoruz. \u015eu ana kadar bu ara\u015ft\u0131rmalar 2013, 2016 ve 2019 y\u0131llar\u0131 olmak \u00fczere 3 a\u015famada ger\u00e7ekle\u015ftirildi. Bu y\u0131l, g\u00f6\u00e7 birimlerinde \u00e7al\u0131\u015fan belediye personellerinin kapasitelerini geli\u015ftirmek amac\u0131yla, Akdeniz \u015eehirler Aras\u0131 G\u00f6\u00e7 Projesi (MC2CM), Akdeniz Entegrasyon Merkezi (CMI) ve UCLG ile i\u015fbirli\u011fi i\u00e7erisinde \u00e7e\u015fitli \u00e7al\u0131\u015ftaylar d\u00fczenleyece\u011fiz. Bu \u00e7al\u0131\u015ftaylar deneyim al\u0131\u015fveri\u015fi, teknik e\u011fitim ve saha ziyaretleri \u00fczerinde yo\u011funla\u015facak\u201d \u015feklinde konu\u015ftu.\u00a0<br \/>\nUCLG-MEWA Sosyal \u0130\u00e7erme Komitesi\u2019nin, ger\u00e7ekle\u015ftirilen son Ba\u015fkanl\u0131k Divan\u0131 Toplant\u0131s\u0131\u2019nda komite b\u00fcnyesinde \u2018G\u00f6\u00e7 K\u00fcresel G\u00f6rev G\u00fcc\u00fc\u2019 olu\u015fturulmas\u0131n\u0131n oy birli\u011fiyle kabul edildi\u011fini hat\u0131rlatan Se\u00e7er, 2019 y\u0131l\u0131n\u0131n Kas\u0131m ay\u0131nda, Gaziantep\u2019te d\u00fczenlenen G\u00f6\u00e7 ve Yerinden Edilmeye Y\u00f6nelik Yerel \u00c7\u00f6z\u00fcmler Uluslararas\u0131 Forumu\u2019nda resmi olarak G\u00f6\u00e7 K\u00fcresel G\u00f6rev G\u00fcc\u00fc\u2019n\u00fcn kuruldu\u011funu kaydetti. Se\u00e7er, &#8220;G\u00f6\u00e7 K\u00fcresel G\u00f6rev G\u00fcc\u00fc, imzalanan deklarasyondaki taahh\u00fctlerin yerine getirilmesi amac\u0131yla bir takip mekanizmas\u0131 olarak kurulmu\u015ftur. G\u00f6\u00e7 K\u00fcresel G\u00f6rev G\u00fcc\u00fc\u2019n\u00fcn siyasi liderli\u011fini ise Mersin B\u00fcy\u00fck\u015fehir Belediyesi \u00fcstlenecektir. Ayr\u0131ca, birka\u00e7 g\u00fcn \u00f6nce, UCLG-MEWA Toplumsal Cinsiyet E\u015fitli\u011fi Komitesi ile i\u015fbirli\u011fi i\u00e7erisinde 8 Mart D\u00fcnya Kad\u0131nlar G\u00fcn\u00fc\u2019ne \u00f6zel bir video haz\u0131rlad\u0131k. Belediye ba\u015fkanlar\u0131n\u0131n, bu konudaki g\u00f6r\u00fc\u015f ve \u00f6nerilerini yans\u0131tan ifadelerini i\u00e7eren k\u0131sa bir kampanya videosu oldu. Konu\u015fmam\u0131 sonland\u0131r\u0131rken, t\u00fcm \u00fcyelerimize, g\u00fc\u00e7lerini birle\u015ftirmeleri ve hep birlikte t\u00fcm toplumsal gruplar\u0131n hayata daha sa\u011fl\u0131kl\u0131 kat\u0131l\u0131m\u0131n\u0131 sa\u011flamalar\u0131 \u00e7a\u011fr\u0131s\u0131nda bulunmak istiyorum&#8221; ifadelerini kulland\u0131. \u00a0<\/p>\n","protected":false},"excerpt":{"rendered":"<p>Mersin B\u00fcy\u00fck\u015fehir Belediye Ba\u015fkan\u0131 Vahap Se\u00e7er, Birle\u015fmi\u015f Kentler ve Yerel Y\u00f6netimler Orta Do\u011fu ve Bat\u0131 Asya B\u00f6lge Te\u015fkilat\u0131 (UCLG-MEWA) b\u00fcnyesindeki \u00e7al\u0131\u015fmalar kapsam\u0131nda \u00dcrd\u00fcn, T\u00fcrkiye ve L\u00fcbnan\u2019daki Suriyeli m\u00fclteci ak\u0131n\u0131n\u0131n y\u00f6netiminde &hellip; <a href=\"https:\/\/mersinekonomipolitikagazetesi.com\/?p=6150\" class=\"more-link\">Devam\u0131n\u0131 Oku&#8230;<\/a><\/p>\n","protected":false},"author":1,"featured_media":0,"comment_status":"open","ping_status":"open","sticky":false,"template":"","format":"standard","meta":[],"categories":[],"tags":[],"_links":{"self":[{"href":"https:\/\/mersinekonomipolitikagazetesi.com\/index.php?rest_route=\/wp\/v2\/posts\/6150"}],"collection":[{"href":"https:\/\/mersinekonomipolitikagazetesi.com\/index.php?rest_route=\/wp\/v2\/posts"}],"about":[{"href":"https:\/\/mersinekonomipolitikagazetesi.com\/index.php?rest_route=\/wp\/v2\/types\/post"}],"author":[{"embeddable":true,"href":"https:\/\/mersinekonomipolitikagazetesi.com\/index.php?rest_route=\/wp\/v2\/users\/1"}],"replies":[{"embeddable":true,"href":"https:\/\/mersinekonomipolitikagazetesi.com\/index.php?rest_route=%2Fwp%2Fv2%2Fcomments&post=6150"}],"version-history":[{"count":0,"href":"https:\/\/mersinekonomipolitikagazetesi.com\/index.php?rest_route=\/wp\/v2\/posts\/6150\/revisions"}],"wp:attachment":[{"href":"https:\/\/mersinekonomipolitikagazetesi.com\/index.php?rest_route=%2Fwp%2Fv2%2Fmedia&parent=6150"}],"wp:term":[{"taxonomy":"category","embeddable":true,"href":"https:\/\/mersinekonomipolitikagazetesi.com\/index.php?rest_route=%2Fwp%2Fv2%2Fcategories&post=6150"},{"taxonomy":"post_tag","embeddable":true,"href":"https:\/\/mersinekonomipolitikagazetesi.com\/index.php?rest_route=%2Fwp%2Fv2%2Ftags&post=6150"}],"curies":[{"name":"wp","href":"https:\/\/api.w.org\/{rel}","templated":true}]}}