{"id":6154,"date":"2020-11-04T18:26:35","date_gmt":"2020-11-04T15:26:35","guid":{"rendered":"http:\/\/mersinekonomipolitikagazetesi.com\/?p=6154"},"modified":"2020-11-04T18:26:35","modified_gmt":"2020-11-04T15:26:35","slug":"turkiye-dogal-ilac-olan-narenciye-tuketsin","status":"publish","type":"post","link":"https:\/\/mersinekonomipolitikagazetesi.com\/?p=6154","title":{"rendered":"\u201cT\u00dcRK\u0130YE DO\u011eAL \u0130LA\u00c7 OLAN NARENC\u0130YE T\u00dcKETS\u0130N..!\u201d"},"content":{"rendered":"<p>Mersin B\u00fcy\u00fck\u015fehir Belediyesi\u2019nden \u00a0Corona vir\u00fcs\u00fcne y\u00f6nelik \u00e7al\u0131\u015fmalar Mart Ay\u0131 Ola\u011fan Meclis Toplant\u0131s\u0131\u2019nda anlat\u0131ld\u0131. Toplant\u0131da a\u00e7\u0131klamalarda bulundan Vahap Se\u00e7er, \u201cT\u00fcrkiye\u2019nin do\u011fusundan bat\u0131s\u0131na, kuzeyinden g\u00fcneyine herkes narenciye t\u00fcketsin.\u201d dedi.<br \/>\n\u00a0<br \/>\nMersin B\u00fcy\u00fck\u015fehir Belediyesi 2020 Y\u0131l\u0131 Mart Ay\u0131 Ola\u011fan Meclis Toplant\u0131s\u0131 2. Birle\u015fimi Vahap Se\u00e7er Ba\u015fkanl\u0131\u011f\u0131\u2019nda ger\u00e7ekle\u015fti. D\u00fcnya g\u00fcndeminde yer alan ve T\u00fcrkiye\u2019yi de etkisi alt\u0131na alan Corona vir\u00fcs\u00fcne y\u00f6nelik Mersin B\u00fcy\u00fck\u015fehir Belediyesi taraf\u0131ndan yap\u0131lan \u00e7al\u0131\u015fmalar anlat\u0131ld\u0131.<br \/>\nSe\u00e7er, Toplu ta\u015f\u0131mada ve kamu alanlar\u0131nda ila\u00e7lama ve dezenfekte \u00e7al\u0131\u015fmalar\u0131na devam ettiklerini belirtti. Do\u011fal ila\u00e7 olarak adland\u0131rd\u0131\u011f\u0131 narenciye \u00fcr\u00fcnlerinin de \u00f6nemini vurgulayan Se\u00e7er, \u201cT\u00fcm \u00fclkemiz do\u011fusundan bat\u0131s\u0131na, kuzeyinden g\u00fcneyine narenciye t\u00fcccarlar\u0131 b\u00f6lgemize gelerek \u00a0narenciyeleri memleketlerine g\u00f6t\u00fcrs\u00fcnler. Hi\u00e7 ilaca gerek kalmadan do\u011fal ila\u00e7 limon, portakal t\u00fcketsinler. Sadece T\u00fcrkiye\u2019nin de\u011fil d\u00fcnyan\u0131n markas\u0131 lamas limonu ve bir\u00e7ok narenciye \u00fcr\u00fcn\u00fcm\u00fczden faydalans\u0131nlar\u201d diye konu\u015ftu. Mersin olarak her b\u00f6lgede do\u011fal ve e\u015fsiz \u00fcr\u00fcnlerin oldu\u011funun alt\u0131n\u0131 \u00e7izdi.<br \/>\n\u00a0<br \/>\n\u201cOtob\u00fcsler dezenfekte edildi\u201d<\/p>\n<p>Se\u00e7er yap\u0131lan \u00e7al\u0131\u015fmalar\u0131 detayland\u0131rarak, \u201cOkul ve ibadet haneler gibi yerlerde ne t\u00fcr \u00e7al\u0131\u015fmalar yapabilece\u011fimizi kararla\u015ft\u0131r\u0131yoruz. T\u00fcm sa\u011fl\u0131k \u00e7al\u0131\u015fanlar\u0131m\u0131za da e\u011fitim verildi onlarda \u00e7al\u0131\u015fanlar\u0131m\u0131za e\u011fitim verdiler.\u201d diye konu\u015ftu. Ula\u015f\u0131m Daire Ba\u015fkanl\u0131\u011f\u0131 b\u00fcnyesinde toplu ta\u015f\u0131malar\u0131nda dezenfekte edildi\u011fini vurgulayan Ba\u015fkan Se\u00e7er, \u201c Toplu ta\u015f\u0131ma ara\u00e7lar\u0131m\u0131zda 100 bin yurtta\u015f\u0131m\u0131za hizmet veriyoruz. Bu ara\u00e7larda detayl\u0131 temizliklerimiz yap\u0131l\u0131yor. Otob\u00fcslerin i\u00e7 ve d\u0131\u015f\u0131 ila\u00e7larla y\u0131kanarak temizleniyor.\u201d ifadelerini kulland\u0131.<\/p>\n<p>\u201cS\u00fcre\u00e7 i\u00e7erisinde ki b\u00fct\u00fcn etkinlikleri iptal ettik\u201d<\/p>\n<p>Mersin B\u00fcy\u00fck\u015fehir Belediyesi olarak Nisan sonuna kadar planlanan etkinliklerin iptaline karar verildi\u011fini vurgulayan Se\u00e7er, \u201cS\u00fcre\u00e7 i\u00e7erisinde ki b\u00fct\u00fcn etkinlikleri iptal ettik. Bizim i\u00e7in ise en zoru 20-22 Mart aras\u0131nda ger\u00e7ekle\u015ftirilecek olan maratonun ileri tarihe ertelenmesi oldu. Federasyon ile g\u00f6r\u00fc\u015fmeler devam ediyor muhtemelen Ekim ay\u0131nda etkinli\u011fi ger\u00e7ekle\u015ftirece\u011fiz.\u201d dedi. Se\u00e7er ayr\u0131ca rutin haline gelen etkinliklerinde ertelendi\u011fini s\u00f6yledi.<\/p>\n<p>Se\u00e7er, \u201cSu kesintisi yap\u0131lmayacak kesilen sular\u0131 meskenlere verece\u011fiz\u201d<\/p>\n<p>Ya\u015f\u0131 ilerlemi\u015f \u00a0vatanda\u015flara y\u00f6nelik \u00e7al\u0131\u015fmalara da de\u011finen Se\u00e7er, \u201cYa\u015f\u0131 ilerlemi\u015f vatanda\u015flar\u0131m\u0131za y\u00f6nelik 120\u2019ye yak\u0131n yurtta\u015f\u0131m\u0131z\u0131 arayarak hal hat\u0131r soruyorduk. Bu s\u00fcre\u00e7te ise her g\u00fcn arayarak hastal\u0131\u011fa dair sorular soruyoruz bilgi al\u0131yoruz.\u201d diye konu\u015ftu. 300 T\u00fcrk Liras\u0131 borcu olan vatanda\u015flar\u0131n normalde sular\u0131n\u0131n kesildi\u011fini vurgulayan Se\u00e7er, \u201cBizler ya\u015fan\u0131lan hadiseden sonra su kesinti yap\u0131lmayacak. Bir s\u00fcre bu kesintileri durduruyoruz ve borcundan dolay\u0131 kesilen meskenlere de sular\u0131n\u0131 verece\u011fiz.\u201d diye konu\u015ftu.<\/p>\n<p>\u201cVatanda\u015flar\u0131m\u0131z panik yapmamal\u0131\u201d<\/p>\n<p>Corona vir\u00fcs\u00fcne y\u00f6nelik panik yap\u0131lmamas\u0131n\u0131n gerekli oldu\u011funu vurgulayan ve uzmanlardan ald\u0131\u011f\u0131 bilgileri aktaran Se\u00e7er, \u201cVatanda\u015flar\u0131m\u0131z s\u00fcrekli ellerini y\u0131kayarak korunmal\u0131. Ya\u015fl\u0131 vatanda\u015flar\u0131m\u0131z ise zorunlu olmad\u0131k\u00e7a d\u0131\u015far\u0131 \u00e7\u0131kmamal\u0131lar. \u00d6\u011frenciler ve \u00e7ocuklar\u0131m\u0131z kalabal\u0131klara \u00e7\u0131kmayarak kitap okusunlar. Tokala\u015fma ve \u00f6p\u00fc\u015fme olmas\u0131n.\u201d diyerek bir s\u00fcre ara verelim dedi.<\/p>\n","protected":false},"excerpt":{"rendered":"<p>Mersin B\u00fcy\u00fck\u015fehir Belediyesi\u2019nden \u00a0Corona vir\u00fcs\u00fcne y\u00f6nelik \u00e7al\u0131\u015fmalar Mart Ay\u0131 Ola\u011fan Meclis Toplant\u0131s\u0131\u2019nda anlat\u0131ld\u0131. Toplant\u0131da a\u00e7\u0131klamalarda bulundan Vahap Se\u00e7er, \u201cT\u00fcrkiye\u2019nin do\u011fusundan bat\u0131s\u0131na, kuzeyinden g\u00fcneyine herkes narenciye t\u00fcketsin.\u201d dedi. \u00a0 Mersin B\u00fcy\u00fck\u015fehir &hellip; <a href=\"https:\/\/mersinekonomipolitikagazetesi.com\/?p=6154\" class=\"more-link\">Devam\u0131n\u0131 Oku&#8230;<\/a><\/p>\n","protected":false},"author":1,"featured_media":0,"comment_status":"open","ping_status":"open","sticky":false,"template":"","format":"standard","meta":[],"categories":[],"tags":[],"_links":{"self":[{"href":"https:\/\/mersinekonomipolitikagazetesi.com\/index.php?rest_route=\/wp\/v2\/posts\/6154"}],"collection":[{"href":"https:\/\/mersinekonomipolitikagazetesi.com\/index.php?rest_route=\/wp\/v2\/posts"}],"about":[{"href":"https:\/\/mersinekonomipolitikagazetesi.com\/index.php?rest_route=\/wp\/v2\/types\/post"}],"author":[{"embeddable":true,"href":"https:\/\/mersinekonomipolitikagazetesi.com\/index.php?rest_route=\/wp\/v2\/users\/1"}],"replies":[{"embeddable":true,"href":"https:\/\/mersinekonomipolitikagazetesi.com\/index.php?rest_route=%2Fwp%2Fv2%2Fcomments&post=6154"}],"version-history":[{"count":0,"href":"https:\/\/mersinekonomipolitikagazetesi.com\/index.php?rest_route=\/wp\/v2\/posts\/6154\/revisions"}],"wp:attachment":[{"href":"https:\/\/mersinekonomipolitikagazetesi.com\/index.php?rest_route=%2Fwp%2Fv2%2Fmedia&parent=6154"}],"wp:term":[{"taxonomy":"category","embeddable":true,"href":"https:\/\/mersinekonomipolitikagazetesi.com\/index.php?rest_route=%2Fwp%2Fv2%2Fcategories&post=6154"},{"taxonomy":"post_tag","embeddable":true,"href":"https:\/\/mersinekonomipolitikagazetesi.com\/index.php?rest_route=%2Fwp%2Fv2%2Ftags&post=6154"}],"curies":[{"name":"wp","href":"https:\/\/api.w.org\/{rel}","templated":true}]}}