{"id":6155,"date":"2020-11-04T18:26:35","date_gmt":"2020-11-04T15:26:35","guid":{"rendered":"http:\/\/mersinekonomipolitikagazetesi.com\/?p=6155"},"modified":"2020-11-04T18:26:35","modified_gmt":"2020-11-04T15:26:35","slug":"panige-degil-onlem-almaya-ihtiyacimiz-var","status":"publish","type":"post","link":"https:\/\/mersinekonomipolitikagazetesi.com\/?p=6155","title":{"rendered":"PAN\u0130\u011eE DEG\u0130L, \u00d6NLEM  ALMAYA \u0130HT\u0130YACIMIZ VAR"},"content":{"rendered":"<p>Mersin Tabip Odas\u0131, Corona vir\u00fcs\u00fc hakk\u0131nda bas\u0131n a\u00e7\u0131klamas\u0131 yapt\u0131.\u00a0<br \/>\nMersin Tabip Odas\u0131 Ba\u015fkan\u0131 Dr. Mehmet Antmen, Sa\u011fl\u0131k Bakanl\u0131\u011f\u0131&#8217;n\u0131n ge\u00e7ti\u011fimiz g\u00fcn T\u00fcrkiye\u2019de Coronavir\u00fcs vakas\u0131 oldu\u011funu nihayet kabul etti\u011fini s\u00f6yledi.<\/p>\n<p>\u201cVaka ge\u00e7 a\u00e7\u0131kland\u0131\u201d<br \/>\n\u00a0<br \/>\nDr. Antmen, &#8220;D\u00fcnya Sa\u011fl\u0131k \u00d6rg\u00fct\u00fcn\u00fcn Pandemi ilan etmesinden hemen \u00f6nce vakan\u0131n kabul edilmesi \u00f6nemli ama ge\u00e7 kal\u0131nm\u0131\u015f bir a\u00e7\u0131klamad\u0131r. \u00dclkemizde Coronavir\u00fcs hakk\u0131nda iki temel yanl\u0131\u015f yap\u0131lmaktad\u0131r. Birincisi, hi\u00e7bir \u015fey yokmu\u015f gibi davrananlar, ikincisi de panik havas\u0131 yaymaya \u00e7al\u0131\u015fanlar. Bu iki tavr\u0131n da \u00e7ok yanl\u0131\u015f oldu\u011funu; pani\u011fe de\u011fil, \u00f6nlem almaya ihtiyac\u0131m\u0131z oldu\u011funu bir kez daha vurgulamak ve d\u00fcnyada yeni coronovir\u00fcs salg\u0131n\u0131n\u0131n nas\u0131l bir durumda oldu\u011funu g\u00f6zler \u00f6n\u00fcne serdikten sonra neler yapmam\u0131z gerekti\u011fini de sizlerle payla\u015faca\u011f\u0131z.&#8221; ifadelerini kulland\u0131.<\/p>\n<p>&#8220;\u00d6l\u00fcmler H\u0131zla Art\u0131yor&#8221;\u00a0<\/p>\n<p>Antmen; &#8220;D\u00fcnya \u00e7ap\u0131nda coronavirus COVIT-19 bula\u015fan ki\u015fi say\u0131s\u0131 114 bin 809 ki\u015fi. Bunlar d\u00fcnyan\u0131n 115 farkl\u0131 \u00fclke ve b\u00f6lgesinde ya\u015f\u0131yor. Vir\u00fcs nedeniyle \u00f6len ki\u015fi say\u0131s\u0131 4 bin 31, iyile\u015fen say\u0131s\u0131 64 bin 081. A\u011f\u0131r ve kritik vaka say\u0131s\u0131 5 bin 711. En \u00e7ok vaka \u00c7in 80 bin 754, \u0130talya 9 bin 172, G\u00fcney Kore 7 bin 513, \u0130ran da 7 bin 161 g\u00f6r\u00fcld\u00fc. \u00d6l\u00fcmler de buna paralel &#8211; \u00c7in 3 bin 136, \u0130talya 463, \u0130ran 237, G\u00fcney Kore 54 ki\u015fi.<br \/>\n\u00c7in\u2019de de\u011filseniz ve yak\u0131n bir tarihte \u00c7in\u2019i ziyaret etmediyseniz, endi\u015fenizi y\u00fczde 94 atman\u0131z laz\u0131m. Ger\u00e7ekten COVIT-19 size bula\u015ft\u0131ysa, yine de pani\u011fe gerek yok \u00e7\u00fcnk\u00fc: y\u00fczde 81 hafif formda, y\u00fczde 14 orta, sadece y\u00fczde 5 kritik formda seyrediyor. Atipik zat\u00fcrede \u00f6l\u00fcm oran\u0131 y\u00fczde 10, COVIT-19 da y\u00fczde 3.4; elli ya\u015f alt\u0131 ise 0,2.10 \u00c7inde COVIT-19 dan 108 ki\u015fi \u00f6ld\u00fc. Ayn\u0131 g\u00fcn, 26 283 ki\u015fi kanserden, 24 641 ki\u015fi kalp hastal\u0131klar\u0131ndan, 4300 ki\u015fi \u015feker hastal\u0131\u011f\u0131ndan \u00f6ld\u00fc. Her g\u00fcn, Sivrisinekler 2 bin 740, \u0130nsanlar bin 300, Y\u0131lanlar 137 ki\u015finin \u00f6l\u00fcm\u00fcne sebebiyet veriyor.&#8221; ifadelerini vurgulad\u0131.\u00a0<\/p>\n<p>&#8220;Tedbirler Bir An \u00d6nce Al\u0131ns\u0131n&#8221;\u00a0<\/p>\n<p>T\u00fcm bu tespitlerden yola \u00e7\u0131karak tekrar etmek istiyoruz ki, Sa\u011fl\u0131k bakanl\u0131\u011f\u0131 a\u00e7\u0131s\u0131ndan Gerekli tedbirler bir an \u00f6nce al\u0131nmal\u0131d\u0131r diyen Dr. Antmen, \u201cTTB ve di\u011fer sa\u011fl\u0131k meslek \u00f6rg\u00fctleri ile gerekli diyalog sa\u011flanmal\u0131d\u0131r. Son iki g\u00fcnd\u00fcr Pandemi Kurullar\u0131n\u0131n kurulmas\u0131, hen\u00fcz tamamlanmam\u0131\u015f olsa da \u00e7al\u0131\u015fma planlar\u0131n\u0131n haz\u0131rlanmas\u0131, merkezi hastanelerin baz\u0131 b\u00f6l\u00fcmlerinin olas\u0131 salg\u0131na y\u00f6nelik haz\u0131rlanmas\u0131 \u00e7ok \u00f6nemli geli\u015fmelerdir ancak \u00e7ok daha \u00f6nceden yap\u0131lmas\u0131 gereken \u015feylerdir. En az\u0131ndan bug\u00fcnden sonra bu \u00f6nlemlerin al\u0131nmas\u0131nda ve ki\u015filerin e\u011fitiminde kamunun g\u00fcc\u00fcnden yararlanmak ve g\u00f6rsel medyay\u0131 yayg\u0131n bir \u015fekilde kullanmak \u00f6nemlidir.&#8221; dedi.<\/p>\n<p>&#8220;Gereksiz Panik Yap\u0131lmas\u0131n&#8221;\u00a0<\/p>\n<p>Halk\u0131m\u0131za y\u00f6nelik olarak da Gereksiz panik yapmay\u0131n, klasik ve sosyal medyadaki abart\u0131l\u0131 haberlere kanmay\u0131n diye belirten Antmen, &#8220;D\u00fcnyan\u0131n sonu gelmi\u015f gibi medikal malzeme, ila\u00e7, g\u0131da maddesi stoklamay\u0131n. Ki\u015fisel hijyeninize dikkat edin, kapal\u0131 alan etkinliklerinden uzak durmaya \u00e7al\u0131\u015f\u0131n. Yurtd\u0131\u015f\u0131 seyahatlerinizi erteleyin, \u00e7ok basit \u015fikayetleriniz nedeniyle hastanelere ve \u00f6zellikle acil servislere gitmeyin, birinci basamak olan aile hekimliklerini tercih etmeye \u00e7al\u0131\u015f\u0131n. Aks\u0131r\u0131rken ve hap\u015f\u0131r\u0131rken a\u011fz\u0131n\u0131z\u0131 tek kullan\u0131ml\u0131k mendil ya da dirse\u011finizin i\u00e7i k\u0131sm\u0131 ile kapat\u0131n, \u00d6zellikle ellerinizi sabun ve suyla s\u0131k s\u0131k y\u0131kay\u0131n, minumum y\u00fczde 70 seyreltilmi\u015f alkol ile ellerinizi s\u0131k s\u0131k dezenfekte edin. Bol su, bol s\u0131v\u0131 g\u0131da, C vitamini y\u00fcksek meyve, sebze, do\u011fal vitamin ve minerallerle ba\u011f\u0131\u015f\u0131kl\u0131k sisteminizi g\u00fc\u00e7l\u00fc tutun. T\u00fcm bunlar\u0131 yapt\u0131\u011f\u0131n\u0131z taktirde \u00e7ok k\u0131sa bir s\u00fcre i\u00e7erisinde bu salg\u0131n ortadan kalkacak ve bizler normal hayat\u0131m\u0131za devam edece\u011fiz.<br \/>\nBu vesileyle \u015funu bir kez daha an\u0131msat\u0131yoruz ki; onlarca y\u0131ld\u0131r iddia etti\u011fimiz gibi T\u00fcrkiye acilen tedavi edici sa\u011fl\u0131k hizmetlerine y\u00f6nelik politikalar\u0131ndan ve \u00f6zellikle son 17 y\u0131ld\u0131r yerle\u015ftirmeye \u00e7al\u0131\u015ft\u0131\u011f\u0131 sa\u011fl\u0131kta d\u00f6n\u00fc\u015f\u00fcm program\u0131ndan vazge\u00e7meli, koruyucu sa\u011fl\u0131k hizmetlerine y\u00f6nelmeli ve \u00f6zellikle &#8216;224 Say\u0131l\u0131 Sa\u011fl\u0131k Hizmetlerinin Sosyalle\u015ftirilmesi Yasas\u0131&#8217; g\u00fcn\u00fcm\u00fcze uygun bir \u015fekilde yeniden d\u00fczenlenerek uygulanmal\u0131, hastal\u0131klar\u0131n yay\u0131lmas\u0131nda do\u011frudan etkisi olan &#8216;a\u015f\u0131 kar\u015f\u0131t\u0131&#8217; e\u011filimlerle m\u00fccadelesini artt\u0131rmal\u0131d\u0131r.&#8221; \u015feklinde konu\u015ftu.<\/p>\n","protected":false},"excerpt":{"rendered":"<p>Mersin Tabip Odas\u0131, Corona vir\u00fcs\u00fc hakk\u0131nda bas\u0131n a\u00e7\u0131klamas\u0131 yapt\u0131.\u00a0 Mersin Tabip Odas\u0131 Ba\u015fkan\u0131 Dr. Mehmet Antmen, Sa\u011fl\u0131k Bakanl\u0131\u011f\u0131&#8217;n\u0131n ge\u00e7ti\u011fimiz g\u00fcn T\u00fcrkiye\u2019de Coronavir\u00fcs vakas\u0131 oldu\u011funu nihayet kabul etti\u011fini s\u00f6yledi. \u201cVaka ge\u00e7 &hellip; <a href=\"https:\/\/mersinekonomipolitikagazetesi.com\/?p=6155\" class=\"more-link\">Devam\u0131n\u0131 Oku&#8230;<\/a><\/p>\n","protected":false},"author":1,"featured_media":0,"comment_status":"open","ping_status":"open","sticky":false,"template":"","format":"standard","meta":[],"categories":[],"tags":[],"_links":{"self":[{"href":"https:\/\/mersinekonomipolitikagazetesi.com\/index.php?rest_route=\/wp\/v2\/posts\/6155"}],"collection":[{"href":"https:\/\/mersinekonomipolitikagazetesi.com\/index.php?rest_route=\/wp\/v2\/posts"}],"about":[{"href":"https:\/\/mersinekonomipolitikagazetesi.com\/index.php?rest_route=\/wp\/v2\/types\/post"}],"author":[{"embeddable":true,"href":"https:\/\/mersinekonomipolitikagazetesi.com\/index.php?rest_route=\/wp\/v2\/users\/1"}],"replies":[{"embeddable":true,"href":"https:\/\/mersinekonomipolitikagazetesi.com\/index.php?rest_route=%2Fwp%2Fv2%2Fcomments&post=6155"}],"version-history":[{"count":0,"href":"https:\/\/mersinekonomipolitikagazetesi.com\/index.php?rest_route=\/wp\/v2\/posts\/6155\/revisions"}],"wp:attachment":[{"href":"https:\/\/mersinekonomipolitikagazetesi.com\/index.php?rest_route=%2Fwp%2Fv2%2Fmedia&parent=6155"}],"wp:term":[{"taxonomy":"category","embeddable":true,"href":"https:\/\/mersinekonomipolitikagazetesi.com\/index.php?rest_route=%2Fwp%2Fv2%2Fcategories&post=6155"},{"taxonomy":"post_tag","embeddable":true,"href":"https:\/\/mersinekonomipolitikagazetesi.com\/index.php?rest_route=%2Fwp%2Fv2%2Ftags&post=6155"}],"curies":[{"name":"wp","href":"https:\/\/api.w.org\/{rel}","templated":true}]}}