{"id":6156,"date":"2020-11-04T18:26:35","date_gmt":"2020-11-04T15:26:35","guid":{"rendered":"http:\/\/mersinekonomipolitikagazetesi.com\/?p=6156"},"modified":"2020-11-04T18:26:35","modified_gmt":"2020-11-04T15:26:35","slug":"nato-turkiyenin-kaygilarini-gidermeli","status":"publish","type":"post","link":"https:\/\/mersinekonomipolitikagazetesi.com\/?p=6156","title":{"rendered":"NATO T\u00dcRK\u0130YE\u2019N\u0130N KAYGILARINI G\u0130DERMEL\u0130"},"content":{"rendered":"<p>NATO Parlamenter Asamblesi T\u00fcrk Grubu Ba\u015fkan Vekili ve AK Parti \u0130stanbul Milletvekili Ahmet Berat \u00c7onkar, Suriye\u2019deki T\u00fcrk askerlerine d\u00fczenlenen sald\u0131r\u0131 sonras\u0131 NATO\u2019nun d\u00f6rd\u00fcnc\u00fc madde kapsam\u0131nda g\u00f6reve \u00e7a\u011fr\u0131ld\u0131\u011f\u0131n\u0131 s\u00f6yleyerek, \u201cBurada somut bir tak\u0131m taleplerimiz var NATO\u2019dan. Bunlar \u015fuanda masada. Umut ediyorum ki NATO, T\u00fcrkiye\u2019nin kayg\u0131lar\u0131n\u0131 do\u011fru \u015fekilde okuyarak atmas\u0131 gereken ad\u0131mlar\u0131 atacakt\u0131r\u201d dedi.<br \/>\n\u00a0<br \/>\n\u0130leti\u015fim Ba\u015fkanl\u0131\u011f\u0131 taraf\u0131ndan \u00c7ukurova Kalk\u0131nma Ajans\u0131\u2019nda \u2018T\u00fcrkiye\u2019nin NATO \u00dcyeli\u011finin 68. Y\u0131l\u0131: Strateji \u0130ttifak\u0131n\u0131n G\u00fc\u00e7l\u00fc \u00dcyesi T\u00fcrkiye\u2019 konulu panel d\u00fczenlendi. Moderat\u00f6rl\u00fc\u011f\u00fcn\u00fc Do\u00e7. Dr. Murat Ye\u015filta\u015f\u2019\u0131n yapt\u0131\u011f\u0131 panelde konu\u015fan AK Parti \u0130stanbul Milletvekili ve NATO Parlamenter Asamblesi T\u00fcrk Grubu Ba\u015fkan Vekili Ahmet Berat \u00c7onkar, 68 y\u0131ld\u0131r T\u00fcrkiye\u2019nin NATO a\u00e7\u0131s\u0131ndan \u00e7ok \u00f6nemli bir \u00fcye oldu\u011funu s\u00f6yledi. NATO operasyonlar\u0131na T\u00fcrkiye\u2019nin \u00e7ok \u00f6nemli katk\u0131lar sundu\u011funu vurgulayan \u00c7onkar, \u201cBu Kore\u2019deki sava\u015fa i\u015ftirakten itibaren ba\u015fl\u0131yor ve NATO \u00fcyeli\u011fi ger\u00e7ekle\u015fiyor. Hemen hemen T\u00fcrkiye\u2019nin t\u00fcm \u00f6nemli operasyonlar\u0131nda \u00e7ok ciddi fedakarl\u0131klarda bulunmu\u015f oldu\u011funu g\u00f6r\u00fcyoruz. T\u00fcrkiye\u2019nin kendi milli g\u00fcvenli\u011fi a\u00e7\u0131s\u0131ndan NATO\u2019dan edindi\u011fi \u00f6nemli tecr\u00fcbeler var. \u0130\u015f birli\u011fi anlam\u0131nda da NATO m\u00fcttefiklerimizden \u00f6nemli kazan\u0131mlar\u0131m\u0131z var. Bir milletin, toplumun en \u00f6nemli birincil beklentisi siyasette g\u00fcvenlik konusudur. G\u00fcvende olmad\u0131\u011f\u0131m\u0131z zaman normal hayat\u0131m\u0131zda ak\u0131\u015f bekleyemeyiz. G\u00fcvenlik olmad\u0131\u011f\u0131 zaman ekonomi, huzur ve istikrar olmuyor. Bizlerinde en birincil g\u00f6revimiz \u00fclkemizin ve milletimizin g\u00fcvenli\u011fimizin tam manada sa\u011flanmas\u0131d\u0131r. NATO \u00fcyelik s\u00fcrecinde T\u00fcrkiye\u2019nin g\u00fcvenlik planlamalar\u0131n\u0131 NATO ile beraber planlam\u0131\u015f\u0131z. 68 y\u0131l \u00f6nemli bir zaman dilimi. So\u011fuk Sava\u015f d\u00f6neminde T\u00fcrkiye NATO\u2019nun g\u00fcneydo\u011fu kanad\u0131n\u0131 koruyan \u00e7ok stratejik bir \u00fclke olarak \u00fczerine d\u00fc\u015fen vazifeyi yerine getirmi\u015f\u201d diye konu\u015ftu.\u00a0<\/p>\n<p>\u201cZay\u0131f kalan NATO ittifak\u0131\u201d<br \/>\n\u00a0<br \/>\nNATO\u2019nun T\u00fcrkiye\u2019nin hak etti\u011fi ittifak dayan\u0131\u015fmas\u0131n\u0131 g\u00f6stermekte zay\u0131f kald\u0131\u011f\u0131n\u0131 vurgulayan \u00c7onkar, \u201cT\u00fcrkiye 90\u2019l\u0131 y\u0131llardan itibaren ya\u015fanan s\u00fcre\u00e7te ciddi ate\u015f \u00e7emberinin i\u00e7erisinden ge\u00e7mi\u015f oldu. T\u00fcrkiye\u2019nin NATO\u2019dan beklentileri de farkl\u0131la\u015fmaya ba\u015flad\u0131. T\u00fcrkiye, NATO\u2019nun Washington ittifak anla\u015fmas\u0131nda olan sorumluluklar\u0131n\u0131 tam manas\u0131yla yerine getirmesi noktas\u0131nda elbette \u0131srarc\u0131 yakla\u015f\u0131m i\u00e7erisinde. T\u00fcrkiye\u2019nin asl\u0131nda hak etmi\u015f oldu\u011fu hakl\u0131 oldu\u011fu konulardaki deste\u011fi ittifak dayan\u0131\u015fmas\u0131 \u00e7er\u00e7evesinde g\u00f6stermekte biraz zay\u0131f kalan NATO ittifak\u0131 tablosuyla kar\u015f\u0131 kar\u015f\u0131ya geldik\u201d ifadelerini kulland\u0131.\u00a0<\/p>\n<p>\u201c\u015eehitler vererek m\u00fccadelemizi yapt\u0131k\u201d<br \/>\n\u00a0<br \/>\nSuriye\u2019deki DEA\u015e ter\u00f6r \u00f6rg\u00fct\u00fcyle T\u00fcrkiye\u2019nin g\u00f6\u011f\u00fcs g\u00f6\u011f\u00fcse m\u00fccadele eden tek NATO \u00fcyesi \u00fclke oldu\u011funu aktaran \u00c7onkar, \u015funlar\u0131 s\u00f6yledi:\u00a0<br \/>\n\u201cBu anlamda bedel \u00f6deyerek \u015fehitler vererek m\u00fccadelemizi yapt\u0131k. T\u00fcrkiye sadece g\u00fcvenlik s\u0131namalar\u0131yla kar\u015f\u0131 kar\u015f\u0131ya kalm\u0131yor. Rusya\u2019n\u0131n Ukrayna ve G\u00fcrcistan \u00fczerinden farkl\u0131 b\u00f6lgeler \u00fczerinden olu\u015fturdu\u011fu tehditler bunun yan\u0131nda yeni yeni g\u00fcndeme gelmesiyle birlikte \u00c7in\u2019in y\u00fckseli\u015fiyle yeni alg\u0131lanan meydan okumalar b\u00fct\u00fcn ittifak \u00fcyelerinin bu ortak g\u00fcvenlik mekanizmas\u0131n\u0131 do\u011fru bir \u015fekilde \u00e7al\u0131\u015ft\u0131rma noktas\u0131nda \u00e7ok elzem oldu\u011funu g\u00f6steriyor. Bu Amerika, Avrupa \u00fclkeleri ve T\u00fcrkiye i\u00e7in ge\u00e7erli.\u201d\u00a0<\/p>\n<p>\u201cSomut taleplerimiz var NATO\u2019dan\u201d<br \/>\n\u00a0<br \/>\nSuriye\u2019nin \u0130dlib kentinde y\u00fcr\u00fct\u00fclen operasyonda \u015fehit olan T\u00fcrk askerlerinden sonra NATO\u2019nun d\u00f6rd\u00fcnc\u00fc madde kapsam\u0131nda g\u00f6reve \u00e7a\u011fr\u0131ld\u0131\u011f\u0131n\u0131 belirten \u00c7onkar, \u201cT\u00fcrkiye \u00f6zellikle askerlerimize y\u00f6nelik sald\u0131r\u0131lardan itibaren NATO\u2019yu d\u00f6rd\u00fcnc\u00fc madde kapsam\u0131nda g\u00f6reve \u00e7a\u011f\u0131rd\u0131. Burada somut bir tak\u0131m taleplerimiz var NATO\u2019dan. Bunlar \u015fuanda masada. T\u00fcrkiye bu kritik s\u00fcre\u00e7te dayan\u0131\u015fman\u0131n ortaya konulmas\u0131n\u0131 \u00f6nemsiyor. Bu s\u0131namalarda NATO umut ediyorum do\u011fru bir s\u0131nav verecektir ve T\u00fcrkiye\u2019nin kayg\u0131lar\u0131n\u0131 do\u011fru \u015fekilde okuyarak atmas\u0131 gereken ad\u0131mlar\u0131 atacakt\u0131r\u201d diye konu\u015ftu.<br \/>\n\u00a0<br \/>\n\u0130stinye \u00dcniversitesi \u00d6\u011fretim \u00dcyesi Do\u00e7. Dr. Aylin \u00dcnver Noi&#8217;nin de konu\u015fma yapt\u0131\u011f\u0131 panelde, NATO ve NATO&#8217;nun k\u00fcresel g\u00fcvenlikteki rol\u00fc ve faaliyetleri hakk\u0131nda \u00fcye \u00fclkelerde fark\u0131ndal\u0131k olu\u015fturmay\u0131, \u00f6zellikle gen\u00e7 kesimi bilgilendirmeyi ama\u00e7layan &#8220;WeAreNATO&#8221; kampanyas\u0131n\u0131n tan\u0131t\u0131m videosunun g\u00f6sterimi yap\u0131ld\u0131. Panele \u0130ncirlik 10. Tanker Hava \u00dcs Komutanl\u0131\u011f\u0131ndan da NATO \u00fcyesi \u00fclkelerin yetkilileri kat\u0131ld\u0131. \u00a0<\/p>\n","protected":false},"excerpt":{"rendered":"<p>NATO Parlamenter Asamblesi T\u00fcrk Grubu Ba\u015fkan Vekili ve AK Parti \u0130stanbul Milletvekili Ahmet Berat \u00c7onkar, Suriye\u2019deki T\u00fcrk askerlerine d\u00fczenlenen sald\u0131r\u0131 sonras\u0131 NATO\u2019nun d\u00f6rd\u00fcnc\u00fc madde kapsam\u0131nda g\u00f6reve \u00e7a\u011fr\u0131ld\u0131\u011f\u0131n\u0131 s\u00f6yleyerek, \u201cBurada somut &hellip; <a href=\"https:\/\/mersinekonomipolitikagazetesi.com\/?p=6156\" class=\"more-link\">Devam\u0131n\u0131 Oku&#8230;<\/a><\/p>\n","protected":false},"author":1,"featured_media":0,"comment_status":"open","ping_status":"open","sticky":false,"template":"","format":"standard","meta":[],"categories":[],"tags":[],"_links":{"self":[{"href":"https:\/\/mersinekonomipolitikagazetesi.com\/index.php?rest_route=\/wp\/v2\/posts\/6156"}],"collection":[{"href":"https:\/\/mersinekonomipolitikagazetesi.com\/index.php?rest_route=\/wp\/v2\/posts"}],"about":[{"href":"https:\/\/mersinekonomipolitikagazetesi.com\/index.php?rest_route=\/wp\/v2\/types\/post"}],"author":[{"embeddable":true,"href":"https:\/\/mersinekonomipolitikagazetesi.com\/index.php?rest_route=\/wp\/v2\/users\/1"}],"replies":[{"embeddable":true,"href":"https:\/\/mersinekonomipolitikagazetesi.com\/index.php?rest_route=%2Fwp%2Fv2%2Fcomments&post=6156"}],"version-history":[{"count":0,"href":"https:\/\/mersinekonomipolitikagazetesi.com\/index.php?rest_route=\/wp\/v2\/posts\/6156\/revisions"}],"wp:attachment":[{"href":"https:\/\/mersinekonomipolitikagazetesi.com\/index.php?rest_route=%2Fwp%2Fv2%2Fmedia&parent=6156"}],"wp:term":[{"taxonomy":"category","embeddable":true,"href":"https:\/\/mersinekonomipolitikagazetesi.com\/index.php?rest_route=%2Fwp%2Fv2%2Fcategories&post=6156"},{"taxonomy":"post_tag","embeddable":true,"href":"https:\/\/mersinekonomipolitikagazetesi.com\/index.php?rest_route=%2Fwp%2Fv2%2Ftags&post=6156"}],"curies":[{"name":"wp","href":"https:\/\/api.w.org\/{rel}","templated":true}]}}