{"id":6159,"date":"2020-11-04T18:26:35","date_gmt":"2020-11-04T15:26:35","guid":{"rendered":"http:\/\/mersinekonomipolitikagazetesi.com\/?p=6159"},"modified":"2020-11-04T18:26:35","modified_gmt":"2020-11-04T15:26:35","slug":"erdemlide-limonlu-deresi-tasti-seralari-ve-siteleri-su-basti","status":"publish","type":"post","link":"https:\/\/mersinekonomipolitikagazetesi.com\/?p=6159","title":{"rendered":"Erdemli&#8217;de Limonlu Deresi ta\u015ft\u0131 Seralar\u0131 ve siteleri su bast\u0131"},"content":{"rendered":"<p>Mersin&#8217;in Erdemli il\u00e7esinde 2 g\u00fcn aral\u0131klarla devam eden ya\u011fmur ve Toros Da\u011flar\u0131&#8217;ndaki Aks\u0131fat b\u00f6lgesinde eriyen kar sular\u0131, Limonlu Mahallesinden ge\u00e7en Limonlu Deresine sel suyu olarak ula\u015ft\u0131. Islah duvar\u0131ndan ta\u015fan sel sular\u0131 sebebiyle dere kenar\u0131ndaki site ve apartmanlar, narenciye bah\u00e7eleri, muz seralar\u0131, sebze tarlalar\u0131 sular alt\u0131nda kald\u0131. Sel sular\u0131n\u0131n i\u00e7me suyu hatt\u0131na zarar vermesi dolay\u0131s\u0131yla b\u00f6lgeye i\u00e7me suyu verilemedi\u011fi de \u00f6\u011frenildi.\u00a0<br \/>\nSular alt\u0131nda kalan sitede ikamet eden Mustafa G\u00fcray, &#8220;2-3 g\u00fcnd\u00fcr ya\u011fmur ya\u011fd\u0131\u011f\u0131 i\u00e7in Limonlu deremiz ta\u015f\u0131yor. Biz y\u0131llard\u0131r bu sorunu ya\u015f\u0131yoruz. Yetkililerden yard\u0131m istiyoruz. 2 g\u00fcn 3 g\u00fcn ya\u011fmur ya\u011fd\u0131\u011f\u0131nda kar\u0131n erimesi ve derenin i\u00e7inin temizlenmedi\u011finden dolay\u0131, ma\u011fdur duruma d\u00fc\u015f\u00fcyoruz. Sitemiz her zaman i\u00e7in su alt\u0131nda kal\u0131yor. Bu sorunun ivedilikle \u00e7\u00f6z\u00fclmesini istiyoruz&#8221; dedi.\u00a0<\/p>\n<p>&#8220;Sabaha kadar uyumad\u0131k&#8221;<br \/>\n\u00a0<br \/>\nFatma \u015eim\u015fek ise gece boyu uyumad\u0131klar\u0131n\u0131 ifade ederek, &#8220;Her ya\u011fmur ya\u011fd\u0131\u011f\u0131nda sel geliyor, ne yapaca\u011f\u0131m\u0131z\u0131 \u015fa\u015f\u0131rd\u0131k. Sabaha kadar hi\u00e7 uyumad\u0131k. Bir e\u015fyam batt\u0131, yeni e\u015fya getirdim onlarda selin i\u00e7inde kald\u0131. Yetkililerimize sesleniyorum, bize bir \u00e7are bulsunlar&#8221; diye konu\u015ftu.\u00a0<br \/>\n\u00d6te yandan mahalledeki muz seralar\u0131, limon ba\u015fta olmak \u00fczere narenciye bah\u00e7eleri ve fasulye tarlalar\u0131 sular alt\u0131nda kald\u0131.\u00a0<br \/>\n\u00dcreticilerden Serkan Ko\u00e7, mahalledeki tar\u0131m alanlar\u0131n\u0131 3 ayda 4 kez sel sular\u0131 alt\u0131nda kald\u0131\u011f\u0131n\u0131 s\u00f6yledi.\u00a0<br \/>\nKo\u00e7, &#8220;Mahallemize 3 ayda d\u00f6rd\u00fcnc\u00fc kez sel suyu gelmi\u015ftir. Seralar\u0131m\u0131z su i\u00e7inde giremiyoruz, narenciye bah\u00e7eleri su i\u00e7inde&#8221; dedi.\u00a0<\/p>\n<p>&#8220;Eme\u011fimiz ziyan oldu&#8221;<br \/>\n\u00a0<br \/>\n\u00dcreticilerden Ahmet \u00d6zmen ise muz seras\u0131n\u0131n bak\u0131m\u0131n\u0131 yeni yapt\u0131rd\u0131\u011f\u0131n\u0131 ancak sel sular\u0131yla eme\u011finin ziyan oldu\u011funu anlatt\u0131.<br \/>\n\u00d6zmen, &#8220;Seram\u0131n bak\u0131m\u0131n\u0131 yapt\u0131m, g\u00fcbresini att\u0131m ama b\u00fct\u00fcn eme\u011fimiz heder oldu, gitti. Yetkililerin bizimle ilgilenmesini istiyoruz, Limonlu ile ilgilensinler istiyoruz. Vatanda\u015f\u0131n ekti\u011fi fasulyesi, sebzesi, limon bah\u00e7eleri, muz seralar\u0131 heder oldu&#8221; \u015feklinde konu\u015ftu.\u00a0<br \/>\nB\u00f6lgede \u00fcreticiler sel sular\u0131n\u0131n daha da y\u00fckselmesinden endi\u015fe ediyor. \u00a0<\/p>\n","protected":false},"excerpt":{"rendered":"<p>Mersin&#8217;in Erdemli il\u00e7esinde 2 g\u00fcn aral\u0131klarla devam eden ya\u011fmur ve Toros Da\u011flar\u0131&#8217;ndaki Aks\u0131fat b\u00f6lgesinde eriyen kar sular\u0131, Limonlu Mahallesinden ge\u00e7en Limonlu Deresine sel suyu olarak ula\u015ft\u0131. Islah duvar\u0131ndan ta\u015fan sel &hellip; <a href=\"https:\/\/mersinekonomipolitikagazetesi.com\/?p=6159\" class=\"more-link\">Devam\u0131n\u0131 Oku&#8230;<\/a><\/p>\n","protected":false},"author":1,"featured_media":0,"comment_status":"open","ping_status":"open","sticky":false,"template":"","format":"standard","meta":[],"categories":[],"tags":[],"_links":{"self":[{"href":"https:\/\/mersinekonomipolitikagazetesi.com\/index.php?rest_route=\/wp\/v2\/posts\/6159"}],"collection":[{"href":"https:\/\/mersinekonomipolitikagazetesi.com\/index.php?rest_route=\/wp\/v2\/posts"}],"about":[{"href":"https:\/\/mersinekonomipolitikagazetesi.com\/index.php?rest_route=\/wp\/v2\/types\/post"}],"author":[{"embeddable":true,"href":"https:\/\/mersinekonomipolitikagazetesi.com\/index.php?rest_route=\/wp\/v2\/users\/1"}],"replies":[{"embeddable":true,"href":"https:\/\/mersinekonomipolitikagazetesi.com\/index.php?rest_route=%2Fwp%2Fv2%2Fcomments&post=6159"}],"version-history":[{"count":0,"href":"https:\/\/mersinekonomipolitikagazetesi.com\/index.php?rest_route=\/wp\/v2\/posts\/6159\/revisions"}],"wp:attachment":[{"href":"https:\/\/mersinekonomipolitikagazetesi.com\/index.php?rest_route=%2Fwp%2Fv2%2Fmedia&parent=6159"}],"wp:term":[{"taxonomy":"category","embeddable":true,"href":"https:\/\/mersinekonomipolitikagazetesi.com\/index.php?rest_route=%2Fwp%2Fv2%2Fcategories&post=6159"},{"taxonomy":"post_tag","embeddable":true,"href":"https:\/\/mersinekonomipolitikagazetesi.com\/index.php?rest_route=%2Fwp%2Fv2%2Ftags&post=6159"}],"curies":[{"name":"wp","href":"https:\/\/api.w.org\/{rel}","templated":true}]}}