{"id":6160,"date":"2020-11-04T18:26:35","date_gmt":"2020-11-04T15:26:35","guid":{"rendered":"http:\/\/mersinekonomipolitikagazetesi.com\/?p=6160"},"modified":"2020-11-04T18:26:35","modified_gmt":"2020-11-04T15:26:35","slug":"tasmak-uzere-olan-yavca-goletine-aninda-mudahale","status":"publish","type":"post","link":"https:\/\/mersinekonomipolitikagazetesi.com\/?p=6160","title":{"rendered":"Ta\u015fmak \u00fczere olan Yavca g\u00f6letine an\u0131nda m\u00fcdahale"},"content":{"rendered":"<p>Toroslar Belediyesi, Mersin\u2019de d\u00fcn g\u00fcn boyu etkili olan kuvvetli sa\u011fanak ya\u011f\u0131\u015f sonucu ta\u015fmak \u00fczere olan Yavca Mahallesindeki g\u00f6lete an\u0131nda m\u00fcdahale etti.\u00a0<br \/>\nToroslar Belediyesinden yap\u0131lan a\u00e7\u0131klamaya g\u00f6re, afet ekibi, ya\u011f\u0131\u015flar nedeniyle ta\u015fmak \u00fczere olan Yavca g\u00f6leti i\u00e7in harekete ge\u00e7ti. B\u00f6lgeye an\u0131nda ula\u015fan ekipler, g\u00f6lete yak\u0131n iki evde ya\u015fayanlar\u0131 g\u00fcvenli yere yerle\u015ftirerek \u00f6nlem ald\u0131. Ayn\u0131 zamanda bir ah\u0131r da bo\u015falt\u0131larak hayvanlar\u0131n telef olmamas\u0131 i\u00e7in seferber olundu. Ekipler, paletli ekskavat\u00f6r arac\u0131l\u0131\u011f\u0131yla g\u00f6letin ta\u015fmamas\u0131 i\u00e7in tedbir ald\u0131.\u00a0<br \/>\nEkipler, ayn\u0131 anda Arslank\u00f6y Mahallesinde de ta\u015fan derelere m\u00fcdahale ederek olas\u0131 tehlikelere kar\u015f\u0131 \u00f6nlem ald\u0131.\u00a0<br \/>\nMahalle sakinleri, vatanda\u015flar\u0131n her an\u0131nda yan\u0131nda olan Toroslar Belediye Ba\u015fkan\u0131 Ats\u0131z Af\u015f\u0131n Y\u0131lmaz\u2019a ve ekibine te\u015fekk\u00fcr ederek, memnuniyetlerini ifade ettiler.\u00a0<br \/>\nDo\u011fal afet durumlar\u0131na kar\u015f\u0131 her an teyakkuzda olduklar\u0131n\u0131 belirten Ba\u015fkan Y\u0131lmaz, \u201cOlu\u015fturdu\u011fumuz afet ekibimiz ile olas\u0131 ya\u015fanabilecek felaketlere kar\u015f\u0131 haz\u0131rl\u0131kl\u0131y\u0131z. Yavca Mahallemizde a\u015f\u0131r\u0131 ya\u011f\u0131\u015flar ile dolan g\u00f6lete ekiplerimiz an\u0131nda m\u00fcdahale etti ve b\u00f6ylece hi\u00e7 bir vatanda\u015f\u0131m\u0131z ma\u011fdur olmad\u0131. Hem\u015fehrilerimizin i\u00e7i rahat olsun. Bu durumu atlatana kadar teyakkuz halinde olaca\u011f\u0131z\u201d dedi. \u00a0<\/p>\n","protected":false},"excerpt":{"rendered":"<p>Toroslar Belediyesi, Mersin\u2019de d\u00fcn g\u00fcn boyu etkili olan kuvvetli sa\u011fanak ya\u011f\u0131\u015f sonucu ta\u015fmak \u00fczere olan Yavca Mahallesindeki g\u00f6lete an\u0131nda m\u00fcdahale etti.\u00a0 Toroslar Belediyesinden yap\u0131lan a\u00e7\u0131klamaya g\u00f6re, afet ekibi, ya\u011f\u0131\u015flar nedeniyle &hellip; <a href=\"https:\/\/mersinekonomipolitikagazetesi.com\/?p=6160\" class=\"more-link\">Devam\u0131n\u0131 Oku&#8230;<\/a><\/p>\n","protected":false},"author":1,"featured_media":0,"comment_status":"open","ping_status":"open","sticky":false,"template":"","format":"standard","meta":[],"categories":[],"tags":[],"_links":{"self":[{"href":"https:\/\/mersinekonomipolitikagazetesi.com\/index.php?rest_route=\/wp\/v2\/posts\/6160"}],"collection":[{"href":"https:\/\/mersinekonomipolitikagazetesi.com\/index.php?rest_route=\/wp\/v2\/posts"}],"about":[{"href":"https:\/\/mersinekonomipolitikagazetesi.com\/index.php?rest_route=\/wp\/v2\/types\/post"}],"author":[{"embeddable":true,"href":"https:\/\/mersinekonomipolitikagazetesi.com\/index.php?rest_route=\/wp\/v2\/users\/1"}],"replies":[{"embeddable":true,"href":"https:\/\/mersinekonomipolitikagazetesi.com\/index.php?rest_route=%2Fwp%2Fv2%2Fcomments&post=6160"}],"version-history":[{"count":0,"href":"https:\/\/mersinekonomipolitikagazetesi.com\/index.php?rest_route=\/wp\/v2\/posts\/6160\/revisions"}],"wp:attachment":[{"href":"https:\/\/mersinekonomipolitikagazetesi.com\/index.php?rest_route=%2Fwp%2Fv2%2Fmedia&parent=6160"}],"wp:term":[{"taxonomy":"category","embeddable":true,"href":"https:\/\/mersinekonomipolitikagazetesi.com\/index.php?rest_route=%2Fwp%2Fv2%2Fcategories&post=6160"},{"taxonomy":"post_tag","embeddable":true,"href":"https:\/\/mersinekonomipolitikagazetesi.com\/index.php?rest_route=%2Fwp%2Fv2%2Ftags&post=6160"}],"curies":[{"name":"wp","href":"https:\/\/api.w.org\/{rel}","templated":true}]}}