{"id":6162,"date":"2020-11-04T18:26:35","date_gmt":"2020-11-04T15:26:35","guid":{"rendered":"http:\/\/mersinekonomipolitikagazetesi.com\/?p=6162"},"modified":"2020-11-04T18:26:35","modified_gmt":"2020-11-04T15:26:35","slug":"ucuncu-sondaj-gemisi-kanuni-turkiyede","status":"publish","type":"post","link":"https:\/\/mersinekonomipolitikagazetesi.com\/?p=6162","title":{"rendered":"\u00dc\u00e7\u00fcnc\u00fc sondaj  gemisi \u201cKanuni\u201d T\u00fcrkiye\u2019de"},"content":{"rendered":"<p>Enerji ve Tabii Kaynaklar Bakan\u0131 Fatih D\u00f6nmez, \u00fc\u00e7\u00fcnc\u00fc sondaj gemisi Kanuni&#8217;nin T\u00fcrkiye\u2019ye geldi\u011fini duyurdu.\u00a0<br \/>\nEnerji ve Tabii Kaynaklar Bakan\u0131 Fatih D\u00f6nmez, sosyal medya hesab\u0131ndan yapt\u0131\u011f\u0131 payla\u015f\u0131mda, \u201cDo\u011fu Akdeniz\u2019de hidrokarbon arama ve sondaj faaliyetlerimizin daha g\u00fc\u00e7l\u00fc bir \u015fekilde s\u00fcrd\u00fcr\u00fclmesi i\u00e7in &#8216;Kanuni&#8217; ad\u0131n\u0131 verdi\u011fimiz \u00fc\u00e7\u00fcnc\u00fc sondaj gemimizi 31 Ocak\u2019ta teslim alarak T\u00fcrkiye Petrolleri envanterine kaydettirdik. Gemimiz, seyir i\u00e7in gereken bak\u0131m, tedarik ve test i\u015flemleri Birle\u015fik Krall\u0131k\u2019ta tamamland\u0131ktan sonra \u00fclkemize do\u011fru yelken a\u00e7t\u0131. 18 g\u00fcnl\u00fck seyrin ard\u0131ndan 13 Mart\u2019ta Do\u011fu Akdeniz\u2019deki karasular\u0131m\u0131za giri\u015f yapan gemimiz, bu sabah Ta\u015fucu Mersin a\u00e7\u0131klar\u0131ndaki demir sahas\u0131na ula\u015ft\u0131. 35 TPAO personeliyle T\u00fcrkiye\u2019ye giri\u015f yapan Kanuni\u2019ye korona vir\u00fcs tedbirleri \u00e7er\u00e7evesinde giri\u015f-\u00e7\u0131k\u0131\u015f yasak olacak. Bu s\u00fcre zarf\u0131nda a\u00e7\u0131klanan tedbirler gere\u011fi gemi ve m\u00fcrettebatla ilgili uygulamalar hayata ge\u00e7irilecek. Korona vir\u00fcs \u00f6nlemleriyle ilgili s\u00fcrecin tamamlanmas\u0131n\u0131n ard\u0131ndan gemimizin bak\u0131m, g\u00fcncelleme ve geli\u015ftirme s\u00fcreci ba\u015flayacak. Milletimizin deste\u011fi, Say\u0131n Cumhurba\u015fkan\u0131m\u0131z\u0131n g\u00fc\u00e7l\u00fc iradesiyle Kanuni yeni ultra derin deniz sondajlar\u0131na en k\u0131sa zamanda ba\u015flayacak. Milletimize hay\u0131rl\u0131 u\u011furlu olsun. Pruvas\u0131 neta, ba\u015far\u0131lar\u0131 daim olsun\u201d dedi. \u00a0<\/p>\n","protected":false},"excerpt":{"rendered":"<p>Enerji ve Tabii Kaynaklar Bakan\u0131 Fatih D\u00f6nmez, \u00fc\u00e7\u00fcnc\u00fc sondaj gemisi Kanuni&#8217;nin T\u00fcrkiye\u2019ye geldi\u011fini duyurdu.\u00a0 Enerji ve Tabii Kaynaklar Bakan\u0131 Fatih D\u00f6nmez, sosyal medya hesab\u0131ndan yapt\u0131\u011f\u0131 payla\u015f\u0131mda, \u201cDo\u011fu Akdeniz\u2019de hidrokarbon arama &hellip; <a href=\"https:\/\/mersinekonomipolitikagazetesi.com\/?p=6162\" class=\"more-link\">Devam\u0131n\u0131 Oku&#8230;<\/a><\/p>\n","protected":false},"author":1,"featured_media":0,"comment_status":"open","ping_status":"open","sticky":false,"template":"","format":"standard","meta":[],"categories":[],"tags":[],"_links":{"self":[{"href":"https:\/\/mersinekonomipolitikagazetesi.com\/index.php?rest_route=\/wp\/v2\/posts\/6162"}],"collection":[{"href":"https:\/\/mersinekonomipolitikagazetesi.com\/index.php?rest_route=\/wp\/v2\/posts"}],"about":[{"href":"https:\/\/mersinekonomipolitikagazetesi.com\/index.php?rest_route=\/wp\/v2\/types\/post"}],"author":[{"embeddable":true,"href":"https:\/\/mersinekonomipolitikagazetesi.com\/index.php?rest_route=\/wp\/v2\/users\/1"}],"replies":[{"embeddable":true,"href":"https:\/\/mersinekonomipolitikagazetesi.com\/index.php?rest_route=%2Fwp%2Fv2%2Fcomments&post=6162"}],"version-history":[{"count":0,"href":"https:\/\/mersinekonomipolitikagazetesi.com\/index.php?rest_route=\/wp\/v2\/posts\/6162\/revisions"}],"wp:attachment":[{"href":"https:\/\/mersinekonomipolitikagazetesi.com\/index.php?rest_route=%2Fwp%2Fv2%2Fmedia&parent=6162"}],"wp:term":[{"taxonomy":"category","embeddable":true,"href":"https:\/\/mersinekonomipolitikagazetesi.com\/index.php?rest_route=%2Fwp%2Fv2%2Fcategories&post=6162"},{"taxonomy":"post_tag","embeddable":true,"href":"https:\/\/mersinekonomipolitikagazetesi.com\/index.php?rest_route=%2Fwp%2Fv2%2Ftags&post=6162"}],"curies":[{"name":"wp","href":"https:\/\/api.w.org\/{rel}","templated":true}]}}