{"id":6163,"date":"2020-11-04T18:26:35","date_gmt":"2020-11-04T15:26:35","guid":{"rendered":"http:\/\/mersinekonomipolitikagazetesi.com\/?p=6163"},"modified":"2020-11-04T18:26:35","modified_gmt":"2020-11-04T15:26:35","slug":"zincir-marketler-kaldirimlari-istila-ediyor-kimse-dur-diyemiyor","status":"publish","type":"post","link":"https:\/\/mersinekonomipolitikagazetesi.com\/?p=6163","title":{"rendered":"Z\u0130NC\u0130R MARKETLER KALDIRIMLARI \u0130ST\u0130LA ED\u0130YOR! K\u0130MSE \u2018DUR\u2019 D\u0130YEM\u0130YOR..!"},"content":{"rendered":"<p>Mersin&#8217;de kald\u0131r\u0131mlar zincir marketler taraf\u0131ndan istila ediliyor, zab\u0131talar nedense sessiz kal\u0131yor. Vatanda\u015f bu durumdan \u00e7ok rahats\u0131z oldu\u011funu dile getiriyor.<\/p>\n<p>Mersin&#8217;in \u00e7e\u015fitli yerlerinde yo\u011fun olan zincir marketler halka ayr\u0131lan kald\u0131r\u0131mlar\u0131 \u00fcr\u00fcn tan\u0131t\u0131m\u0131 ve merdiven olarak istila edip kullan\u0131yorlar. Durumdan a\u015f\u0131r\u0131 derecede rahats\u0131z olan vatanda\u015flar; &#8220;Bu durum bizi \u00e7ok fazla zorluyor. Hem kendi a\u00e7\u0131m\u0131zdan hemde \u00e7ocuklar\u0131m\u0131z\u0131n a\u00e7\u0131s\u0131ndan \u00e7ok zor bir durum. \u00c7ok b\u00fcy\u00fck bir sorumsuzluk da var. Bunu sadece market i\u00e7inde ayr\u0131lan b\u00f6lgeyi kullanmalar\u0131 laz\u0131m, kald\u0131r\u0131mlar\u0131 de\u011fil!Ayr\u0131ca kald\u0131r\u0131mlar dolu olunca yolda hareket halinde ara\u00e7lar olsa dahi maalesef yoldan y\u00fcr\u00fcmek zorunda kal\u0131yoruz. \u015eu ana kadar \u00e7ok zorluk \u00e7ekiyoruz ama sesimizi duyurmakta zorlan\u0131yoruz. Belediye zab\u0131talar\u0131 k\u00fc\u00e7\u00fck esnafla u\u011fra\u015f\u0131rken, bu \u00f6nemli sorunu \u00f6nemsemiyor. Bu durum daha \u00e7ok zorla\u015fmadan, sakatl\u0131k veya can kayb\u0131 ya\u015fanmadan acilen yetkililerin \u00a0ilgilenmelerini istiyoruz.&#8221; diye konu\u015ftu.<\/p>\n","protected":false},"excerpt":{"rendered":"<p>Mersin&#8217;de kald\u0131r\u0131mlar zincir marketler taraf\u0131ndan istila ediliyor, zab\u0131talar nedense sessiz kal\u0131yor. Vatanda\u015f bu durumdan \u00e7ok rahats\u0131z oldu\u011funu dile getiriyor. Mersin&#8217;in \u00e7e\u015fitli yerlerinde yo\u011fun olan zincir marketler halka ayr\u0131lan kald\u0131r\u0131mlar\u0131 \u00fcr\u00fcn &hellip; <a href=\"https:\/\/mersinekonomipolitikagazetesi.com\/?p=6163\" class=\"more-link\">Devam\u0131n\u0131 Oku&#8230;<\/a><\/p>\n","protected":false},"author":1,"featured_media":0,"comment_status":"open","ping_status":"open","sticky":false,"template":"","format":"standard","meta":[],"categories":[],"tags":[],"_links":{"self":[{"href":"https:\/\/mersinekonomipolitikagazetesi.com\/index.php?rest_route=\/wp\/v2\/posts\/6163"}],"collection":[{"href":"https:\/\/mersinekonomipolitikagazetesi.com\/index.php?rest_route=\/wp\/v2\/posts"}],"about":[{"href":"https:\/\/mersinekonomipolitikagazetesi.com\/index.php?rest_route=\/wp\/v2\/types\/post"}],"author":[{"embeddable":true,"href":"https:\/\/mersinekonomipolitikagazetesi.com\/index.php?rest_route=\/wp\/v2\/users\/1"}],"replies":[{"embeddable":true,"href":"https:\/\/mersinekonomipolitikagazetesi.com\/index.php?rest_route=%2Fwp%2Fv2%2Fcomments&post=6163"}],"version-history":[{"count":0,"href":"https:\/\/mersinekonomipolitikagazetesi.com\/index.php?rest_route=\/wp\/v2\/posts\/6163\/revisions"}],"wp:attachment":[{"href":"https:\/\/mersinekonomipolitikagazetesi.com\/index.php?rest_route=%2Fwp%2Fv2%2Fmedia&parent=6163"}],"wp:term":[{"taxonomy":"category","embeddable":true,"href":"https:\/\/mersinekonomipolitikagazetesi.com\/index.php?rest_route=%2Fwp%2Fv2%2Fcategories&post=6163"},{"taxonomy":"post_tag","embeddable":true,"href":"https:\/\/mersinekonomipolitikagazetesi.com\/index.php?rest_route=%2Fwp%2Fv2%2Ftags&post=6163"}],"curies":[{"name":"wp","href":"https:\/\/api.w.org\/{rel}","templated":true}]}}