{"id":6174,"date":"2020-11-04T18:26:36","date_gmt":"2020-11-04T15:26:36","guid":{"rendered":"http:\/\/mersinekonomipolitikagazetesi.com\/?p=6174"},"modified":"2020-11-04T18:26:36","modified_gmt":"2020-11-04T15:26:36","slug":"mersindeki-okul-dezenfektan-urunlerinde-seri-uretime-basladi","status":"publish","type":"post","link":"https:\/\/mersinekonomipolitikagazetesi.com\/?p=6174","title":{"rendered":"Mersin\u2019deki okul, dezenfektan \u00fcr\u00fcnlerinde seri \u00fcretime ba\u015flad\u0131"},"content":{"rendered":"<div><span style=\"font-size: 12px;\">\u00a0Mersin Atat\u00fcrk Mesleki ve Teknik Anadolu Lisesi, korona vir\u00fcs\u00fc \u00f6nlemleri \u00e7er\u00e7evesinde dezenfektan \u00fcr\u00fcnlerinde seri \u00fcretime ge\u00e7erek, T\u00fcrkiye\u2019nin bu alandaki ihtiyac\u0131n\u0131 kar\u015f\u0131lamaya ba\u015flad\u0131. Bir hafta i\u00e7inde g\u00fcnl\u00fck 5 ton \u00fcretim kapasitesine ula\u015fan okul, artan talep \u00e7er\u00e7evesinde \u00fcretimi 10 tona kadar \u00e7\u0131karacak.\u00a0<\/span><\/div>\n<div><span style=\"font-size: 12px;\">\u00a0 Milli E\u011fitim Bakanl\u0131\u011f\u0131, korona vir\u00fcs\u00fc \u00f6nlemleri \u00e7er\u00e7evesinde talep patlamas\u0131 ya\u015fanan dezenfektan \u00fcr\u00fcnlerinde ihtiyac\u0131 kar\u015f\u0131lamak i\u00e7in T\u00fcrkiye genelinde kimya b\u00f6l\u00fcm\u00fc olan 26 okulu, \u00fcretim yapmalar\u0131 i\u00e7in g\u00f6revlendirdi. G\u00f6revlendirilen okullar aras\u0131nda Mersin\u2019den Atat\u00fcrk Mesleki ve Teknik Anadolu Lisesi ile Tarsus Mesleki ve Teknik Anadolu Lisesi de yer ald\u0131.\u00a0<\/span><\/div>\n<div><span style=\"font-size: 12px;\">\u00a0 Mersin\u2019in merkez Toroslar il\u00e7esi Alsancak Mahallesi Gazi Mustafa Kemal Bulvar\u0131 \u00fczerinde bulunan Atat\u00fcrk Mesleki ve Teknik Anadolu Lisesi, g\u00f6revlendirmenin ard\u0131ndan y\u00fczey dezenfektanlar\u0131nda seri \u00fcretime ge\u00e7ti. Okulun kimya b\u00f6l\u00fcm\u00fcnden 7 \u00f6\u011fretmen ve 3 \u00f6\u011frenciyle ger\u00e7ekle\u015ftirilen \u00fcretim \u015fu anda g\u00fcnl\u00fck 5 ton kapasiteye ula\u015f\u0131rken, ba\u015fta okullar olmak \u00fczere belediyeler, tar\u0131m il\u00e7e m\u00fcd\u00fcrl\u00fckleri, resmi ve \u00f6zel kurumlar, \u015fahsi ve k\u00fc\u00e7\u00fck \u00f6l\u00e7ekli i\u015fletmeler, yurtlar ve isteyen vatanda\u015flar dezenfektan \u00fcr\u00fcnlerinden alabiliyor.\u00a0\u00a0<\/span><\/div>\n<div><span style=\"font-size: 12px;\">\u00a0 Atat\u00fcrk Mesleki ve Teknik Anadolu Lisesi Kimya B\u00f6l\u00fcm\u00fc laboratuvar\u0131nda, \u00f6\u011fretmen ve \u00f6\u011frencilerden olu\u015fan 10 ki\u015filik ekip, halk aras\u0131nda \u2018hipo\u2019 olarak bilinen ve zararl\u0131 vir\u00fcsler kar\u015f\u0131s\u0131nda en h\u0131zl\u0131 etkiyi g\u00f6steren hipoklorit dezenfektan \u00fcretimine seri \u015fekilde devam ediyor.\u00a0<\/span><\/div>\n<div><span style=\"font-size: 12px;\">\u00a0<\/span><\/div>\n<div><span style=\"font-size: 12px;\">\u00a0 \u201c\u0130steyen herkesin ihtiyac\u0131n\u0131 kar\u015f\u0131l\u0131yoruz\u201d\u00a0<\/span><\/div>\n<div><span style=\"font-size: 12px;\">\u00a0 Atat\u00fcrk Mesleki ve Teknik Anadolu Lisesi M\u00fcd\u00fcr\u00fc Mehmet Ali Deveci, \u0130HA muhabirine ger\u00e7ekle\u015ftirdikleri \u00fcretimle ilgili a\u00e7\u0131klama yapt\u0131. Okulda son bir haftad\u0131r bakanl\u0131\u011f\u0131n belirledi\u011fi \u00f6l\u00e7\u00fclerde ve yo\u011funlukta dezenfektan \u00fcretimi yapt\u0131klar\u0131n\u0131 belirten M\u00fcd\u00fcr Deveci, bu dezenfektan \u00fcr\u00fcn\u00fcn\u00fc, sadece kamu kurum ve kurulu\u015flar\u0131na de\u011fil, ba\u015fta Mersin olmak \u00fczere T\u00fcrkiye genelindeki b\u00fct\u00fcn \u00f6zel i\u015fletmelere ve isteyen vatanda\u015flara verdiklerini s\u00f6yledi. \u201c\u0130steyen herkesin ihtiyac\u0131n\u0131 kar\u015f\u0131l\u0131yoruz\u201d diyen Deveci, \u00fcrettikleri solisyonun ila\u00e7lama (p\u00fcsk\u00fcrtme) ve y\u00fczey temizleme yani silme y\u00f6ntemiyle uygulanabildi\u011fini anlatt\u0131.\u00a0\u00a0<\/span><\/div>\n<div><span style=\"font-size: 12px;\">\u00a0<\/span><\/div>\n<div><span style=\"font-size: 12px;\">\u00a0 \u201cTemas edilen her noktan\u0131n temizlenmesini \u00f6neriyoruz\u201d\u00a0<\/span><\/div>\n<div><span style=\"font-size: 12px;\">\u00a0 \u00d6zellikle korona vir\u00fcs\u00fcn\u00fcn hacim a\u011f\u0131rl\u0131\u011f\u0131 di\u011fer vir\u00fcslerden biraz daha fazla oldu\u011fu i\u00e7in genelde temas y\u00f6ntemiyle bula\u015f\u0131m ger\u00e7ekle\u015fti\u011fini an\u0131msatan Deveci, \u201cTemas edilen her bir noktan\u0131n bu \u00fcr\u00fcnle dezenfektan yap\u0131larak temizlenmesini \u00f6neriyoruz. 10 litre suya 1 litre solisyon ekleyerek elle dokundu\u011fumuz neresi varsa, kap\u0131 kollar\u0131 ba\u015fta olmak \u00fczere okullar ile kamu kurum ve kurulu\u015flar\u0131nda s\u0131ralar\u0131n, tahtan\u0131n, masalar\u0131n, duvarlar\u0131n ve yerlerin silinmesiyle dezenfektan yap\u0131labiliyor. Ayn\u0131 zamanda 50 litre suya 1 litre solisyon ekleyerek ila\u00e7lama y\u00f6ntemiyle de dezenfektan yap\u0131labiliyor. Daha sonra dezenfektan yap\u0131lan yerler havaland\u0131r\u0131l\u0131yor ve steril hale gelmi\u015f oluyor\u201d dedi.\u00a0<\/span><\/div>\n<div><span style=\"font-size: 12px;\">\u00a0 Bakanl\u0131\u011f\u0131n, dezenfektan i\u015fleminin haftada en az bir kez yap\u0131lmas\u0131 gerekti\u011fini bildirdi\u011fini dile getiren Deveci, ancak bunun yo\u011funlu\u011fa g\u00f6re de\u011fi\u015febildi\u011fini, \u00f6zellikle okullarda kap\u0131 kollar\u0131 ve s\u0131ralar\u0131n g\u00fcnl\u00fck temizlenmesi gereken yerler oldu\u011funu vurgulad\u0131.\u00a0<\/span><\/div>\n<div><span style=\"font-size: 12px;\">\u00a0<\/span><\/div>\n<div><span style=\"font-size: 12px;\">\u00a0 \u201cG\u00fcnl\u00fck 5 ton \u00fcretim yap\u0131yoruz\u201d\u00a0<\/span><\/div>\n<div><span style=\"font-size: 12px;\">\u00a0 \u015eu anda \u00fcrettikleri solisyonlar\u0131n hammaddesinde bir s\u0131k\u0131nt\u0131 ya\u015famad\u0131klar\u0131n\u0131, ellerinde yeterince bulundu\u011funu belirten Deveci, \u201cG\u00fcnl\u00fck 5 ton \u00fcretim yap\u0131yoruz. \u0130lk g\u00fcnlerde talep artt\u0131\u011f\u0131 i\u00e7in mesai saatleri d\u0131\u015f\u0131nda ak\u015famlar\u0131 da \u00fcretim yaparak kapasiteyi 10 tona kadar \u00e7\u0131karabiliyoruz. \u015eu anda talep olduk\u00e7a yo\u011fun ve bu talepleri kar\u015f\u0131lamakta da herhangi bir s\u0131k\u0131nt\u0131 ya\u015fam\u0131yoruz. Mersin ba\u015fta olmak \u00fczere ba\u015fka illere de g\u00f6nderebiliyoruz. Bug\u00fcn Adana\u2019dan da sipari\u015flerimizi ald\u0131k ve Adana\u2019ya da g\u00f6nderiyoruz. Onun i\u00e7in de \u00f6nlemlerimizi ald\u0131k\u201d diye konu\u015ftu.\u00a0<\/span><\/div>\n<div><span style=\"font-size: 12px;\">\u00a0<\/span><\/div>\n<div><span style=\"font-size: 12px;\">\u00a0 \u201cEl jeli \u00fcretimi i\u00e7in etilalkol bulam\u0131yoruz\u201d\u00a0<\/span><\/div>\n<div><span style=\"font-size: 12px;\">\u00a0 Deveci, \u015fu anda \u00e7ok fazla talep oldu\u011fu i\u00e7in y\u00fczey temizleyici \u00fcretimine a\u011f\u0131rl\u0131k verdiklerini, ancak s\u0131v\u0131 el sabunu \u00fcretimi de yapt\u0131klar\u0131n\u0131 s\u00f6yleyerek, \u201cAyr\u0131ca bir el jeli de \u00fcrettik. Bunun da ar-ge \u00e7al\u0131\u015fmalar\u0131n\u0131 daha \u00f6nceden yapm\u0131\u015ft\u0131k. Bu el jeli etilalkol bazl\u0131 oldu\u011fu i\u00e7in \u015fu anda T\u00fcrkiye genelinde etilalkol teminimiz kalmad\u0131, elimizdeki stok da bitti. E\u011fer etil alkol temin etme \u015fans\u0131 bulursak el dezenfektan\u0131 da \u00fcretebiliyoruz. Bu daha \u00e7ok talep g\u00f6r\u00fcyor asl\u0131nda, \u00f6zellikle lokantalardan bize yo\u011fun talep var ama hammadde s\u0131k\u0131nt\u0131m\u0131z oldu\u011fu i\u00e7in \u015fu anda \u00fcretimini yapam\u0131yoruz, ara\u015ft\u0131rmalar\u0131m\u0131z devam ediyor\u201d ifadelerini kulland\u0131.\u00a0<\/span><\/div>\n<div><span style=\"font-size: 12px;\">\u00a0 Okulun Kimya Teknolojisi Alan \u015eefi Kamuran Alpergin ise halk aras\u0131nda \u2018hipo\u2019, \u2018\u00e7ama\u015f\u0131r suyu\u2019 olarak bilinen sodyum hipoklorit \u00fcrettiklerini s\u00f6yledi. \u00d6\u011fretmenler ve \u00f6\u011frencilerle birlikte d\u00f6ner sermaye kapsam\u0131nda \u00fcretim yapt\u0131klar\u0131n\u0131 belirten Alpergin, okulda s\u0131v\u0131 el sabunu ve y\u00fczey temizleyici \u00fcretimini daha \u00f6nceden de yapt\u0131klar\u0131n\u0131 ve sat\u0131\u015fa sunduklar\u0131n\u0131 dile getirerek, \u015f\u00f6yle devam etti: \u201cAma korona vir\u00fcs\u00fc nedeniyle Milli E\u011fitim Bakanl\u0131\u011f\u0131 bize g\u00f6rev tevdi edince \u00fcretimi gece-g\u00fcnd\u00fcz s\u00fcrekli bir \u00f6zveriyle yapmaya \u00e7al\u0131\u015f\u0131yoruz.\u201d\u00a0<\/span><\/div>\n","protected":false},"excerpt":{"rendered":"<p>\u00a0Mersin Atat\u00fcrk Mesleki ve Teknik Anadolu Lisesi, korona vir\u00fcs\u00fc \u00f6nlemleri \u00e7er\u00e7evesinde dezenfektan \u00fcr\u00fcnlerinde seri \u00fcretime ge\u00e7erek, T\u00fcrkiye\u2019nin bu alandaki ihtiyac\u0131n\u0131 kar\u015f\u0131lamaya ba\u015flad\u0131. Bir hafta i\u00e7inde g\u00fcnl\u00fck 5 ton \u00fcretim kapasitesine &hellip; <a href=\"https:\/\/mersinekonomipolitikagazetesi.com\/?p=6174\" class=\"more-link\">Devam\u0131n\u0131 Oku&#8230;<\/a><\/p>\n","protected":false},"author":1,"featured_media":0,"comment_status":"open","ping_status":"open","sticky":false,"template":"","format":"standard","meta":[],"categories":[],"tags":[],"_links":{"self":[{"href":"https:\/\/mersinekonomipolitikagazetesi.com\/index.php?rest_route=\/wp\/v2\/posts\/6174"}],"collection":[{"href":"https:\/\/mersinekonomipolitikagazetesi.com\/index.php?rest_route=\/wp\/v2\/posts"}],"about":[{"href":"https:\/\/mersinekonomipolitikagazetesi.com\/index.php?rest_route=\/wp\/v2\/types\/post"}],"author":[{"embeddable":true,"href":"https:\/\/mersinekonomipolitikagazetesi.com\/index.php?rest_route=\/wp\/v2\/users\/1"}],"replies":[{"embeddable":true,"href":"https:\/\/mersinekonomipolitikagazetesi.com\/index.php?rest_route=%2Fwp%2Fv2%2Fcomments&post=6174"}],"version-history":[{"count":0,"href":"https:\/\/mersinekonomipolitikagazetesi.com\/index.php?rest_route=\/wp\/v2\/posts\/6174\/revisions"}],"wp:attachment":[{"href":"https:\/\/mersinekonomipolitikagazetesi.com\/index.php?rest_route=%2Fwp%2Fv2%2Fmedia&parent=6174"}],"wp:term":[{"taxonomy":"category","embeddable":true,"href":"https:\/\/mersinekonomipolitikagazetesi.com\/index.php?rest_route=%2Fwp%2Fv2%2Fcategories&post=6174"},{"taxonomy":"post_tag","embeddable":true,"href":"https:\/\/mersinekonomipolitikagazetesi.com\/index.php?rest_route=%2Fwp%2Fv2%2Ftags&post=6174"}],"curies":[{"name":"wp","href":"https:\/\/api.w.org\/{rel}","templated":true}]}}