{"id":6175,"date":"2020-11-04T18:26:36","date_gmt":"2020-11-04T15:26:36","guid":{"rendered":"http:\/\/mersinekonomipolitikagazetesi.com\/?p=6175"},"modified":"2020-11-04T18:26:36","modified_gmt":"2020-11-04T15:26:36","slug":"sorusturma-kapsaminda-mezitli-itfaiye-grup-amirine-gorevden-el-cektirildi","status":"publish","type":"post","link":"https:\/\/mersinekonomipolitikagazetesi.com\/?p=6175","title":{"rendered":"Soru\u015fturma kapsam\u0131nda Mezitli \u0130tfaiye Grup Amirine g\u00f6revden el \u00e7ektirildi"},"content":{"rendered":"<div><span style=\"font-size: 12px;\">Mersin B\u00fcy\u00fck\u015fehir Belediyesi, Mezitli il\u00e7esinde 14 Mart Cumartesi g\u00fcn\u00fc bir apartmanda \u00e7\u0131kan yang\u0131nda, Yasemin \u00d6zel adl\u0131 vatanda\u015f\u0131n, yang\u0131ndan kurtulmak i\u00e7in sarkt\u0131\u011f\u0131 balkondan d\u00fc\u015ferek ya\u015fam\u0131n\u0131 yitirmesi \u00fczerine ba\u015flatt\u0131\u011f\u0131 soru\u015fturma kapsam\u0131nda, Mezitli \u0130tfaiye Grup Amirine g\u00f6revden el \u00e7ektirildi\u011fini bildirdi.\u00a0<\/span><\/div>\n<div><span style=\"font-size: 12px;\">\u00a0 Mersin B\u00fcy\u00fck\u015fehir Belediyesi, itfaiye merdiveni yeti\u015fmedi\u011fi i\u00e7in bir vatanda\u015f\u0131n ya\u015fam\u0131n\u0131 yitirdi\u011fi y\u00f6n\u00fcnde kamuoyunda olu\u015fan yo\u011fun ele\u015ftiriler ve tepkiler \u00fczerine yeni bir a\u00e7\u0131klama daha yapt\u0131. A\u00e7\u0131klamada, itfaiye ekiplerinin yang\u0131na m\u00fcdahalesinin ayr\u0131nt\u0131lar\u0131na yer verilirken, soru\u015fturman\u0131n seyrine ili\u015fkin de bilgi aktar\u0131ld\u0131.\u00a0<\/span><\/div>\n<div><span style=\"font-size: 12px;\">\u00a0 Mezitli il\u00e7esi Viran\u015fehir Mahallesinde 14 Mart Cumartesi g\u00fcn\u00fc saat 15.26 sular\u0131nda 13 katl\u0131 Do\u011fa Plaza Apartman\u0131nda hen\u00fcz nedeni ortaya \u00e7\u0131kar\u0131lmam\u0131\u015f bir yang\u0131n \u00e7\u0131kt\u0131\u011f\u0131 belirtilen a\u00e7\u0131klamada, yang\u0131nda 34 ya\u015f\u0131ndaki Yasemin \u00d6zel\u2019in hayat\u0131n\u0131 kaybetti\u011fi belirtildi. Olayla ilgili 112\u2019ye bir vatanda\u015f taraf\u0131ndan yap\u0131lan ilk ihbar\u0131n, saat 15.26\u2019da d\u00fc\u015ft\u00fc\u011f\u00fc kaydedilen a\u00e7\u0131klamada, \u201cSaat 15.27\u2019de Mezitli \u0130tfaiye Grup Amirli\u011fimizdeki 9 personel, biri 18 metre merdiven uzunlu\u011funa sahip toplam 4 ara\u00e7 ile olay mahalline \u00e7\u0131k\u0131\u015f yapm\u0131\u015f, 15.30\u2019da olay mahalline ula\u015fm\u0131\u015flard\u0131r. Bu esnada Yeni\u015fehir, G\u00f6k\u00e7ebelen ve Merkez itfaiyeden takviye talebinde bulunulmu\u015ftur\u201d denildi.\u00a0<\/span><\/div>\n<div><span style=\"font-size: 12px;\">\u00a0<\/span><\/div>\n<div><span style=\"font-size: 12px;\">\u00a0 \u201c54 metre merdivene sahip ara\u00e7 olay yerine ula\u015ft\u0131\u011f\u0131nda Yasemin \u00d6zel, balkon parmakl\u0131klar\u0131ndan kendisini bo\u015flu\u011fa b\u0131rakm\u0131\u015ft\u0131r\u201d\u00a0<\/span><\/div>\n<div><span style=\"font-size: 12px;\">\u00a0 Yang\u0131n m\u00fcdahale ekibinin, Yasemin \u00d6zel\u2019in hen\u00fcz balkonda olmad\u0131\u011f\u0131 s\u0131rada ilk olarak ekipmanlar\u0131yla birlikte h\u0131zl\u0131 bir \u015fekilde meskenin kap\u0131s\u0131ndan i\u00e7eri girme giri\u015fiminde bulundu\u011fu ifade edilen a\u00e7\u0131klamada, \u015funlar kaydedildi:\u00a0<\/span><\/div>\n<div><span style=\"font-size: 12px;\">\u201cKap\u0131n\u0131n \u00e7elik kap\u0131 ve \u00e7ok y\u00f6nl\u00fc kilitli olmas\u0131 nedeniyle k\u0131r\u0131lmas\u0131 uzun s\u00fcrm\u00fc\u015f, bu durumun uzun zaman alaca\u011f\u0131n\u0131n anla\u015f\u0131lmas\u0131 \u00fczerine, balyoz ile duvarlar k\u0131r\u0131larak i\u00e7eriye girilmeye \u00e7al\u0131\u015f\u0131lm\u0131\u015f, bu s\u0131rada ana bina \u00f6n\u00fcnde bulunan bir personel balkona bir ki\u015finin \u00e7\u0131kt\u0131\u011f\u0131 bilgisini vermi\u015ftir. Mezitli \u0130tfaiye Grup Amirli\u011fi emrinde bulunan, a\u011f\u0131r yap\u0131da ve hareket kabiliyeti az olan 54 metre merdiven uzunlu\u011funa sahip ikinci ara\u00e7 olay mahalline ula\u015ft\u0131\u011f\u0131 esnada Yasemin \u00d6zel, tutundu\u011fu balkon parmakl\u0131klar\u0131ndan kendisini bo\u015flu\u011fa b\u0131rakm\u0131\u015ft\u0131r. Meskene girildi\u011finde; 4 oda ve 1 salondan olu\u015fan dairenin sadece salon k\u0131sm\u0131nda yang\u0131n\u0131n oldu\u011fu, alevlerin di\u011fer odalara sirayet etmedi\u011fi g\u00f6r\u00fclm\u00fc\u015ft\u00fcr. Salondaki yang\u0131n k\u0131sa s\u00fcre i\u00e7erisinde s\u00f6nd\u00fcr\u00fclm\u00fc\u015ft\u00fcr.\u201d\u00a0<\/span><\/div>\n<div><span style=\"font-size: 12px;\">\u00a0<\/span><\/div>\n<div><span style=\"font-size: 12px;\">\u00a0 \u201cSoru\u015fturma sonucunda kusuru ve ihmali tespit edilen personel hakk\u0131nda gereken i\u015flem yap\u0131lacak\u201d\u00a0<\/span><\/div>\n<div><span style=\"font-size: 12px;\">\u00a0 Olay yerine intikal eden 9 yang\u0131n kurtarma personelinin tamam\u0131n\u0131n mesleki ve deneyim olarak itfaiye tecr\u00fcbelerinin 5 ila 28 y\u0131l aras\u0131nda de\u011fi\u015fti\u011fi bilgisi verilen a\u00e7\u0131klamada, personelin 3\u2019\u00fcn\u00fcn yang\u0131nda arama kurtarma konusunda g\u00f6revlendirildi\u011fi, di\u011fer 6 personelin de yang\u0131n m\u00fcdahale ekibinden olu\u015ftu\u011fu kaydedildi. A\u00e7\u0131klamada, \u201cM\u00fcessif olay\u0131n ya\u015fand\u0131\u011f\u0131 ayn\u0131 g\u00fcn; personelin kusuru olup olmad\u0131\u011f\u0131 ile ilgili olarak soru\u015fturma a\u00e7\u0131lm\u0131\u015ft\u0131r. Soru\u015fturman\u0131n selameti a\u00e7\u0131s\u0131ndan Mezitli \u0130tfaiye Grup Amirine g\u00f6revden el \u00e7ektirilmi\u015ftir. Soru\u015fturma sonucunda kusuru ve ihmali tespit edilen personel hakk\u0131nda gereken i\u015flem yap\u0131lacak, kamuoyunu ilgilendiren geli\u015fmeler hassasiyetle a\u00e7\u0131klanmaya devam edilecektir. Hayat\u0131n\u0131 kaybeden vatanda\u015f\u0131m\u0131za bir kez daha Allah\u2019tan rahmet, yak\u0131nlar\u0131na sab\u0131r diliyoruz\u201d ifadelerine yer verildi.\u00a0<\/span><\/div>\n","protected":false},"excerpt":{"rendered":"<p>Mersin B\u00fcy\u00fck\u015fehir Belediyesi, Mezitli il\u00e7esinde 14 Mart Cumartesi g\u00fcn\u00fc bir apartmanda \u00e7\u0131kan yang\u0131nda, Yasemin \u00d6zel adl\u0131 vatanda\u015f\u0131n, yang\u0131ndan kurtulmak i\u00e7in sarkt\u0131\u011f\u0131 balkondan d\u00fc\u015ferek ya\u015fam\u0131n\u0131 yitirmesi \u00fczerine ba\u015flatt\u0131\u011f\u0131 soru\u015fturma kapsam\u0131nda, Mezitli &hellip; <a href=\"https:\/\/mersinekonomipolitikagazetesi.com\/?p=6175\" class=\"more-link\">Devam\u0131n\u0131 Oku&#8230;<\/a><\/p>\n","protected":false},"author":1,"featured_media":0,"comment_status":"open","ping_status":"open","sticky":false,"template":"","format":"standard","meta":[],"categories":[],"tags":[],"_links":{"self":[{"href":"https:\/\/mersinekonomipolitikagazetesi.com\/index.php?rest_route=\/wp\/v2\/posts\/6175"}],"collection":[{"href":"https:\/\/mersinekonomipolitikagazetesi.com\/index.php?rest_route=\/wp\/v2\/posts"}],"about":[{"href":"https:\/\/mersinekonomipolitikagazetesi.com\/index.php?rest_route=\/wp\/v2\/types\/post"}],"author":[{"embeddable":true,"href":"https:\/\/mersinekonomipolitikagazetesi.com\/index.php?rest_route=\/wp\/v2\/users\/1"}],"replies":[{"embeddable":true,"href":"https:\/\/mersinekonomipolitikagazetesi.com\/index.php?rest_route=%2Fwp%2Fv2%2Fcomments&post=6175"}],"version-history":[{"count":0,"href":"https:\/\/mersinekonomipolitikagazetesi.com\/index.php?rest_route=\/wp\/v2\/posts\/6175\/revisions"}],"wp:attachment":[{"href":"https:\/\/mersinekonomipolitikagazetesi.com\/index.php?rest_route=%2Fwp%2Fv2%2Fmedia&parent=6175"}],"wp:term":[{"taxonomy":"category","embeddable":true,"href":"https:\/\/mersinekonomipolitikagazetesi.com\/index.php?rest_route=%2Fwp%2Fv2%2Fcategories&post=6175"},{"taxonomy":"post_tag","embeddable":true,"href":"https:\/\/mersinekonomipolitikagazetesi.com\/index.php?rest_route=%2Fwp%2Fv2%2Ftags&post=6175"}],"curies":[{"name":"wp","href":"https:\/\/api.w.org\/{rel}","templated":true}]}}