{"id":6177,"date":"2020-11-04T18:26:36","date_gmt":"2020-11-04T15:26:36","guid":{"rendered":"http:\/\/mersinekonomipolitikagazetesi.com\/?p=6177"},"modified":"2020-11-04T18:26:36","modified_gmt":"2020-11-04T15:26:36","slug":"nufus-mudurlugu-calisanlari-korona-viruse-karsi-onlem-alinmasini-istedi","status":"publish","type":"post","link":"https:\/\/mersinekonomipolitikagazetesi.com\/?p=6177","title":{"rendered":"N\u00fcfus m\u00fcd\u00fcrl\u00fc\u011f\u00fc \u00e7al\u0131\u015fanlar\u0131 &#8216;Korona vir\u00fcs&#8217;e kar\u015f\u0131 \u00f6nlem al\u0131nmas\u0131n\u0131 istedi"},"content":{"rendered":"<div><span style=\"font-size: 12px;\">E-N\u00fcfus \u00c7al\u0131\u015fanlar\u0131 Sendikas\u0131 Genel Ba\u015fkan\u0131 Ali Kart, \u00c7in&#8217;de ba\u015flay\u0131p d\u00fcnyaya yay\u0131lan &#8216;Korona vir\u00fcs&#8217; salg\u0131n\u0131na kar\u015f\u0131 en \u00e7ok insan sirk\u00fclasyonunun ya\u015fand\u0131\u011f\u0131 n\u00fcfus m\u00fcd\u00fcrl\u00fckleri i\u00e7in &#8216;acil eylem plan\u0131&#8217; yap\u0131lmas\u0131 gerekti\u011fini s\u00f6yledi.\u00a0 \u00a0<\/span><\/div>\n<div><span style=\"font-size: 12px;\">\u00a0 Kart, konuya ili\u015fkin yapt\u0131\u011f\u0131 a\u00e7\u0131klamada, d\u00fcnyada \u00e7ok say\u0131da \u00f6l\u00fcme ve s\u0131n\u0131rlar\u0131n kapat\u0131lmas\u0131na neden olan bu s\u00fcre\u00e7te, n\u00fcfus m\u00fcd\u00fcrl\u00fc\u011f\u00fc personeli ve i\u015flem yapt\u0131rmaya gelen vatanda\u015flar\u0131n sa\u011fl\u0131\u011f\u0131n\u0131n g\u00f6z \u00f6n\u00fcnde bulundurularak, n\u00fcfus m\u00fcd\u00fcrl\u00fcklerinde hijyenik bir ortam olu\u015fturulmas\u0131n\u0131n b\u00fcy\u00fck \u00f6nem arz etti\u011fini vurgulayarak, &#8220;Korona vir\u00fcse kar\u015f\u0131 n\u00fcfus m\u00fcd\u00fcrl\u00fckleri i\u00e7in acil eylem plan\u0131 yap\u0131lmas\u0131n\u0131 bekliyoruz. Vatanda\u015f ile birebir i\u015flem yap\u0131lan, parmak izi al\u0131nan, hastal\u0131\u011f\u0131n yay\u0131lmas\u0131na neden olacak etkenler fazlas\u0131yla mevcut. Sadece bir parmak izi cihaz\u0131na bile ak\u015fama kadar y\u00fczlerce kez temas edilmekte. Bunun i\u00e7in bir an \u00f6nce harekete ge\u00e7ilmelidir&#8221; ifadelerini kulland\u0131.\u00a0<\/span><\/div>\n<div><span style=\"font-size: 12px;\">\u00a0 Kart, bu kapsamda aciliyet arz eden \u00f6nerileri ise \u015f\u00f6yle s\u0131ralad\u0131; &#8220;Zorunlu haller d\u0131\u015f\u0131nda n\u00fcfus m\u00fcd\u00fcrl\u00fc\u011f\u00fcnde yap\u0131lacak i\u015flemler i\u00e7in randevu sistemi k\u0131s\u0131tlanmal\u0131. \u0130l\u00e7e n\u00fcfus m\u00fcd\u00fcrl\u00fc\u011f\u00fc giri\u015flerine dezenfektan koyulmal\u0131. Personele maske ve eldiven da\u011f\u0131t\u0131lmal\u0131. Vatanda\u015flar\u0131m\u0131zdan beklentimiz ise hem bizlerin hem de kendi sa\u011fl\u0131klar\u0131 a\u00e7\u0131s\u0131ndan, mecburi ve zorunlu haller d\u0131\u015f\u0131nda kimlik de\u011fi\u015fimi ve di\u011fer i\u015flemlerini bir s\u00fcreli\u011fine ertelemelidirler.\u00a0<\/span><\/div>\n<div><span style=\"font-size: 12px;\">\u00a0 \u015eunu \u00f6nemle hat\u0131rlatmak isteriz ki, kimlik de\u011fi\u015fiminin bir zaman k\u0131s\u0131t\u0131 yok, yeni kimlik \u00e7\u0131karana kadar ellerinde bulunan kimlikler ge\u00e7erlidir.&#8221;\u00a0<\/span><\/div>\n","protected":false},"excerpt":{"rendered":"<p>E-N\u00fcfus \u00c7al\u0131\u015fanlar\u0131 Sendikas\u0131 Genel Ba\u015fkan\u0131 Ali Kart, \u00c7in&#8217;de ba\u015flay\u0131p d\u00fcnyaya yay\u0131lan &#8216;Korona vir\u00fcs&#8217; salg\u0131n\u0131na kar\u015f\u0131 en \u00e7ok insan sirk\u00fclasyonunun ya\u015fand\u0131\u011f\u0131 n\u00fcfus m\u00fcd\u00fcrl\u00fckleri i\u00e7in &#8216;acil eylem plan\u0131&#8217; yap\u0131lmas\u0131 gerekti\u011fini s\u00f6yledi.\u00a0 \u00a0 &hellip; <a href=\"https:\/\/mersinekonomipolitikagazetesi.com\/?p=6177\" class=\"more-link\">Devam\u0131n\u0131 Oku&#8230;<\/a><\/p>\n","protected":false},"author":1,"featured_media":0,"comment_status":"open","ping_status":"open","sticky":false,"template":"","format":"standard","meta":[],"categories":[],"tags":[],"_links":{"self":[{"href":"https:\/\/mersinekonomipolitikagazetesi.com\/index.php?rest_route=\/wp\/v2\/posts\/6177"}],"collection":[{"href":"https:\/\/mersinekonomipolitikagazetesi.com\/index.php?rest_route=\/wp\/v2\/posts"}],"about":[{"href":"https:\/\/mersinekonomipolitikagazetesi.com\/index.php?rest_route=\/wp\/v2\/types\/post"}],"author":[{"embeddable":true,"href":"https:\/\/mersinekonomipolitikagazetesi.com\/index.php?rest_route=\/wp\/v2\/users\/1"}],"replies":[{"embeddable":true,"href":"https:\/\/mersinekonomipolitikagazetesi.com\/index.php?rest_route=%2Fwp%2Fv2%2Fcomments&post=6177"}],"version-history":[{"count":0,"href":"https:\/\/mersinekonomipolitikagazetesi.com\/index.php?rest_route=\/wp\/v2\/posts\/6177\/revisions"}],"wp:attachment":[{"href":"https:\/\/mersinekonomipolitikagazetesi.com\/index.php?rest_route=%2Fwp%2Fv2%2Fmedia&parent=6177"}],"wp:term":[{"taxonomy":"category","embeddable":true,"href":"https:\/\/mersinekonomipolitikagazetesi.com\/index.php?rest_route=%2Fwp%2Fv2%2Fcategories&post=6177"},{"taxonomy":"post_tag","embeddable":true,"href":"https:\/\/mersinekonomipolitikagazetesi.com\/index.php?rest_route=%2Fwp%2Fv2%2Ftags&post=6177"}],"curies":[{"name":"wp","href":"https:\/\/api.w.org\/{rel}","templated":true}]}}