{"id":6179,"date":"2020-11-04T18:26:36","date_gmt":"2020-11-04T15:26:36","guid":{"rendered":"http:\/\/mersinekonomipolitikagazetesi.com\/?p=6179"},"modified":"2020-11-04T18:26:36","modified_gmt":"2020-11-04T15:26:36","slug":"mezitli-belediyesinden-cek-cek-operasyonu-operasyon-mersin-geneline-yayilmali","status":"publish","type":"post","link":"https:\/\/mersinekonomipolitikagazetesi.com\/?p=6179","title":{"rendered":"Mezitli Belediyesinden \u2018\u00e7ek-\u00e7ek\u2019 operasyonu OPERASYON MERS\u0130N GENEL\u0130NE YAYILMALI"},"content":{"rendered":"<p>Mezitli Belediyesi, vatanda\u015flardan gelen yo\u011fun \u015fikayetler \u00fczerine \u015fehir trafi\u011fini tehlikeye d\u00fc\u015f\u00fcr\u00fcp, g\u00f6r\u00fcnt\u00fc kirlili\u011fine de yol a\u00e7an hurdac\u0131lar ile \u2018\u00e7ek-\u00e7ek\u2019 diye tabir edilen el arabalar\u0131yla k\u00e2\u011f\u0131t toplayanlara y\u00f6nelik operasyon yapt\u0131.<\/p>\n<p>Mezitli\u2019yi daha modern ve ya\u015fan\u0131labilir bir kent haline getirmek amac\u0131yla \u00e7al\u0131\u015fmalar\u0131 aral\u0131ks\u0131z s\u00fcrd\u00fcren Mezitli Belediyesi, kent merkezinde g\u00f6r\u00fcnt\u00fc kirlili\u011fine yol a\u00e7an unsurlarla m\u00fccadele \u00e7al\u0131\u015fmas\u0131na h\u0131z verdi. \u00d6zellikle ana arterlerde trafi\u011fi tehlikeye sokan hurdac\u0131lar ile \u2018\u00e7ek-\u00e7ek\u2019 diye tabir edilen el arabalar\u0131 ve motosikletlerle sokak aralar\u0131nda hem yaya hem ara\u00e7 trafi\u011fini olumsuz etkileyen k\u00e2\u011f\u0131t toplayanlara y\u00f6nelik uyar\u0131lar\u0131n ard\u0131ndan yapt\u0131r\u0131mlar da uygulanmaya ba\u015flad\u0131.<\/p>\n<p>Vatanda\u015flardan gelen yo\u011fun \u015fikayetler \u00fczerine \u2018\u00e7ek-\u00e7ek\u2019 diye tabir edilen ara\u00e7larla sokak sokak gezip, k\u00e2\u011f\u0131t toplayanlara da g\u00f6z a\u00e7t\u0131rmayan zab\u0131ta ekipleri, \u00e7ok say\u0131da \u2018\u00e7ek-\u00e7ek\u2019 diye tabir edilen el arabas\u0131na el koydu.<\/p>\n<p>Mezitli Belediyesi Zab\u0131ta M\u00fcd\u00fcrl\u00fc\u011f\u00fc, Temizlik \u0130\u015fleri M\u00fcd\u00fcrl\u00fc\u011f\u00fc ve Fen \u0130\u015fleri M\u00fcd\u00fcrl\u00fc\u011f\u00fc ekipleri, \u0130l\u00e7e Emniyet M\u00fcd\u00fcrl\u00fc\u011f\u00fc ile birlikte k\u00e2\u011f\u0131t toplayanlar\u0131n ara\u00e7lar\u0131n\u0131 toplama operasyonu yapt\u0131.<\/p>\n<p>Ekipler taraf\u0131ndan yap\u0131lan denetimlerde \u00e7ok say\u0131da el arabas\u0131na ve ruhsats\u0131z, kullan\u0131ma uymayan motorlu ara\u00e7lara el konuldu. Trafi\u011fi ve sosyal ya\u015fam\u0131 olumsuz etkileyen b\u00fcy\u00fck b\u00f6l\u00fcm\u00fc ruhsats\u0131z olan ara\u00e7lar toplanarak yediemin deposuna teslim edildi.<\/p>\n<p>Vatanda\u015flardan gelen yo\u011fun \u015fikayetler \u00fczerine harekete ge\u00e7tikleri bilgisini veren Mezitli Belediye Ba\u015fkan\u0131 Ne\u015fet Tarhan, \u201cBelediye birimlerimiz ve \u0130l\u00e7e Emniyet M\u00fcd\u00fcrl\u00fc\u011f\u00fcm\u00fczle birlikte arkada\u015flar\u0131m\u0131z, trafik g\u00fcvenli\u011fini tehlikeye atan ve g\u00f6r\u00fcnt\u00fc kirlili\u011finin yan\u0131nda sa\u011fl\u0131\u011f\u0131 da olumsuz etkiledi\u011fi tespit edilen \u00e7ek-\u00e7ek ara\u00e7lar ve ka\u011f\u0131t toplama ara\u00e7lar\u0131na m\u00fcdahale etti. Bunlara el konularak sahipleri hakk\u0131nda yasal i\u015flemler yap\u0131ld\u0131. Mezitli\u2019yi daha modern ve ya\u015fan\u0131labilir bir kent haline getirmek cabam\u0131z t\u00fcm h\u0131z\u0131yla devam edecektir\u201d dedi.\u00a0<\/p>\n","protected":false},"excerpt":{"rendered":"<p>Mezitli Belediyesi, vatanda\u015flardan gelen yo\u011fun \u015fikayetler \u00fczerine \u015fehir trafi\u011fini tehlikeye d\u00fc\u015f\u00fcr\u00fcp, g\u00f6r\u00fcnt\u00fc kirlili\u011fine de yol a\u00e7an hurdac\u0131lar ile \u2018\u00e7ek-\u00e7ek\u2019 diye tabir edilen el arabalar\u0131yla k\u00e2\u011f\u0131t toplayanlara y\u00f6nelik operasyon yapt\u0131. Mezitli\u2019yi &hellip; <a href=\"https:\/\/mersinekonomipolitikagazetesi.com\/?p=6179\" class=\"more-link\">Devam\u0131n\u0131 Oku&#8230;<\/a><\/p>\n","protected":false},"author":1,"featured_media":0,"comment_status":"open","ping_status":"open","sticky":false,"template":"","format":"standard","meta":[],"categories":[],"tags":[],"_links":{"self":[{"href":"https:\/\/mersinekonomipolitikagazetesi.com\/index.php?rest_route=\/wp\/v2\/posts\/6179"}],"collection":[{"href":"https:\/\/mersinekonomipolitikagazetesi.com\/index.php?rest_route=\/wp\/v2\/posts"}],"about":[{"href":"https:\/\/mersinekonomipolitikagazetesi.com\/index.php?rest_route=\/wp\/v2\/types\/post"}],"author":[{"embeddable":true,"href":"https:\/\/mersinekonomipolitikagazetesi.com\/index.php?rest_route=\/wp\/v2\/users\/1"}],"replies":[{"embeddable":true,"href":"https:\/\/mersinekonomipolitikagazetesi.com\/index.php?rest_route=%2Fwp%2Fv2%2Fcomments&post=6179"}],"version-history":[{"count":0,"href":"https:\/\/mersinekonomipolitikagazetesi.com\/index.php?rest_route=\/wp\/v2\/posts\/6179\/revisions"}],"wp:attachment":[{"href":"https:\/\/mersinekonomipolitikagazetesi.com\/index.php?rest_route=%2Fwp%2Fv2%2Fmedia&parent=6179"}],"wp:term":[{"taxonomy":"category","embeddable":true,"href":"https:\/\/mersinekonomipolitikagazetesi.com\/index.php?rest_route=%2Fwp%2Fv2%2Fcategories&post=6179"},{"taxonomy":"post_tag","embeddable":true,"href":"https:\/\/mersinekonomipolitikagazetesi.com\/index.php?rest_route=%2Fwp%2Fv2%2Ftags&post=6179"}],"curies":[{"name":"wp","href":"https:\/\/api.w.org\/{rel}","templated":true}]}}