{"id":6181,"date":"2020-11-04T18:26:36","date_gmt":"2020-11-04T15:26:36","guid":{"rendered":"http:\/\/mersinekonomipolitikagazetesi.com\/?p=6181"},"modified":"2020-11-04T18:26:36","modified_gmt":"2020-11-04T15:26:36","slug":"akdenizde-sorunlar-eskisi-gibi","status":"publish","type":"post","link":"https:\/\/mersinekonomipolitikagazetesi.com\/?p=6181","title":{"rendered":"&#8220;AKDEN\u0130Z\u2019DE SORUNLAR ESK\u0130S\u0130 G\u0130B\u0130&#8221;"},"content":{"rendered":"<p>31 Mart 2019&#8217;da yap\u0131lan yerel se\u00e7imlerde Mersin ili Akdeniz il\u00e7esi Belediye Ba\u015fkan\u0131 olan M. Mustafa G\u00fcltak i\u00e7in d\u00fc\u015f\u00fcncelerini payla\u015fan Mersinliler sorunlar\u0131n devam etti\u011fini belirttiler.<\/p>\n<div><span style=\"font-size: 12px;\">Vatanda\u015flar kenti daha g\u00fczel daha temiz g\u00f6rmek istediklerini belirterek, \u2018\u2019\u00c7al\u0131\u015fmalar\u0131n\u0131 yeterli bulmuyor be\u011fenmiyoruz. \u00c7\u00fcnk\u00fc \u015fehrin i\u00e7ine merkezine hi\u00e7bir \u00e7al\u0131\u015fma yap\u0131lm\u0131yor. Hi\u00e7bir hizmet g\u00f6rmedik. T\u00fcm problemler yine ayn\u0131 eskisi gibi devam ediyor. Kald\u0131r\u0131m ta\u015flar\u0131 bile yerine koyulmuyor, en ufak bir de\u011fi\u015fiklik yok. Kentimizi daha bir g\u00fczelle\u015ftirmesini isteriz. Hizmet g\u00f6rmek isteriz.\u00a0<\/span><\/div>\n<div><span style=\"font-size: 12px;\">Tadilat yap\u0131larak, d\u00fczenleme yap\u0131larak, Akdeniz&#8217;i daha g\u00fczel daha temiz g\u00f6rmek isteriz.\u201d dedi.<\/span><\/div>\n<div>\u00a0<\/div>\n<div><span style=\"font-size: 12px;\">\u2018\u2019\u00c7ar\u015f\u0131\u2019n\u0131n canland\u0131r\u0131lmas\u0131 laz\u0131m\u2019\u2019<\/span><\/div>\n<div>\u00a0<\/div>\n<div><span style=\"font-size: 12px;\">\u00c7ar\u015f\u0131\u2019n\u0131n daha hareketli olmas\u0131n\u0131n ve otopark sorununun acilen giderilmesini isteyen \u00e7ar\u015f\u0131 esnaf\u0131, \u2018\u2019\u00c7ar\u015f\u0131 taraf\u0131 canland\u0131r\u0131l\u0131rsa \u00e7ok iyi olur. \u00c7\u00fcnk\u00fc b\u00fct\u00fcn a\u011f\u0131rl\u0131k Pozcu\u2019ya gitti. \u00c7ar\u015f\u0131 bo\u015f kalabal\u0131ktan ba\u015fka hi\u00e7bir \u015fey de\u011fil. D\u00fckkanlar \u00e7al\u0131\u015fm\u0131yor. Esnaf kan a\u011fl\u0131yor. Buralar\u0131 daha canl\u0131 hale getirebilirler mesela insanlar ara\u00e7lar\u0131n\u0131 park edecek do\u011fru d\u00fczg\u00fcn yer bulam\u0131yor, bu sorunun \u00e7\u00f6z\u00fclmesi laz\u0131m. Akdeniz i\u00e7in ne yapmak istiyor? Onu sormak istiyorum.\u2019\u2019 diyerek \u015fikayetlerini dile getirdi.<\/span><\/div>\n<div>\u00a0<\/div>\n<div><span style=\"font-size: 12px;\">\u2018\u2019Gen\u00e7lere i\u015f imkan\u0131 sa\u011flanmal\u0131\u2019\u2019<\/span><\/div>\n<div>\u00a0<\/div>\n<div><span style=\"font-size: 12px;\">Bir gen\u00e7 vatanda\u015f\u0131m\u0131z yap\u0131lan faaliyetlerin yetersiz oldu\u011funu ve gen\u00e7lere y\u00f6nelik daha g\u00fczel \u015feyler yap\u0131lmas\u0131n\u0131 istedi\u011fini belirterek, \u2018\u2019G\u00fczel \u00e7al\u0131\u015f\u0131yorlar ama bizim Yenipazar\u2019daki petekleri biraz daha uzatmalar\u0131 laz\u0131m. Mustafa beyden \u00f6zellikle gen\u00e7 i\u015fsizlere i\u015f bulmas\u0131n\u0131, i\u015f alanlar\u0131 olu\u015fturmas\u0131n\u0131 rica ediyorum. Mersin&#8217;deki Suriyelilerin g\u00f6nderilip \u00f6ncelikle kendi vatanda\u015f\u0131m\u0131za i\u015f imkan\u0131 sunmas\u0131n\u0131 istiyoruz. \u0130\u015f imkan\u0131 istiyoruz. Millet bah\u00e7esi yapt\u0131. Parklar yap\u0131yor ama gen\u00e7lere y\u00f6nelik bir \u015feyler yapmalar\u0131 laz\u0131m. Destekleme kurslar\u0131 falan a\u00e7m\u0131\u015flar bu g\u00fczel bir \u015fey ama yeterli de\u011fil. Gen\u00e7lerin \u00f6n\u00fcn\u00fc a\u00e7acak bir \u015feyler yapmas\u0131 laz\u0131m.&#8221; diye konu\u015ftular.\u00a0<\/span><\/div>\n<div>\u00a0<\/div>\n<div><span style=\"font-size: 12px;\">Bir\u00e7ok \u00c7al\u0131\u015fma Olumlu Kar\u015f\u0131lan\u0131yor&#8230;\u00a0<\/span><\/div>\n<div>\u00a0<\/div>\n<div><span style=\"font-size: 12px;\">Akdeniz il\u00e7esinde, Siteler, G\u00fcndo\u011fdu, Kurdali ve Yenipazar&#8217;daki bina ve parklar\u0131n yenilenmesi vatanda\u015flar taraf\u0131ndan olumlu kar\u015f\u0131lan\u0131yor. G\u00fcltak\u2019tan memnuniyetlerini dile getiren vatanda\u015flar, \u201cBen bir esnaf olarak Anadolu imam hatibin kar\u015f\u0131s\u0131nda bir kafeteryam var. Hi\u00e7 i\u015flem g\u00f6rm\u00fcyor ve bir \u00e7ivi bile \u00e7ak\u0131lm\u0131yor. Ne zaman bitecek? Bize bir bilgilendirme verilsin. Sadece ben de\u011fil esnaf olarak bu konuda bir bilgi almak istiyoruz. Biraz tedirginiz y\u0131llard\u0131r bu \u015fekilde duruyor. Yenipazar\u2019da bulunan pazar alan\u0131n\u0131nda d\u00fczenlemeler yap\u0131ld\u0131. Fakat petekleri biraz daha uzatmalar\u0131 laz\u0131m. Genel olarak Mustafa beyden biz bunu bekliyorduk. Memnunuz.&#8221; ifadeleri kullan\u0131ld\u0131.\u00a0<\/span><\/div>\n<div>\u00a0<\/div>\n<div><span style=\"font-size: 12px;\">\u2018\u2019Atat\u00fcrk Park\u0131 pislik i\u00e7inde!\u2019\u2019<\/span><\/div>\n<div>\u00a0<\/div>\n<div><span style=\"font-size: 12px;\">Akdeniz\u2019deki Atat\u00fcrk Park\u0131\u2019n\u0131n pis olmas\u0131ndan rahats\u0131z olan vatanda\u015flar bu sorunun giderilmesi i\u00e7in \u00e7\u00f6p atan ki\u015filerin cezaland\u0131r\u0131lmas\u0131 gerekti\u011fini belirttiler. Vatanda\u015flar, \u2018\u2019Atat\u00fcrk Park\u0131 \u00e7ok k\u00f6t\u00fc durumda gezebilece\u011fimiz bir yer olsun pislikten ge\u00e7ilmiyor. Oray\u0131 kuran adam bu g\u00fcnlere getirmek i\u00e7in ne \u00e7ekti ama \u015fimdi berbat ediyorlar. Belediyeler bu konuyla ilgilenmeli. Temiz bir yer olsun g\u00fczelce otural\u0131m pikniklerimizi yapal\u0131m. Kirleten ki\u015filere de ceza verilsin.\u2019\u2019 diyerek yap\u0131lmayan faaliyetleri ele\u015ftirdi.<\/span><\/div>\n<div>\u00a0<\/div>\n<div><span style=\"font-size: 12px;\">\u2019\u2019Sokak ortas\u0131nda sat\u0131\u015f yapmak zorunda kal\u0131yoruz.\u2019\u2019<\/span><\/div>\n<div>\u00a0<\/div>\n<div><span style=\"font-size: 12px;\">Sokakta ekmek paras\u0131 i\u00e7in sat\u0131\u015f yapan ya\u015fl\u0131 bir teyzeye mikrofonumuzu uzatt\u0131k. Akdeniz i\u00e7in bir Pazar yeri yap\u0131lmas\u0131n\u0131 istedi\u011fini belirterek, \u2019\u2019Sokak ortas\u0131nda sat\u0131\u015f yapmak zorunda kal\u0131yoruz. Bizim i\u00e7in bir pazar yeri olsa \u00e7ok iyi olur. Herkes gelip orda al\u0131\u015fveri\u015fini yapar. Burada sokaklar\u0131n aras\u0131nda ka\u00e7a ka\u00e7a ekmek paras\u0131 kazanmaya \u00e7al\u0131\u015f\u0131yoruz. Bir tane o\u011flum var \u00fcniversite okutuyorum para yeti\u015ftiremiyorum. Mecburen burada sat\u0131\u015f yapmak zorunda kal\u0131yorum. Bir pazar yeri yap\u0131lmas\u0131n\u0131 istiyorum.\u2019\u2019 \u015feklinde konu\u015ftu.<\/span><\/div>\n","protected":false},"excerpt":{"rendered":"<p>31 Mart 2019&#8217;da yap\u0131lan yerel se\u00e7imlerde Mersin ili Akdeniz il\u00e7esi Belediye Ba\u015fkan\u0131 olan M. Mustafa G\u00fcltak i\u00e7in d\u00fc\u015f\u00fcncelerini payla\u015fan Mersinliler sorunlar\u0131n devam etti\u011fini belirttiler. Vatanda\u015flar kenti daha g\u00fczel daha temiz &hellip; <a href=\"https:\/\/mersinekonomipolitikagazetesi.com\/?p=6181\" class=\"more-link\">Devam\u0131n\u0131 Oku&#8230;<\/a><\/p>\n","protected":false},"author":1,"featured_media":0,"comment_status":"open","ping_status":"open","sticky":false,"template":"","format":"standard","meta":[],"categories":[],"tags":[],"_links":{"self":[{"href":"https:\/\/mersinekonomipolitikagazetesi.com\/index.php?rest_route=\/wp\/v2\/posts\/6181"}],"collection":[{"href":"https:\/\/mersinekonomipolitikagazetesi.com\/index.php?rest_route=\/wp\/v2\/posts"}],"about":[{"href":"https:\/\/mersinekonomipolitikagazetesi.com\/index.php?rest_route=\/wp\/v2\/types\/post"}],"author":[{"embeddable":true,"href":"https:\/\/mersinekonomipolitikagazetesi.com\/index.php?rest_route=\/wp\/v2\/users\/1"}],"replies":[{"embeddable":true,"href":"https:\/\/mersinekonomipolitikagazetesi.com\/index.php?rest_route=%2Fwp%2Fv2%2Fcomments&post=6181"}],"version-history":[{"count":0,"href":"https:\/\/mersinekonomipolitikagazetesi.com\/index.php?rest_route=\/wp\/v2\/posts\/6181\/revisions"}],"wp:attachment":[{"href":"https:\/\/mersinekonomipolitikagazetesi.com\/index.php?rest_route=%2Fwp%2Fv2%2Fmedia&parent=6181"}],"wp:term":[{"taxonomy":"category","embeddable":true,"href":"https:\/\/mersinekonomipolitikagazetesi.com\/index.php?rest_route=%2Fwp%2Fv2%2Fcategories&post=6181"},{"taxonomy":"post_tag","embeddable":true,"href":"https:\/\/mersinekonomipolitikagazetesi.com\/index.php?rest_route=%2Fwp%2Fv2%2Ftags&post=6181"}],"curies":[{"name":"wp","href":"https:\/\/api.w.org\/{rel}","templated":true}]}}