{"id":6182,"date":"2020-11-04T18:26:36","date_gmt":"2020-11-04T15:26:36","guid":{"rendered":"http:\/\/mersinekonomipolitikagazetesi.com\/?p=6182"},"modified":"2020-11-04T18:26:36","modified_gmt":"2020-11-04T15:26:36","slug":"gazeteci-ali-gultekinin-hayati-ornek-olarak-mersine-anlatilmali","status":"publish","type":"post","link":"https:\/\/mersinekonomipolitikagazetesi.com\/?p=6182","title":{"rendered":"Gazeteci Ali G\u00fcltekin&#8217;in Hayat\u0131 \u00d6rnek Olarak,   MERS\u0130N&#8217;E ANLATILMALI."},"content":{"rendered":"<div><span style=\"font-size: 12px;\">Hafta sonu \u0130\u00e7el Tv\u2019de yay\u0131nlanan Semir Bolat ile Akdenizden Dalga Dalga program\u0131nda sosyal ya\u015fam konusu i\u015flendi.<\/span><\/div>\n<div><span style=\"font-size: 12px;\">Konu kapsam\u0131nda Mersinli gazeteci Ali G\u00fcltekin, d\u00fc\u015ft\u00fc\u011f\u00fc batakl\u0131\u011f\u0131 ve m\u00fccadele \u00f6yk\u00fcs\u00fcn\u00fc izleyenlere anlatt\u0131.<\/span><\/div>\n<div><span style=\"font-size: 12px;\">Gazeteci G\u00fcltekin Hakan Ko\u00e7man ve Mersin Hayata Ba\u011flananlar Derne\u011fi -MERBADER- Ba\u015fkan\u0131 Nizamettin K\u0131l\u0131\u00e7\u2019\u0131n konuk olarak kat\u0131ld\u0131\u011f\u0131 programda uyu\u015fturucunun sosyal ya\u015fama etkileri konu\u015fuldu.<\/span><\/div>\n<div><span style=\"font-size: 12px;\">Ali G\u00fcltekin, tek kald\u0131\u011f\u0131n\u0131, destek bekledi\u011fini ve hayat hikayesini anlatarak defalarca sesini duyurmaya \u00e7al\u0131\u015fm\u0131\u015ft\u0131. Mersin Gazetesi olarak G\u00fcltekin\u2019in \u00f6yk\u00fcs\u00fcne defalarca yer vermi\u015ftik. Bu s\u00fcre\u00e7te Ali G\u00fcltekin\u2019i yaln\u0131z b\u0131rakmayan Mersin Gazetesi \u0130mtiyaz Sahibi Selahiddin Akku\u015f, canl\u0131 yay\u0131na telefonla kat\u0131larak, at\u0131lan ad\u0131mlar i\u00e7in te\u015fekk\u00fcrlerini sundu.\u00a0<\/span><\/div>\n<div>\u00a0<\/div>\n<div><span style=\"font-size: 12px;\">&#8220;B\u00fcy\u00fck Ba\u015far\u0131&#8230;\u201d<\/span><\/div>\n<div>\u00a0<\/div>\n<div><span style=\"font-size: 12px;\">Gazeteci Selahiddin Akku\u015f, G\u00fcltekin\u2019in hayata tekrar kazand\u0131r\u0131lmas\u0131n\u0131 \u2018Ba\u015far\u0131 \u00d6yk\u00fcs\u00fc\u2019 olarak de\u011ferlendirerek, Mersin\u2019e anlat\u0131lmas\u0131 gerekti\u011fine inand\u0131\u011f\u0131n\u0131 belirtti.<\/span><\/div>\n<div>\u00a0<\/div>\n<div><span style=\"font-size: 12px;\">Akku\u015f, \u201cAli G\u00fcltekin \u00e7ok zor bir \u015fey ba\u015fard\u0131. 15 y\u0131ll\u0131k ba\u011f\u0131ml\u0131l\u0131\u011fa ra\u011fmen haf\u0131zas\u0131n\u0131n yerinde olmas\u0131 ve tekrardan hayata tutunmas\u0131 b\u00fcy\u00fck ba\u015far\u0131. Bu ba\u015far\u0131n\u0131n Mersin\u2019e anlat\u0131lmas\u0131 gerekti\u011fine inan\u0131yorum. Programlarda, gazetelerde \u00f6rnek bir insan olarak daha \u00e7ok yer almal\u0131. \u2018Uyu\u015fturucuyla m\u0131 rahatlasam?\u2019 diye d\u00fc\u015f\u00fcnen gen\u00e7lerin d\u00fc\u015f\u00fcncelerini yok etme anlam\u0131nda \u00e7ok \u00f6nemli bir \u00f6rnek. Hem Mersin Gazetesi olarak, hem de Mersin Kad\u0131n Gazetesi olarak destek vermeye haz\u0131r\u0131z bu ba\u015far\u0131 hikayesini Mersin\u2019e anlatmal\u0131y\u0131z.\u201d diye konu\u015ftu.<\/span><\/div>\n<div>\u00a0<\/div>\n<div><span style=\"font-size: 12px;\">&#8220;Belediyeler \u0130\u015f \u0130mkan\u0131 Sa\u011flamal\u0131&#8221;\u00a0<\/span><\/div>\n<div>\u00a0<\/div>\n<div><span style=\"font-size: 12px;\">K\u0131saca Ali G\u00fcltekin\u2019den bahseden Selahiddin Akku\u015f, \u201cDaha \u00f6nce defalarca Mersin Gazetesi ve Mersin Kad\u0131n Gazetesi\u2019nde haber yapmam\u0131za ra\u011fmen kimse elini uzatmad\u0131. Bu durum beni \u00e7ok \u00fczd\u00fc. Her insan bu duruma d\u00fc\u015febilir. Bu insanlara el uzatmak gerekir. Ali G\u00fcltekin\u2019in ya\u015fad\u0131klar\u0131n\u0131 g\u00f6rd\u00fck i\u00e7imiz par\u00e7aland\u0131. Ali G\u00fcltekin\u2019e i\u015f bulunmas\u0131 \u00f6nemliydi. Asl\u0131nda Belediyelerimizin bu i\u015fe el atmas\u0131 gerekiyor. \u00d6zellikle Yeni\u015fehir Belediyesi\u2019nin bu konuda yard\u0131mc\u0131 olmas\u0131 gerekir. Yeni\u015fehir Kaymakaml\u0131\u011f\u0131, G\u00fcltekin\u2019e kalaca\u011f\u0131 yeri sa\u011flad\u0131 fakat bal\u0131k vermek yerine tutmay\u0131 \u00f6\u011fretmek gerekir. Burada en b\u00fcy\u00fck sorumlulu\u011funda belediyelerimizde oldu\u011funa inan\u0131yorum. Bir i\u015f imkan\u0131 sa\u011flanmas\u0131 gerekiyor.\u201d diyerek \u00e7a\u011fr\u0131da bulundu.<\/span><\/div>\n<div>\u00a0<\/div>\n<div><span style=\"font-size: 12px;\">&#8220;\u00c7ok B\u00fcy\u00fck Sessiz \u00c7\u0131\u011fl\u0131k&#8221;\u00a0<\/span><\/div>\n<div>\u00a0<\/div>\n<div><span style=\"font-size: 12px;\">Mersin Hayata Ba\u011flananlar Derne\u011fi (MERBADER)\u2019in Y\u00f6neticisi Nizamettin K\u0131l\u0131\u00e7, Dernek hakk\u0131nda bilgiler vererek, ba\u011f\u0131ml\u0131l\u0131kla m\u00fccadeleki projelerden bahsetti.<\/span><\/div>\n<div><span style=\"font-size: 12px;\">K\u0131l\u0131\u00e7, \u201cAli G\u00fcltekin asl\u0131nda \u00e7ok b\u00fcy\u00fck sessiz \u00e7\u0131\u011fl\u0131k. Herkesin g\u00f6z\u00fc \u00f6n\u00fcnde olan, herkesin yeri geldi\u011finde \u00fcst\u00fcne basan, yeri geldi\u011finde 1 lira vermekte imtina eden, bir abimiz. G\u00fcltekin gibi sokakta bir \u00e7ok insan var ama ne mutlu ki, Ali G\u00fcltekin hayat\u0131n\u0131 anlatt\u0131. Ke\u015fke o y\u0131llarda olsam s\u00f6zlerini hissettim ben. 15 y\u0131l boyunca uyu\u015fturucu kullanan bir insan\u0131n ge\u00e7mi\u015fini hat\u0131rlamas\u0131 \u00e7ok \u00f6nemli. Bizim \u00fclkede her bir gencimizin hayali var. Ama ne yaz\u0131k ki bu uyu\u015fturucu belas\u0131 o insanlar\u0131n hayatlar\u0131n\u0131 y\u0131k\u0131yor. \u00d6nemli olan bu saatten sonra ne yapabiliriz.\u201d diye konu\u015ftu.<\/span><\/div>\n","protected":false},"excerpt":{"rendered":"<p>Hafta sonu \u0130\u00e7el Tv\u2019de yay\u0131nlanan Semir Bolat ile Akdenizden Dalga Dalga program\u0131nda sosyal ya\u015fam konusu i\u015flendi. Konu kapsam\u0131nda Mersinli gazeteci Ali G\u00fcltekin, d\u00fc\u015ft\u00fc\u011f\u00fc batakl\u0131\u011f\u0131 ve m\u00fccadele \u00f6yk\u00fcs\u00fcn\u00fc izleyenlere anlatt\u0131. Gazeteci &hellip; <a href=\"https:\/\/mersinekonomipolitikagazetesi.com\/?p=6182\" class=\"more-link\">Devam\u0131n\u0131 Oku&#8230;<\/a><\/p>\n","protected":false},"author":1,"featured_media":0,"comment_status":"open","ping_status":"open","sticky":false,"template":"","format":"standard","meta":[],"categories":[],"tags":[],"_links":{"self":[{"href":"https:\/\/mersinekonomipolitikagazetesi.com\/index.php?rest_route=\/wp\/v2\/posts\/6182"}],"collection":[{"href":"https:\/\/mersinekonomipolitikagazetesi.com\/index.php?rest_route=\/wp\/v2\/posts"}],"about":[{"href":"https:\/\/mersinekonomipolitikagazetesi.com\/index.php?rest_route=\/wp\/v2\/types\/post"}],"author":[{"embeddable":true,"href":"https:\/\/mersinekonomipolitikagazetesi.com\/index.php?rest_route=\/wp\/v2\/users\/1"}],"replies":[{"embeddable":true,"href":"https:\/\/mersinekonomipolitikagazetesi.com\/index.php?rest_route=%2Fwp%2Fv2%2Fcomments&post=6182"}],"version-history":[{"count":0,"href":"https:\/\/mersinekonomipolitikagazetesi.com\/index.php?rest_route=\/wp\/v2\/posts\/6182\/revisions"}],"wp:attachment":[{"href":"https:\/\/mersinekonomipolitikagazetesi.com\/index.php?rest_route=%2Fwp%2Fv2%2Fmedia&parent=6182"}],"wp:term":[{"taxonomy":"category","embeddable":true,"href":"https:\/\/mersinekonomipolitikagazetesi.com\/index.php?rest_route=%2Fwp%2Fv2%2Fcategories&post=6182"},{"taxonomy":"post_tag","embeddable":true,"href":"https:\/\/mersinekonomipolitikagazetesi.com\/index.php?rest_route=%2Fwp%2Fv2%2Ftags&post=6182"}],"curies":[{"name":"wp","href":"https:\/\/api.w.org\/{rel}","templated":true}]}}