{"id":6183,"date":"2020-11-04T18:26:36","date_gmt":"2020-11-04T15:26:36","guid":{"rendered":"http:\/\/mersinekonomipolitikagazetesi.com\/?p=6183"},"modified":"2020-11-04T18:26:36","modified_gmt":"2020-11-04T15:26:36","slug":"cop-toplayan-aile-yurek-yakiyor","status":"publish","type":"post","link":"https:\/\/mersinekonomipolitikagazetesi.com\/?p=6183","title":{"rendered":"\u00c7\u00f6p toplayan aile y\u00fcrek yak\u0131yor..!"},"content":{"rendered":"<p>Mersin\u2019de ge\u00e7imini at\u0131k konteyn\u0131rlar\u0131ndan kar\u015f\u0131layan aileyi g\u00f6ren vatanda\u015flar\u0131n y\u00fcre\u011fi yan\u0131yor! Aile \u00e7\u00f6p konteyn\u0131rlar\u0131ndan karton, plastik ve demir gibi \u00fcr\u00fcnleri toplayarak ya\u015fama m\u00fccadelesi veriyor..!<\/p>\n<p>Ekonomik zorluklar\u0131n \u00fcstesinden gelmeye \u00e7al\u0131\u015farak hayatlar\u0131na devam etmeyi ama\u00e7layan aile Mersinlilerin y\u00fcre\u011fini yak\u0131yor. Baba ve annenin tek \u00e7ocu\u011funu, elleriyle \u00e7ektikleri \u00e7\u00f6p arabalar\u0131n\u0131n i\u00e7ine koyarak mahallelerdeki at\u0131k karton, plastik ve demiri toplamas\u0131 dikkat \u00e7ekti. Ge\u00e7imlerini bu \u015fekilde sa\u011flamaya \u00e7al\u0131\u015fan ailede dikkat \u00e7eken di\u011fer bir olay \u00e7ocuklar\u0131n\u0131n \u00e7ok k\u00fc\u00e7\u00fck ya\u015fta olmas\u0131. Annesinin y\u00fcr\u00fctt\u00fc\u011f\u00fc \u00e7\u00f6p arabas\u0131nda oturan k\u00fc\u00e7\u00fck k\u0131z ise babas\u0131na ve annesine yard\u0131m da ederek aileye katk\u0131 sa\u011flamaya \u00e7al\u0131\u015ft\u0131\u011f\u0131 g\u00f6zlemlendi.<br \/>\n\u00a0<br \/>\n\u201cKendimizi, kentimizi ve toplumumuzu bu duruma al\u0131\u015ft\u0131r\u0131yoruz!\u201d<br \/>\n\u00a0<br \/>\nAyaklar\u0131nda ayakkab\u0131 olmayan ve so\u011fuk hava \u015fartlar\u0131nda \u00e7\u00f6p toplamaya \u00e7al\u0131\u015farak evlerine destek olmaya \u00e7al\u0131\u015fan \u00e7ok k\u00fc\u00e7\u00fck ya\u015ftaki \u00e7ocuk vatanda\u015flar taraf\u0131ndan fark edilince b\u00fcy\u00fck h\u00fcz\u00fcn ya\u015fand\u0131.<br \/>\nOlaya \u015fahit olan vatanda\u015flar ise durum ile ilgili, \u201cMersin\u2019de yard\u0131ma muhta\u00e7 aileler var. Bunlar yeterince destek alamad\u0131klar\u0131 i\u00e7in, ayakta kalabilmek i\u00e7in pazar g\u00fcnleri dahi \u00e7al\u0131\u015f\u0131yorlar. Bu ailede yard\u0131ma muhta\u00e7 ve destek verilmesi gereken bir aile. Ne yaz\u0131k ki genel o art\u0131k kendimizden ba\u015fkas\u0131na de\u011fer vermiyor ve kendimizi, kentimizi ve toplumumuzu bu duruma al\u0131\u015ft\u0131r\u0131yoruz. Bu t\u00fcr g\u00f6r\u00fcnt\u00fcler kar\u015f\u0131s\u0131nda \u00fcz\u00fclmekten ba\u015fka hi\u00e7bir \u015fey yapm\u0131yoruz. Sadece seyirci kal\u0131yoruz.\u201d diye konu\u015ftular. \u00a0<\/p>\n","protected":false},"excerpt":{"rendered":"<p>Mersin\u2019de ge\u00e7imini at\u0131k konteyn\u0131rlar\u0131ndan kar\u015f\u0131layan aileyi g\u00f6ren vatanda\u015flar\u0131n y\u00fcre\u011fi yan\u0131yor! Aile \u00e7\u00f6p konteyn\u0131rlar\u0131ndan karton, plastik ve demir gibi \u00fcr\u00fcnleri toplayarak ya\u015fama m\u00fccadelesi veriyor..! Ekonomik zorluklar\u0131n \u00fcstesinden gelmeye \u00e7al\u0131\u015farak hayatlar\u0131na devam &hellip; <a href=\"https:\/\/mersinekonomipolitikagazetesi.com\/?p=6183\" class=\"more-link\">Devam\u0131n\u0131 Oku&#8230;<\/a><\/p>\n","protected":false},"author":1,"featured_media":0,"comment_status":"open","ping_status":"open","sticky":false,"template":"","format":"standard","meta":[],"categories":[],"tags":[],"_links":{"self":[{"href":"https:\/\/mersinekonomipolitikagazetesi.com\/index.php?rest_route=\/wp\/v2\/posts\/6183"}],"collection":[{"href":"https:\/\/mersinekonomipolitikagazetesi.com\/index.php?rest_route=\/wp\/v2\/posts"}],"about":[{"href":"https:\/\/mersinekonomipolitikagazetesi.com\/index.php?rest_route=\/wp\/v2\/types\/post"}],"author":[{"embeddable":true,"href":"https:\/\/mersinekonomipolitikagazetesi.com\/index.php?rest_route=\/wp\/v2\/users\/1"}],"replies":[{"embeddable":true,"href":"https:\/\/mersinekonomipolitikagazetesi.com\/index.php?rest_route=%2Fwp%2Fv2%2Fcomments&post=6183"}],"version-history":[{"count":0,"href":"https:\/\/mersinekonomipolitikagazetesi.com\/index.php?rest_route=\/wp\/v2\/posts\/6183\/revisions"}],"wp:attachment":[{"href":"https:\/\/mersinekonomipolitikagazetesi.com\/index.php?rest_route=%2Fwp%2Fv2%2Fmedia&parent=6183"}],"wp:term":[{"taxonomy":"category","embeddable":true,"href":"https:\/\/mersinekonomipolitikagazetesi.com\/index.php?rest_route=%2Fwp%2Fv2%2Fcategories&post=6183"},{"taxonomy":"post_tag","embeddable":true,"href":"https:\/\/mersinekonomipolitikagazetesi.com\/index.php?rest_route=%2Fwp%2Fv2%2Ftags&post=6183"}],"curies":[{"name":"wp","href":"https:\/\/api.w.org\/{rel}","templated":true}]}}