{"id":6194,"date":"2020-11-04T18:26:38","date_gmt":"2020-11-04T15:26:38","guid":{"rendered":"http:\/\/mersinekonomipolitikagazetesi.com\/?p=6194"},"modified":"2020-11-04T18:26:38","modified_gmt":"2020-11-04T15:26:38","slug":"vali-su-mersinimize-sahip-cikmaya-devam-ediyoruz","status":"publish","type":"post","link":"https:\/\/mersinekonomipolitikagazetesi.com\/?p=6194","title":{"rendered":"Vali Su: \u201cMersinimize sahip \u00e7\u0131kmaya devam ediyoruz\u201d"},"content":{"rendered":"<div><span style=\"font-size: 12px;\">Mersin Valisi Ali \u0130hsan Su, Atat\u00fcrk\u2019\u00fcn Mersin\u2019e geli\u015finin 97. y\u0131l d\u00f6n\u00fcm\u00fc kutlad\u0131. Su, \u201cAtat\u00fcrk\u2019\u00fcn verdi\u011fi \u00f6\u011f\u00fct do\u011frultusunda Mersinimize sahip \u00e7\u0131kmaya ve ilimizi her alanda daha ileri seviyelere ta\u015f\u0131maya var g\u00fcc\u00fcm\u00fczle \u00e7al\u0131\u015farak devam ediyoruz\u201d dedi.\u00a0<\/span><\/div>\n<div><span style=\"font-size: 12px;\">\u00a0 Vali Su, korona vir\u00fcs \u00f6nlemleri kapsam\u0131nda kutlama t\u00f6reni iptal edilen Atat\u00fcrk\u2019\u00fcn Mersin\u2019e geli\u015finin 97. y\u0131l d\u00f6n\u00fcm\u00fc dolay\u0131s\u0131yla bir mesaj yay\u0131nlad\u0131. Vali Su, mesaj\u0131nda Atat\u00fcrk\u2019\u00fcn, Mersinlilere ve Mersin\u2019e duydu\u011fu b\u00fcy\u00fck g\u00fcven ve besledi\u011fi derin sevgi dolay\u0131s\u0131yla bir\u00e7ok kez Mersin\u2019i ziyaret etti\u011fini an\u0131msatt\u0131. Su, \u201cGazi Mustafa Kemal Atat\u00fcrk\u2019\u00fcn 17 Mart 1923 tarihinde ger\u00e7ekle\u015ftirdi\u011fi ziyarette verdi\u011fi \u00f6\u011f\u00fct do\u011frultusunda, t\u00fcm Mersinliler olarak birlik, beraberlik ve karde\u015flik i\u00e7erisinde Mersinimize sahip \u00e7\u0131kmaya ve ilimizi her alanda daha ileri seviyelere ta\u015f\u0131maya var g\u00fcc\u00fcm\u00fczle \u00e7al\u0131\u015farak devam ediyoruz. Atat\u00fcrk\u2019\u00fcn ilimize ger\u00e7ekle\u015ftirdi\u011fi ziyaretin 97. y\u0131l d\u00f6n\u00fcm\u00fcnde, Mersinliler olarak O\u2019nu kar\u015f\u0131laman\u0131n ve ilimizde a\u011f\u0131rlaman\u0131n onur ve mutlulu\u011funu bug\u00fcn de ayn\u0131 co\u015fku ve heyecanla y\u00fcre\u011fimizde hissediyor, O\u2019nu minnet ve sayg\u0131yla an\u0131yor, t\u00fcm Mersinli hem\u015fehrilerime sevgi ve sayg\u0131lar\u0131m\u0131 sunuyorum\u201d ifadelerini kulland\u0131.\u00a0<\/span><\/div>\n","protected":false},"excerpt":{"rendered":"<p>Mersin Valisi Ali \u0130hsan Su, Atat\u00fcrk\u2019\u00fcn Mersin\u2019e geli\u015finin 97. y\u0131l d\u00f6n\u00fcm\u00fc kutlad\u0131. Su, \u201cAtat\u00fcrk\u2019\u00fcn verdi\u011fi \u00f6\u011f\u00fct do\u011frultusunda Mersinimize sahip \u00e7\u0131kmaya ve ilimizi her alanda daha ileri seviyelere ta\u015f\u0131maya var g\u00fcc\u00fcm\u00fczle &hellip; <a href=\"https:\/\/mersinekonomipolitikagazetesi.com\/?p=6194\" class=\"more-link\">Devam\u0131n\u0131 Oku&#8230;<\/a><\/p>\n","protected":false},"author":1,"featured_media":0,"comment_status":"open","ping_status":"open","sticky":false,"template":"","format":"standard","meta":[],"categories":[],"tags":[],"_links":{"self":[{"href":"https:\/\/mersinekonomipolitikagazetesi.com\/index.php?rest_route=\/wp\/v2\/posts\/6194"}],"collection":[{"href":"https:\/\/mersinekonomipolitikagazetesi.com\/index.php?rest_route=\/wp\/v2\/posts"}],"about":[{"href":"https:\/\/mersinekonomipolitikagazetesi.com\/index.php?rest_route=\/wp\/v2\/types\/post"}],"author":[{"embeddable":true,"href":"https:\/\/mersinekonomipolitikagazetesi.com\/index.php?rest_route=\/wp\/v2\/users\/1"}],"replies":[{"embeddable":true,"href":"https:\/\/mersinekonomipolitikagazetesi.com\/index.php?rest_route=%2Fwp%2Fv2%2Fcomments&post=6194"}],"version-history":[{"count":0,"href":"https:\/\/mersinekonomipolitikagazetesi.com\/index.php?rest_route=\/wp\/v2\/posts\/6194\/revisions"}],"wp:attachment":[{"href":"https:\/\/mersinekonomipolitikagazetesi.com\/index.php?rest_route=%2Fwp%2Fv2%2Fmedia&parent=6194"}],"wp:term":[{"taxonomy":"category","embeddable":true,"href":"https:\/\/mersinekonomipolitikagazetesi.com\/index.php?rest_route=%2Fwp%2Fv2%2Fcategories&post=6194"},{"taxonomy":"post_tag","embeddable":true,"href":"https:\/\/mersinekonomipolitikagazetesi.com\/index.php?rest_route=%2Fwp%2Fv2%2Ftags&post=6194"}],"curies":[{"name":"wp","href":"https:\/\/api.w.org\/{rel}","templated":true}]}}