{"id":6197,"date":"2020-11-04T18:26:38","date_gmt":"2020-11-04T15:26:38","guid":{"rendered":"http:\/\/mersinekonomipolitikagazetesi.com\/?p=6197"},"modified":"2020-11-04T18:26:38","modified_gmt":"2020-11-04T15:26:38","slug":"2-bin-donum-muz-serasi-sular-altinda","status":"publish","type":"post","link":"https:\/\/mersinekonomipolitikagazetesi.com\/?p=6197","title":{"rendered":"2 bin d\u00f6n\u00fcm muz seras\u0131 sular alt\u0131nda"},"content":{"rendered":"<div><span style=\"font-size: 12px;\">Mersin&#8217;in Erdemli il\u00e7esinde sa\u011fanak ya\u011fmur ve kar erimesiyle olu\u015fan sel sular\u0131n\u0131n alt\u0131nda kalan tar\u0131m arazilerinde suyun yak\u0131n zamanda \u00e7ekilme ihtimali, yeniden ba\u015flayan ya\u011f\u0131\u015fla ortadan kalkt\u0131. B\u00f6lgede sel sular\u0131ndan etkilenen 2 bin 500 d\u00f6n\u00fcm tar\u0131m arazisinin yakla\u015f\u0131k 2 bin d\u00f6n\u00fcm\u00fcnde muz \u00fcretimi yap\u0131l\u0131yor. Muz \u00fcreticileri sel dolay\u0131s\u0131yla hasat yapamazken, \u00fcr\u00fcnlerinin ve bitkilerinin \u00e7\u00fcr\u00fcmesinden endi\u015fe ediyor.\u00a0 \u00a0<\/span><\/div>\n<div><span style=\"font-size: 12px;\">\u00a0 Mersin&#8217;in Erdemli il\u00e7esinde sa\u011fanak ya\u011f\u0131\u015f ve Toros Da\u011flar\u0131&#8217;ndaki Aks\u0131fat b\u00f6lgesinde eriyen kar sular\u0131 ge\u00e7ti\u011fimiz cumartesi g\u00fcn\u00fc Limonlu Deresi&#8217;ne sel suyu olarak ula\u015ft\u0131. Sel sular\u0131 g\u00fcnler ge\u00e7mesine ra\u011fmen \u00e7ekilmedi. Sa\u011fanak ya\u011f\u0131\u015f\u0131n\u0131n yeniden ba\u015flamas\u0131yla tar\u0131m arazilerini basan sel sular\u0131n\u0131n yak\u0131n zamanda \u00e7ekilme ihtimali de ortadan kalkt\u0131. \u00dcreticiler son gelen ya\u011f\u0131\u015fl\u0131 havayla \u00fcr\u00fcnlerini kaybetme endi\u015fesi ya\u015f\u0131yor.\u00a0<\/span><\/div>\n<div><span style=\"font-size: 12px;\">\u00a0 Erdemli Limonlu Sulama Birli\u011fi Ba\u015fkan\u0131 B\u00fcnyamin Erg\u00fcn, &#8220;3 ayda 4 defa sele maruz kald\u0131k. Fakat en son \u015fu andaki sel bizi \u00e7ok b\u00fcy\u00fck zarara u\u011fratt\u0131. 2 bin-2 bin 500 d\u00f6n\u00fcm arazimiz su alt\u0131nda kald\u0131. Bunun 2 bin d\u00f6n\u00fcm\u00fc muz seram\u0131z, 500 d\u00f6n\u00fcm de limon ile sebze tarlam\u0131z su alt\u0131nda. Muzlar\u0131n kesimi i\u00e7in sularla dolu seralara girilemiyor. Muzlar\u0131m\u0131z\u0131 kestiremeyince 1 hafta i\u00e7inde \u0131skartaya d\u00f6n\u00fcp dal\u0131nda \u00e7\u00fcr\u00fcmeye ba\u015flar&#8221; dedi.\u00a0<\/span><\/div>\n<div><span style=\"font-size: 12px;\">\u00a0 Olu\u015facak zararla ilgili bilgi de veren Erg\u00fcn, &#8220;Bitkilerin k\u00f6kleri \u00e7\u00fcr\u00fct\u00fcr, k\u00f6kleri \u00e7\u00fcr\u00fcd\u00fc\u011f\u00fcnde muzlar sararmaya ba\u015flar. Sararmaya ba\u015flay\u0131nca da aniden 60-70 kilo dal komple yere iner. Hem k\u00f6k\u00fc gider, hem mahsul\u00fcm\u00fcz gider&#8221; diye konu\u015ftu.\u00a0<\/span><\/div>\n<div><span style=\"font-size: 12px;\">\u00a0 \u00dcretici Mehmet Kayan ise, &#8220;Ya\u011fmur ya\u011f\u0131yor, yaylalarda karlar eriyor. \u015eu an 3 ay i\u00e7inde 4 kez sel g\u00f6rd\u00fc bu seralar. \u015eu an seralar\u0131n b\u00fcy\u00fck zarar\u0131 var. Hele hele bu son gelen selin daha \u00e7ok zarar\u0131 var. Muzlar\u0131m\u0131z dibinden g\u00f6\u00e7\u00fcyor. Ba\u011fl\u0131 oldu\u011fu halde yine g\u00f6\u00e7\u00fcyor. Zarar\u0131m\u0131z \u00e7ok b\u00fcy\u00fck. Mahsullerimizin \u00e7o\u011fu dal\u0131nda sararmaya ba\u015flad\u0131. 1 hafta 10 g\u00fcne kadar bunlar\u0131n \u00e7o\u011funu kaybederiz&#8221; dedi.\u00a0<\/span><\/div>\n<div><span style=\"font-size: 12px;\">\u00a0 \u00dcretici Kayan, son ya\u011f\u0131\u015fla birlikte yak\u0131n zamanda selin \u00e7ekilme ihtimalinin olmamas\u0131ndan dolay\u0131 \u00e7ift\u00e7ilerin endi\u015fe duydu\u011funu da kaydetti.\u00a0<\/span><\/div>\n","protected":false},"excerpt":{"rendered":"<p>Mersin&#8217;in Erdemli il\u00e7esinde sa\u011fanak ya\u011fmur ve kar erimesiyle olu\u015fan sel sular\u0131n\u0131n alt\u0131nda kalan tar\u0131m arazilerinde suyun yak\u0131n zamanda \u00e7ekilme ihtimali, yeniden ba\u015flayan ya\u011f\u0131\u015fla ortadan kalkt\u0131. B\u00f6lgede sel sular\u0131ndan etkilenen 2 &hellip; <a href=\"https:\/\/mersinekonomipolitikagazetesi.com\/?p=6197\" class=\"more-link\">Devam\u0131n\u0131 Oku&#8230;<\/a><\/p>\n","protected":false},"author":1,"featured_media":0,"comment_status":"open","ping_status":"open","sticky":false,"template":"","format":"standard","meta":[],"categories":[],"tags":[],"_links":{"self":[{"href":"https:\/\/mersinekonomipolitikagazetesi.com\/index.php?rest_route=\/wp\/v2\/posts\/6197"}],"collection":[{"href":"https:\/\/mersinekonomipolitikagazetesi.com\/index.php?rest_route=\/wp\/v2\/posts"}],"about":[{"href":"https:\/\/mersinekonomipolitikagazetesi.com\/index.php?rest_route=\/wp\/v2\/types\/post"}],"author":[{"embeddable":true,"href":"https:\/\/mersinekonomipolitikagazetesi.com\/index.php?rest_route=\/wp\/v2\/users\/1"}],"replies":[{"embeddable":true,"href":"https:\/\/mersinekonomipolitikagazetesi.com\/index.php?rest_route=%2Fwp%2Fv2%2Fcomments&post=6197"}],"version-history":[{"count":0,"href":"https:\/\/mersinekonomipolitikagazetesi.com\/index.php?rest_route=\/wp\/v2\/posts\/6197\/revisions"}],"wp:attachment":[{"href":"https:\/\/mersinekonomipolitikagazetesi.com\/index.php?rest_route=%2Fwp%2Fv2%2Fmedia&parent=6197"}],"wp:term":[{"taxonomy":"category","embeddable":true,"href":"https:\/\/mersinekonomipolitikagazetesi.com\/index.php?rest_route=%2Fwp%2Fv2%2Fcategories&post=6197"},{"taxonomy":"post_tag","embeddable":true,"href":"https:\/\/mersinekonomipolitikagazetesi.com\/index.php?rest_route=%2Fwp%2Fv2%2Ftags&post=6197"}],"curies":[{"name":"wp","href":"https:\/\/api.w.org\/{rel}","templated":true}]}}