{"id":6199,"date":"2020-11-04T18:26:38","date_gmt":"2020-11-04T15:26:38","guid":{"rendered":"http:\/\/mersinekonomipolitikagazetesi.com\/?p=6199"},"modified":"2020-11-04T18:26:38","modified_gmt":"2020-11-04T15:26:38","slug":"saglikcilari-da-coronavirusten-koruyun-bazi-hastanelerde-ekipman-yetersiz","status":"publish","type":"post","link":"https:\/\/mersinekonomipolitikagazetesi.com\/?p=6199","title":{"rendered":"SA\u011eLIK\u00c7ILARI DA CORONAV\u0130R\u00dcSTEN KORUYUN  \u201cBaz\u0131 hastanelerde ekipman yetersiz!\u201d"},"content":{"rendered":"<div><span style=\"font-size: 12px;\">Mersin Tabip Odas\u0131 ve Sa\u011fl\u0131k ve Sosyal Hizmet Emek\u00e7ileri Sendikas\u0131 Mersin \u015eubesi D\u00fcnya\u2019y\u0131 ve T\u00fcrkiye\u2019yi etkisi alt\u0131na alan Corona vir\u00fcs\u00fcne (Covid-19) y\u00f6nelik a\u00e7\u0131klamalarda bulundu. Ger\u00e7ekle\u015ftirilen a\u00e7\u0131klamada sa\u011fl\u0131k \u00e7al\u0131\u015fanlar\u0131n\u0131n\u00a0 da\u00a0 Covid-19\u2019a kar\u015f\u0131 korunmas\u0131 talep edildi.<\/span><\/div>\n<div><span style=\"font-size: 12px;\">\u00a0<\/span><\/div>\n<div><span style=\"font-size: 12px;\">Mersin Tabip Odas\u0131, Covid-19 vir\u00fcs\u00fcne dair Cumhurba\u015fkanl\u0131\u011f\u0131 \u0130dari \u0130\u015fler Ba\u015fkanl\u0131\u011f\u0131 Personel ve Prensipler Genel M\u00fcd\u00fcrl\u00fc\u011f\u00fc\u2019n\u00fcn genelgesinde, kamuda \u00e7al\u0131\u015fanlar\u0131n izinlerine ili\u015fkin yay\u0131nlanan genelge do\u011frultusunda hamileler, yasal s\u00fct izni kullananlar, engelli olarak istihdam edilenler, y\u00f6netici pozisyonda istihdam edileler hari\u00e7 olmak 60 ya\u015f ve \u00fczerinde olanlar, dezavantaj grupta bulunanlar, ba\u011f\u0131\u015f\u0131kl\u0131k sorunu olanlar, kanser hastalar\u0131, kronik solunum yolu hastalar\u0131, obezite ve diyabet, kalp damar hastalar\u0131, organ nakli olanlar, kronik hastalar, 16 Mart 2020 tarihinden itibaren 12 g\u00fcn idari izinli say\u0131ld\u0131\u011f\u0131 vurguland\u0131.<\/span><\/div>\n<div><span style=\"font-size: 12px;\">\u00a0<\/span><\/div>\n<div><span style=\"font-size: 12px;\">\u201c\u00c7al\u0131\u015fan izinleri T\u00fcrkiye\u2019de farkl\u0131 uygulan\u0131yor\u201d<\/span><\/div>\n<div><span style=\"font-size: 12px;\">\u00a0<\/span><\/div>\n<div><span style=\"font-size: 12px;\">Mersin Tabipler Odas\u0131 yay\u0131nlanan genelge sonras\u0131nda Cumhurba\u015fkanl\u0131\u011f\u0131 \u0130dari \u0130\u015fler Ba\u015fkanl\u0131\u011f\u0131 Personel ve Prensipler Genel M\u00fcd\u00fcrl\u00fc\u011f\u00fc taraf\u0131ndan sa\u011fl\u0131k \u00e7al\u0131\u015fanlar\u0131 ile ilgili d\u00fczenlemenin Sa\u011fl\u0131k Bakanl\u0131\u011f\u0131 taraf\u0131ndan de\u011ferlendirilece\u011fini bildirmesinin ard\u0131ndan Bakanl\u0131k taraf\u0131ndan 13.03.2020 tarihli ikinci bir yaz\u0131 ile sa\u011fl\u0131k emek\u00e7ilerinin izinlerinin yasal mazeret izinleri hari\u00e7 ikinci bir emre kadar iptal edildi\u011fini belirtti.<\/span><\/div>\n<div><span style=\"font-size: 12px;\">Yaz\u0131da, kanser hastalar\u0131 ve organ nakli olanlar\u0131n durumlar\u0131n\u0131n kurum amirlerince de\u011ferlendirilerek izinli say\u0131l\u0131p say\u0131lmayacaklar\u0131na karar verilece\u011fini belirtildi\u011fini s\u00f6yledi.\u00a0<\/span><\/div>\n<div><span style=\"font-size: 12px;\">Mersin Tabip Odas\u0131, \u201cBu durumda Cumhurba\u015fkanl\u0131\u011f\u0131 yaz\u0131s\u0131nda belirtilen izinlerden sa\u011fl\u0131k emek\u00e7ilerinin yaralanamayaca\u011f\u0131 anla\u015f\u0131lmaktad\u0131r. Okul ve kre\u015f \u00e7a\u011f\u0131nda \u00e7ocu\u011fu olan sa\u011fl\u0131k emek\u00e7ileri y\u00f6netimlerden a\u00e7\u0131klama beklemektedir. T\u00fcm d\u00fcnya \u00fclkelerinde \u00e7al\u0131\u015fanlar\u0131n izinli say\u0131lmas\u0131 uygulamas\u0131 T\u00fcrkiye&#8217;de farkl\u0131 uygulanmaktad\u0131r.\u201d a\u00e7\u0131klamas\u0131nda bulundu.<\/span><\/div>\n<div><span style=\"font-size: 12px;\">\u00a0<\/span><\/div>\n<div><span style=\"font-size: 12px;\">\u201cSa\u011fl\u0131k emek\u00e7ileri \u00f6nlemlerle ilgili kayg\u0131l\u0131 ve endi\u015fe halindedir\u201d<\/span><\/div>\n<div><span style=\"font-size: 12px;\">\u00a0<\/span><\/div>\n<div><span style=\"font-size: 12px;\">Ola\u011fan\u00fcst\u00fc bir d\u00f6nemden ge\u00e7ildi\u011fini\u00a0 sa\u011fl\u0131k \u00e7al\u0131\u015fan\u0131 ve hastaneler i\u00e7in al\u0131nacak \u00f6nlemlerin d\u00fcnyadaki bilimsel uygulamalara uygun \u015fekilde, ihtiyac\u0131 do\u011fru \u015fekilde belirleyerek titizlikle ele al\u0131nmas\u0131 gerekmekte oldu\u011funu vurgulayan Mersin Tabip Odas\u0131, \u201cSa\u011fl\u0131k emek\u00e7ileri de hem kendi sa\u011fl\u0131klar\u0131yla ilgili hem de sa\u011fl\u0131k alan\u0131nda al\u0131nacak \u00f6nlemlerle ilgili kayg\u0131l\u0131 ve endi\u015fe halindedir. Sa\u011fl\u0131k Bakanl\u0131\u011f\u0131n\u0131n ald\u0131\u011f\u0131 son karar sa\u011fl\u0131k emek\u00e7ilerinin ya\u015fad\u0131\u011f\u0131 belirsizli\u011fi ve endi\u015feyi daha da art\u0131rm\u0131\u015ft\u0131r. Bu durumun derhal d\u00fczeltilmesi,\u00a0 sa\u011fl\u0131k emek\u00e7ilerinin vir\u00fcs kar\u015f\u0131nda en riskli guruplardan biri oldu\u011fu bilimsel ger\u00e7e\u011fine uygun olarak \u00f6nlemler al\u0131nmas\u0131 gerekmektedir.\u201d diye a\u00e7\u0131kland\u0131.<\/span><\/div>\n<div><span style=\"font-size: 12px;\">\u00a0<\/span><\/div>\n<div><span style=\"font-size: 12px;\">\u201c24 saat uygulamas\u0131ndan vazge\u00e7ilmelidir.\u201d<\/span><\/div>\n<div><span style=\"font-size: 12px;\">\u00a0<\/span><\/div>\n<div><span style=\"font-size: 12px;\">Sa\u011fl\u0131k alan\u0131nda \u00e7al\u0131\u015fan say\u0131s\u0131n\u0131n yetersiz oldu\u011funu belirten ve Covid-19 vir\u00fcs\u00fcyle ilgili kriz s\u00fcrecini\u00a0 mevcut sa\u011fl\u0131k emek\u00e7ilerini daha fazla s\u00fcrelerle ve daha fazla risk alt\u0131nda \u00e7al\u0131\u015ft\u0131rarak y\u00fcr\u00fctmeyi planland\u0131\u011f\u0131n\u0131n\u00a0 anla\u015f\u0131ld\u0131\u011f\u0131n\u0131 vurgulayan Mersin Tabip Odas\u0131, \u201cBu plandan derhal vazge\u00e7ilmelidir. Bu ne sa\u011fl\u0131k emek\u00e7ileri i\u00e7in, ne de sa\u011fl\u0131kl\u0131 ve etkili \u00f6nlemler al\u0131nabilmesi i\u00e7in bilimsel ve uygun de\u011fildir. Artan i\u015f y\u00fck\u00fcn\u00fc ve sa\u011fl\u0131k hizmetlerinde ya\u015fanan ola\u011fan\u00fcst\u00fc durumu dikkate alarak g\u00fcncel \u00e7al\u0131\u015fma planlanmas\u0131n\u0131n yap\u0131lmas\u0131, Sa\u011fl\u0131k emek\u00e7ilerinin say\u0131s\u0131n\u0131n art\u0131r\u0131lmas\u0131, fazla mesailerin kald\u0131r\u0131lmas\u0131, n\u00f6betlerin d\u00fczenlenmesi, \u00e7al\u0131\u015fma s\u00fcreleri maruziyetinin en aza indirecek seviyelere \u00e7ekilmesi, N\u00f6betlerde yedekli \u00e7al\u0131\u015fma olana\u011f\u0131 sa\u011flanmas\u0131, Mesai d\u00fczenlemeleri yeniden yap\u0131lmal\u0131, 24 saat uygulamas\u0131ndan vazge\u00e7ilmelidir.\u201d ifadeleriyle a\u00e7\u0131klad\u0131.<\/span><\/div>\n<div><span style=\"font-size: 12px;\">\u00a0<\/span><\/div>\n<div><span style=\"font-size: 12px;\">\u201cBaz\u0131 Hastanelerde ekipman yetersiz\u201d<\/span><\/div>\n<div><span style=\"font-size: 12px;\">\u00a0<\/span><\/div>\n<div><span style=\"font-size: 12px;\">Ayr\u0131ca a\u00e7\u0131klamada Mersin Tabip Odas\u0131, \u201cBaz\u0131 illerin hastanelerinin acil servisleri ve poliklinikleri \u015fu an sa\u011fl\u0131k \u00e7al\u0131\u015fanlar\u0131 a\u00e7\u0131s\u0131nda korunaks\u0131z bir durumda. Koruma \u00f6nlemlerinin \u00e7o\u011fu bulunmuyor. El dezenfektanlar\u0131, koruyucu giysileri ve maskeleri bulunmuyor. \u00c7al\u0131\u015fanlar \u015fu an bu ko\u015fullarda \u00e7al\u0131\u015f\u0131yor. Bu y\u00fczden hastanelerimizdeki kalabal\u0131\u011f\u0131 azaltmam\u0131z, maske, koruyucu k\u0131yafet ve dezenfektan malzemenin acilen t\u00fcm hastanelere ve \u00f6zellikle de acil servislere g\u00f6nderilmesi gerekiyor. Burada Sa\u011fl\u0131k Bakanl\u0131\u011f\u0131&#8217;na \u00f6nemli bir g\u00f6rev d\u00fc\u015fmektedir.\u201d diye belirtildi.<\/span><\/div>\n","protected":false},"excerpt":{"rendered":"<p>Mersin Tabip Odas\u0131 ve Sa\u011fl\u0131k ve Sosyal Hizmet Emek\u00e7ileri Sendikas\u0131 Mersin \u015eubesi D\u00fcnya\u2019y\u0131 ve T\u00fcrkiye\u2019yi etkisi alt\u0131na alan Corona vir\u00fcs\u00fcne (Covid-19) y\u00f6nelik a\u00e7\u0131klamalarda bulundu. Ger\u00e7ekle\u015ftirilen a\u00e7\u0131klamada sa\u011fl\u0131k \u00e7al\u0131\u015fanlar\u0131n\u0131n\u00a0 da\u00a0 Covid-19\u2019a &hellip; <a href=\"https:\/\/mersinekonomipolitikagazetesi.com\/?p=6199\" class=\"more-link\">Devam\u0131n\u0131 Oku&#8230;<\/a><\/p>\n","protected":false},"author":1,"featured_media":0,"comment_status":"open","ping_status":"open","sticky":false,"template":"","format":"standard","meta":[],"categories":[],"tags":[],"_links":{"self":[{"href":"https:\/\/mersinekonomipolitikagazetesi.com\/index.php?rest_route=\/wp\/v2\/posts\/6199"}],"collection":[{"href":"https:\/\/mersinekonomipolitikagazetesi.com\/index.php?rest_route=\/wp\/v2\/posts"}],"about":[{"href":"https:\/\/mersinekonomipolitikagazetesi.com\/index.php?rest_route=\/wp\/v2\/types\/post"}],"author":[{"embeddable":true,"href":"https:\/\/mersinekonomipolitikagazetesi.com\/index.php?rest_route=\/wp\/v2\/users\/1"}],"replies":[{"embeddable":true,"href":"https:\/\/mersinekonomipolitikagazetesi.com\/index.php?rest_route=%2Fwp%2Fv2%2Fcomments&post=6199"}],"version-history":[{"count":0,"href":"https:\/\/mersinekonomipolitikagazetesi.com\/index.php?rest_route=\/wp\/v2\/posts\/6199\/revisions"}],"wp:attachment":[{"href":"https:\/\/mersinekonomipolitikagazetesi.com\/index.php?rest_route=%2Fwp%2Fv2%2Fmedia&parent=6199"}],"wp:term":[{"taxonomy":"category","embeddable":true,"href":"https:\/\/mersinekonomipolitikagazetesi.com\/index.php?rest_route=%2Fwp%2Fv2%2Fcategories&post=6199"},{"taxonomy":"post_tag","embeddable":true,"href":"https:\/\/mersinekonomipolitikagazetesi.com\/index.php?rest_route=%2Fwp%2Fv2%2Ftags&post=6199"}],"curies":[{"name":"wp","href":"https:\/\/api.w.org\/{rel}","templated":true}]}}