{"id":6200,"date":"2020-11-04T18:26:38","date_gmt":"2020-11-04T15:26:38","guid":{"rendered":"http:\/\/mersinekonomipolitikagazetesi.com\/?p=6200"},"modified":"2020-11-04T18:26:38","modified_gmt":"2020-11-04T15:26:38","slug":"gecen-20-25-yilda-katlanmis-problemleri-birkac-ayda-cozmek-mumkun-degil-%ef%bb%bf-gultak-hicbirimizin-elinde-sihirli-bir-degnek-yok","status":"publish","type":"post","link":"https:\/\/mersinekonomipolitikagazetesi.com\/?p=6200","title":{"rendered":"\u201cGe\u00e7en 20-25 y\u0131lda katlanm\u0131\u015f problemleri birka\u00e7 ayda \u00e7\u00f6zmek m\u00fcmk\u00fcn de\u011fil\u201d  \ufeff G\u00dcLTAK : &#8220;H\u0130\u00c7B\u0130R\u0130M\u0130Z\u0130N EL\u0130NDE S\u0130H\u0130RL\u0130 B\u0130R DE\u011eNEK YOK&#8221;"},"content":{"rendered":"<div><span style=\"font-size: 12px;\">Akdeniz Belediyesi, vatanda\u015f\u0131n dile getirdi\u011fi sorunlara cevap vererek, \u201cG\u00f6reve gelir gelmez Akdeniz\u2019de; de\u011fi\u015fim, d\u00f6n\u00fc\u015f\u00fcm ve kalk\u0131nma hamlesi ba\u015flatt\u0131k. Maalesef hi\u00e7 birimizin elinde sihirli bir de\u011fnek yok\u201d ifadelerini kulland\u0131.\u00a0<\/span><\/div>\n<div>\u00a0<\/div>\n<div>\u00a0<\/div>\n<div><span style=\"font-size: 12px;\">Mersin Gazetesi olarak, \u201cMersinliler Ne Diyor?&#8221; ba\u015fl\u0131\u011f\u0131yla ger\u00e7ekle\u015ftirdi\u011fimiz sokak r\u00f6portajlar\u0131nda vatanda\u015flara Akdeniz Belediyesi hakk\u0131ndaki d\u00fc\u015f\u00fcncelerini sormu\u015ftuk. &#8220;Akdeniz&#8217;de Sorunlar Eskisi Gibi&#8221; ba\u015fl\u0131kl\u0131 habere ili\u015fkin Akdeniz Belediye Ba\u015fkan\u0131 Mustafa Muhammet G\u00fcltak, vatanda\u015flar\u0131n dile getirdi\u011fi \u015fikayetlere ili\u015fkin a\u00e7\u0131klama yapt\u0131.<\/span><\/div>\n<div><span style=\"font-size: 12px;\">Vatanda\u015flar\u0131n, Akdeniz\u2019de bir de\u011fi\u015fim olmad\u0131\u011f\u0131 ve sorunlar\u0131n devam etti\u011fi d\u00fc\u015f\u00fcncelerine cevap veren G\u00fcltak, \u201cMaalesef hi\u00e7birimizin elinde \u2018sihirli bir de\u011fnek\u2019 yok. Ge\u00e7en 20-25 y\u0131lda katlanarak biriken problemleri birka\u00e7 ay i\u00e7inde \u00e7\u00f6zmek elbette m\u00fcmk\u00fcn de\u011fildir. Ancak \u2018g\u00f6n\u00fcl belediyecili\u011fi\u2019 \u0131\u015f\u0131\u011f\u0131nda sundu\u011fumuz hizmetler sayesinde Akdeniz\u2019de bir de\u011fi\u015fim, yenilenme ve kalk\u0131nma hamlesi ba\u015flatt\u0131k.&#8221; ifadelerini kulland\u0131.\u00a0<\/span><\/div>\n<div>\u00a0<\/div>\n<div>\u00a0<\/div>\n<div><span style=\"font-size: 12px;\">&#8220;Cazibe merkezi haline getirmek i\u00e7in m\u00fccadele veriyoruz&#8221;\u00a0<\/span><\/div>\n<div>\u00a0<\/div>\n<div><span style=\"font-size: 12px;\">Akdeniz\u2019in ge\u00e7mi\u015f y\u00f6netim d\u00f6nemlerine bak\u0131ld\u0131\u011f\u0131nda, il\u00e7enin ve il\u00e7e sakini vatanda\u015flar\u0131n, son 20-25 y\u0131l i\u00e7erisinde bir\u00e7ok hizmetten, proje ve yat\u0131r\u0131mdan mahrum kald\u0131\u011f\u0131n\u0131n a\u015fik\u00e2r oldu\u011funu dile getiren Ba\u015fkan G\u00fcltak, \u201c\u0130\u015fte biz bu durumu de\u011fi\u015ftirmek iddias\u0131yla yola \u00e7\u0131kt\u0131k ve se\u00e7imden galip ayr\u0131larak, halk\u0131m\u0131z\u0131n takdir ve tevecc\u00fch\u00fcyle g\u00f6reve geldik. Ge\u00e7en s\u00fcreci ele ald\u0131\u011f\u0131m\u0131zda, hayata katt\u0131\u011f\u0131m\u0131z baz\u0131 hizmet ve yat\u0131r\u0131mlar\u0131, sosyal a\u011f\u0131rl\u0131kl\u0131 proje ve \u00e7al\u0131\u015fmalar\u0131 detaylar\u0131yla s\u0131ralamak m\u00fcmk\u00fcn. Mersin Millet Bah\u00e7esi; Kentsel D\u00f6n\u00fc\u015f\u00fcm Projeleri; \u015eevket S\u00fcmer Mahallesi 142. Cadde Pazar Soka\u011f\u0131 D\u00fczenleme; A\u00e7\u0131k Hava Sinemas\u0131, Portatif Y\u00fczme Havuzlar\u0131, Ho\u015f Geldin Bebek ve Ba\u015fkan Okul\u2019da gibi daha bir\u00e7ok sosyal i\u00e7erikli projemizi s\u0131ralayabiliriz. \u00d6zetle; yak\u0131n ge\u00e7mi\u015fte; yasad\u0131\u015f\u0131 eylemler, polis TOMA\u2019lar\u0131, biber gazlar\u0131 ve ta\u015flarla g\u00fcndeme gelen Akdeniz\u2019i; g\u00f6n\u00fcl belediyecili\u011fi \u0131\u015f\u0131\u011f\u0131 alt\u0131nda; k\u00fclt\u00fcrel ve sanatsal etkinlikler ile festivallerle an\u0131lan; daha ya\u015fan\u0131l\u0131r, huzurlu ve ye\u015fil bir kente d\u00f6n\u00fc\u015ft\u00fcrmek; insanlar\u0131m\u0131z\u0131n g\u00f6\u00e7 edip terk etti\u011fi de\u011fil, tercih etti\u011fi bir cazibe merkezi haline getirmek i\u00e7in m\u00fccadele veriyoruz.&#8221; \u015feklinde konu\u015ftu.<\/span><\/div>\n","protected":false},"excerpt":{"rendered":"<p>Akdeniz Belediyesi, vatanda\u015f\u0131n dile getirdi\u011fi sorunlara cevap vererek, \u201cG\u00f6reve gelir gelmez Akdeniz\u2019de; de\u011fi\u015fim, d\u00f6n\u00fc\u015f\u00fcm ve kalk\u0131nma hamlesi ba\u015flatt\u0131k. Maalesef hi\u00e7 birimizin elinde sihirli bir de\u011fnek yok\u201d ifadelerini kulland\u0131.\u00a0 \u00a0 \u00a0 &hellip; <a href=\"https:\/\/mersinekonomipolitikagazetesi.com\/?p=6200\" class=\"more-link\">Devam\u0131n\u0131 Oku&#8230;<\/a><\/p>\n","protected":false},"author":1,"featured_media":0,"comment_status":"open","ping_status":"open","sticky":false,"template":"","format":"standard","meta":[],"categories":[],"tags":[],"_links":{"self":[{"href":"https:\/\/mersinekonomipolitikagazetesi.com\/index.php?rest_route=\/wp\/v2\/posts\/6200"}],"collection":[{"href":"https:\/\/mersinekonomipolitikagazetesi.com\/index.php?rest_route=\/wp\/v2\/posts"}],"about":[{"href":"https:\/\/mersinekonomipolitikagazetesi.com\/index.php?rest_route=\/wp\/v2\/types\/post"}],"author":[{"embeddable":true,"href":"https:\/\/mersinekonomipolitikagazetesi.com\/index.php?rest_route=\/wp\/v2\/users\/1"}],"replies":[{"embeddable":true,"href":"https:\/\/mersinekonomipolitikagazetesi.com\/index.php?rest_route=%2Fwp%2Fv2%2Fcomments&post=6200"}],"version-history":[{"count":0,"href":"https:\/\/mersinekonomipolitikagazetesi.com\/index.php?rest_route=\/wp\/v2\/posts\/6200\/revisions"}],"wp:attachment":[{"href":"https:\/\/mersinekonomipolitikagazetesi.com\/index.php?rest_route=%2Fwp%2Fv2%2Fmedia&parent=6200"}],"wp:term":[{"taxonomy":"category","embeddable":true,"href":"https:\/\/mersinekonomipolitikagazetesi.com\/index.php?rest_route=%2Fwp%2Fv2%2Fcategories&post=6200"},{"taxonomy":"post_tag","embeddable":true,"href":"https:\/\/mersinekonomipolitikagazetesi.com\/index.php?rest_route=%2Fwp%2Fv2%2Ftags&post=6200"}],"curies":[{"name":"wp","href":"https:\/\/api.w.org\/{rel}","templated":true}]}}