{"id":6201,"date":"2020-11-04T18:26:38","date_gmt":"2020-11-04T15:26:38","guid":{"rendered":"http:\/\/mersinekonomipolitikagazetesi.com\/?p=6201"},"modified":"2020-11-04T18:26:38","modified_gmt":"2020-11-04T15:26:38","slug":"cukurova-havalimani-ustyapi-ihalesi-yapildi","status":"publish","type":"post","link":"https:\/\/mersinekonomipolitikagazetesi.com\/?p=6201","title":{"rendered":"\u00c7ukurova Havaliman\u0131 \u00dcstyap\u0131 \u0130halesi Yap\u0131ld\u0131"},"content":{"rendered":"<p>\u00c7ukurova Havaliman\u0131\u2019n\u0131n \u00fcstyap\u0131 tesis ihalesi 100 milyon Euro kira bedeli kar\u015f\u0131l\u0131\u011f\u0131nda sonu\u00e7land\u0131.<\/p>\n<div>\u00a0<\/div>\n<div><span style=\"font-size: 12px;\">Mersin\u2019in aylard\u0131r bekledi\u011fi \u00c7ukurova Havaliman\u0131 \u00fcstyap\u0131 tesislerinin ihalesi ger\u00e7ekle\u015ftirildi. 6 Mart\u2019ta yap\u0131lmas\u0131 beklenen ihale i\u00e7in G\u00fcnbeton \u0130n\u015faat ve Tic. A.\u015e. &#8211; Terminal Yap\u0131 Ticaret A.\u015e. Ortak Giri\u015fimi ile yap\u0131lan pazarl\u0131k neticesinde 100 milyon Euro kira bedeli kar\u015f\u0131l\u0131\u011f\u0131nda ihale sonu\u00e7land\u0131r\u0131ld\u0131.<\/span><\/div>\n<div><span style=\"font-size: 12px;\">\u00a0<\/span><\/div>\n<div><span style=\"font-size: 12px;\">\u0130haleye 2 firma kat\u0131l\u0131m sa\u011flad\u0131<\/span><\/div>\n<div><span style=\"font-size: 12px;\">\u00a0<\/span><\/div>\n<div><span style=\"font-size: 12px;\">\u00c7ukurova Havaliman\u0131 i\u00e7in ger\u00e7ekle\u015ftirilen ihaleye 2 firma kat\u0131l\u0131m sa\u011flad\u0131. Yap-\u0130\u015flet-Devret modeli ile yap\u0131lmas\u0131 kararla\u015ft\u0131r\u0131lan ihaleye Limak \u0130n\u015faat Sanayi ve Ticaret A.\u015e.\/ Kalyon Hav. ve \u0130n\u015faat A.\u015e.\/ Cengiz \u0130n\u015faat Ortak Giri\u015fimi ile G\u00fcnbeton \u0130n\u015faat ve Tic. A.\u015e.\/Terminal Yap\u0131 Ticaret A.\u015e. Ortak Giri\u015fimi teklif verdi.<\/span><\/div>\n<div>\u00a0<\/div>\n<div><span style=\"font-size: 12px;\">\u015eartl\u0131 teklif nedeniyle ihale d\u0131\u015f\u0131 b\u0131rak\u0131ld\u0131<\/span><\/div>\n<div>\u00a0<\/div>\n<div><span style=\"font-size: 12px;\">Limak \u0130n\u015faat Sanayi ve Ticaret A.\u015e.\/ Kalyon Hav. ve \u0130n\u015faat A.\u015e.\/ Cengiz \u0130n\u015faat San.ve Tic. A.\u015e. Ortak Giri\u015fimi \u015fartl\u0131 teklif vermesi nedeniyle ihale d\u0131\u015f\u0131 b\u0131rak\u0131ld\u0131.<\/span><\/div>\n","protected":false},"excerpt":{"rendered":"<p>\u00c7ukurova Havaliman\u0131\u2019n\u0131n \u00fcstyap\u0131 tesis ihalesi 100 milyon Euro kira bedeli kar\u015f\u0131l\u0131\u011f\u0131nda sonu\u00e7land\u0131. \u00a0 Mersin\u2019in aylard\u0131r bekledi\u011fi \u00c7ukurova Havaliman\u0131 \u00fcstyap\u0131 tesislerinin ihalesi ger\u00e7ekle\u015ftirildi. 6 Mart\u2019ta yap\u0131lmas\u0131 beklenen ihale i\u00e7in G\u00fcnbeton \u0130n\u015faat &hellip; <a href=\"https:\/\/mersinekonomipolitikagazetesi.com\/?p=6201\" class=\"more-link\">Devam\u0131n\u0131 Oku&#8230;<\/a><\/p>\n","protected":false},"author":1,"featured_media":0,"comment_status":"open","ping_status":"open","sticky":false,"template":"","format":"standard","meta":[],"categories":[],"tags":[],"_links":{"self":[{"href":"https:\/\/mersinekonomipolitikagazetesi.com\/index.php?rest_route=\/wp\/v2\/posts\/6201"}],"collection":[{"href":"https:\/\/mersinekonomipolitikagazetesi.com\/index.php?rest_route=\/wp\/v2\/posts"}],"about":[{"href":"https:\/\/mersinekonomipolitikagazetesi.com\/index.php?rest_route=\/wp\/v2\/types\/post"}],"author":[{"embeddable":true,"href":"https:\/\/mersinekonomipolitikagazetesi.com\/index.php?rest_route=\/wp\/v2\/users\/1"}],"replies":[{"embeddable":true,"href":"https:\/\/mersinekonomipolitikagazetesi.com\/index.php?rest_route=%2Fwp%2Fv2%2Fcomments&post=6201"}],"version-history":[{"count":0,"href":"https:\/\/mersinekonomipolitikagazetesi.com\/index.php?rest_route=\/wp\/v2\/posts\/6201\/revisions"}],"wp:attachment":[{"href":"https:\/\/mersinekonomipolitikagazetesi.com\/index.php?rest_route=%2Fwp%2Fv2%2Fmedia&parent=6201"}],"wp:term":[{"taxonomy":"category","embeddable":true,"href":"https:\/\/mersinekonomipolitikagazetesi.com\/index.php?rest_route=%2Fwp%2Fv2%2Fcategories&post=6201"},{"taxonomy":"post_tag","embeddable":true,"href":"https:\/\/mersinekonomipolitikagazetesi.com\/index.php?rest_route=%2Fwp%2Fv2%2Ftags&post=6201"}],"curies":[{"name":"wp","href":"https:\/\/api.w.org\/{rel}","templated":true}]}}