{"id":6203,"date":"2020-11-04T18:26:38","date_gmt":"2020-11-04T15:26:38","guid":{"rendered":"http:\/\/mersinekonomipolitikagazetesi.com\/?p=6203"},"modified":"2020-11-04T18:26:38","modified_gmt":"2020-11-04T15:26:38","slug":"mezitlide-korona-virus-toplantisi","status":"publish","type":"post","link":"https:\/\/mersinekonomipolitikagazetesi.com\/?p=6203","title":{"rendered":"Mezitli&#8217;de korona vir\u00fcs toplant\u0131s\u0131"},"content":{"rendered":"<div><span style=\"font-size: 12px;\">Mersin&#8217;in merkez il\u00e7e Mezitli Belediye Ba\u015fkan\u0131 Ne\u015fet Tarhan, ba\u015fkan yard\u0131mc\u0131lar\u0131 ve birim m\u00fcd\u00fcrleri ile bir toplant\u0131 yaparak, d\u00fcnyay\u0131 etkisi alt\u0131na alan korona vir\u00fcs ile ilgili al\u0131nan tedbirler hakk\u0131nda bilgi al\u0131\u015fveri\u015finde bulundu.\u00a0<\/span><\/div>\n<div><span style=\"font-size: 12px;\">\u00a0 Mezitli Belediyesi Meclis Salonunda ger\u00e7ekle\u015fen toplant\u0131ya kat\u0131lanlar\u0131n \u20181 metre mesafe\u2019 kural\u0131n\u0131 korumalar\u0131 dikkat \u00e7ekti. Cumhurba\u015fkanl\u0131\u011f\u0131 ve ilgili bakanl\u0131klar\u0131n ald\u0131\u011f\u0131 kararlar\u0131n uygulanmas\u0131 ile ilgili fikir al\u0131\u015fveri\u015fi yap\u0131l\u0131rken, tedbirlerin art\u0131r\u0131lmas\u0131na y\u00f6nelik \u00f6neriler de masaya yat\u0131r\u0131ld\u0131. Kapat\u0131lan birimlerde g\u00f6rev yapan personelin zorunlu izin kullanan personelin yerinde takviye yap\u0131lmas\u0131na y\u00f6nelik \u00e7al\u0131\u015fma yap\u0131lmas\u0131 karar\u0131 al\u0131n\u0131rken, temizlik tedbirlerinin art\u0131r\u0131lmas\u0131 karar\u0131 verildi. Vatanda\u015flar\u0131n belediye ile ilgili i\u015flemlerini internet \u00fczerinden yapmas\u0131 konusunda bilgilendirme yap\u0131lmas\u0131, temas gerektirmesi nedeniyle asans\u00f6rlerin kullan\u0131m\u0131n\u0131n minimuma indirilerek, merdiven kullan\u0131m\u0131n\u0131n \u00f6zendirilmesi, giri\u015fte uygulanan kartl\u0131 sistemin ge\u00e7ici bir s\u00fcre kald\u0131r\u0131lmas\u0131, her kata dezenfekten kutular\u0131n\u0131n yerle\u015ftirilmesi, kap\u0131 kollar\u0131, klimalar ve lavabolar\u0131n temizli\u011finin art\u0131r\u0131lmas\u0131, kad\u0131n \u00fcretici pazarlar\u0131 ve bal\u0131k pazar\u0131n\u0131n a\u00e7\u0131k tutulmas\u0131, ancak tedbirlerin art\u0131r\u0131lmas\u0131, hal\u0131 sahalar\u0131n, sanat \u00e7ar\u015f\u0131s\u0131n\u0131n kapat\u0131lmas\u0131, bireysel oyun oynanan tenis kortlar\u0131n\u0131n a\u00e7\u0131k tutulmas\u0131 ancak soyunma odalar\u0131n\u0131n kapat\u0131lmas\u0131, zab\u0131ta m\u00fcd\u00fcrl\u00fc\u011f\u00fcn\u00fcn f\u0131r\u0131n, pazar yeri gibi g\u0131daya y\u00f6nelik hizmet \u00fcreten alanlarda denetimlerinin art\u0131r\u0131lmas\u0131 gibi ek yeni kararlar al\u0131nd\u0131.\u00a0<\/span><\/div>\n<div><span style=\"font-size: 12px;\">\u00a0 Belediyelerin vir\u00fcs riskinin en fazla bulunan yerlerden birisi oldu\u011funa dikkat \u00e7eken Ba\u015fkan Ne\u015fet Tarhan, \u201cVir\u00fcs olmasa bile her an vir\u00fcsle u\u011fra\u015f\u0131yormu\u015f gibi bug\u00fcn konu\u015ftu\u011fumuz tedbirleri uygulamak durumunday\u0131z. \u0130\u00e7erisinde yer almaya \u00e7aba sarf etti\u011fimiz Sa\u011fl\u0131kl\u0131 Kentler Birli\u011finin gere\u011fi olarak bunlar\u0131 yapmak durumunday\u0131z. \u00d6n\u00fcm\u00fczdeki s\u00fcre\u00e7te vir\u00fcs\u00fcn bula\u015faca\u011f\u0131 insan say\u0131s\u0131n\u0131n daha da \u00e7ok artaca\u011f\u0131 a\u015fikar. Buna kar\u015f\u0131 tedbirlerimizi art\u0131rarak \u015fimdiden haz\u0131rl\u0131k yapmal\u0131y\u0131z\u201d dedi.\u00a0\u00a0<\/span><\/div>\n<div><span style=\"font-size: 12px;\">\u00a0 Vir\u00fcs\u00fcn yay\u0131lmas\u0131 ve al\u0131nacak tedbirlerle ilgili sosyal medyan\u0131n yan\u0131 s\u0131ra, billboard, afi\u015f, bro\u015f\u00fcr gibi materyallerle vatanda\u015flara bilgilendirme yapacaklar\u0131n\u0131 da vurgulayan Tarhan, &#8220;Maalesef \u00c7in\u2019de ba\u015flayan ve t\u00fcm d\u00fcnyay\u0131 etkisi alt\u0131na alan binlerce ki\u015finin ya\u015fam\u0131n\u0131 yitirdi\u011fi korona vir\u00fcs belas\u0131yla kar\u015f\u0131 kar\u015f\u0131yay\u0131z. \u00dclkemize ge\u00e7 gelmesine kar\u015f\u0131 bula\u015fan insan say\u0131s\u0131 katlanarak artmakta. Biz Mezitli Belediyesi olarak t\u00fcm tedbirlerimizi alm\u0131\u015f bulunuyoruz. Ba\u015fta \u00e7ocuk parklar\u0131m\u0131z olmak \u00fczere belediyemizin ula\u015fabildi\u011fi her noktada temizleme ve dezenfektan \u00e7al\u0131\u015fmas\u0131 yap\u0131yoruz. Vatanda\u015flar\u0131m\u0131z\u0131n toplu olarak bulundu\u011fu ve temas olmas\u0131 muhtemel t\u00fcm birimlerimizi kapatarak yay\u0131lman\u0131n \u00f6n\u00fcne ge\u00e7emeye \u00e7al\u0131\u015f\u0131yoruz. \u00c7al\u0131\u015fanlar\u0131m\u0131z\u0131 al\u0131nacak tedbirler konusunda e\u011fitiyoruz. Haz\u0131rlad\u0131\u011f\u0131m\u0131z bilgilendirici bro\u015f\u00fcrlerimizi ba\u015fta pazar yerlerimiz olmak \u00fczere insanlar\u0131n yo\u011fun oldu\u011fu noktalarda da\u011f\u0131tarak halk\u0131m\u0131z\u0131 duyarl\u0131 olmaya davet ediyoruz. Tedbirlerimizin artarak devam etmesine kar\u015f\u0131n, maalesef vir\u00fcste yay\u0131lmas\u0131n\u0131 s\u00fcrd\u00fcrmektedir. Biz ne kadar tedbir al\u0131rsak alal\u0131m vir\u00fcse kar\u015f\u0131 sava\u015fta as\u0131l ba\u015far\u0131y\u0131 siz de\u011ferli halk\u0131m\u0131z\u0131n bilin\u00e7lenmesiyle kazanabiliriz&#8221; diye konu\u015ftu.\u00a0\u00a0<\/span><\/div>\n<div><span style=\"font-size: 12px;\">\u00a0<\/span><\/div>\n<div><span style=\"font-size: 12px;\">\u00a0 Vir\u00fcse kar\u015f\u0131 14 kural\u00a0<\/span><\/div>\n<div><span style=\"font-size: 12px;\">\u00a0 Ki\u015fisel ve \u00e7evre temizli\u011fine dikkat edilir, belirlenen 14 kurala uyuldu\u011fu takdirde vir\u00fcs\u00fcn \u00fcstesinden gelinebilece\u011fini vurgulayan Tarhan, &#8220;Ellerinizi s\u0131k s\u0131k su ve sabun ile en az 20 saniye boyunca ovalayarak y\u0131kay\u0131n. So\u011fuk alg\u0131nl\u0131\u011f\u0131 belirtileri g\u00f6steren ki\u015filerle aran\u0131za en az 3-4 ad\u0131m mesafe koyun. \u00d6ks\u00fcrme veya hap\u015f\u0131rma s\u0131ras\u0131nda a\u011f\u0131z ve burunu tek kullan\u0131ml\u0131k mendille kapat\u0131n. Mendil yoksa dirse\u011fin i\u00e7 k\u0131sm\u0131n\u0131 kullan\u0131n. Tokala\u015fma, sar\u0131lma gibi yak\u0131n temaslardan ka\u00e7\u0131n\u0131n. Ellerinizle g\u00f6zlerinize, a\u011fz\u0131n\u0131za ve burnunuza dokunmay\u0131n. Yurt d\u0131\u015f\u0131 seyahatlerinizi iptal edin ya da erteleyin. Yurt d\u0131\u015f\u0131ndan d\u00f6n\u00fc\u015fte ilk 14 g\u00fcn\u00fc evinizde ge\u00e7irin. Bulundu\u011funuz ortamlar\u0131 s\u0131k s\u0131k havaland\u0131r\u0131n. K\u0131yafetlerinizi 60-90 derecede normal deterjanla y\u0131kay\u0131n. Kap\u0131 kollar\u0131, armat\u00fcrler, lavabolar gibi s\u0131k kulland\u0131\u011f\u0131n\u0131z y\u00fczeyleri su ve deterjanla her g\u00fcn temizleyin. So\u011fuk alg\u0131nl\u0131\u011f\u0131 belirtileriniz varsa ya\u015fl\u0131lar ve kronik hastal\u0131\u011f\u0131 olanlarla temas etmeyin, maske takmadan d\u0131\u015far\u0131 \u00e7\u0131kmay\u0131n. Havlu gibi ki\u015fisel e\u015fyalar\u0131n\u0131z\u0131 ortak kullanmay\u0131n. Bol s\u0131v\u0131 t\u00fcketin, dengeli beslenin, uyku d\u00fczeninize dikkat edin. D\u00fc\u015fmeyen ate\u015f, \u00f6ks\u00fcr\u00fck, ve nefes darl\u0131\u011f\u0131n\u0131z varsa, maske takarak bir sa\u011fl\u0131k kurulu\u015funa ba\u015fvurun. De\u011ferli Mezitlililer, alaca\u011f\u0131m\u0131z tedbirlerle en k\u0131sa s\u00fcrede vir\u00fcs\u00fcn yay\u0131lmas\u0131n\u0131n \u00f6n\u00fcne ge\u00e7ece\u011fimizi \u00fcmit ediyor, hepinize sa\u011fl\u0131kl\u0131 ve umut dolu g\u00fcnler dilerim&#8221; ifadelerini kulland\u0131.\u00a0<\/span><\/div>\n","protected":false},"excerpt":{"rendered":"<p>Mersin&#8217;in merkez il\u00e7e Mezitli Belediye Ba\u015fkan\u0131 Ne\u015fet Tarhan, ba\u015fkan yard\u0131mc\u0131lar\u0131 ve birim m\u00fcd\u00fcrleri ile bir toplant\u0131 yaparak, d\u00fcnyay\u0131 etkisi alt\u0131na alan korona vir\u00fcs ile ilgili al\u0131nan tedbirler hakk\u0131nda bilgi al\u0131\u015fveri\u015finde &hellip; <a href=\"https:\/\/mersinekonomipolitikagazetesi.com\/?p=6203\" class=\"more-link\">Devam\u0131n\u0131 Oku&#8230;<\/a><\/p>\n","protected":false},"author":1,"featured_media":0,"comment_status":"open","ping_status":"open","sticky":false,"template":"","format":"standard","meta":[],"categories":[],"tags":[],"_links":{"self":[{"href":"https:\/\/mersinekonomipolitikagazetesi.com\/index.php?rest_route=\/wp\/v2\/posts\/6203"}],"collection":[{"href":"https:\/\/mersinekonomipolitikagazetesi.com\/index.php?rest_route=\/wp\/v2\/posts"}],"about":[{"href":"https:\/\/mersinekonomipolitikagazetesi.com\/index.php?rest_route=\/wp\/v2\/types\/post"}],"author":[{"embeddable":true,"href":"https:\/\/mersinekonomipolitikagazetesi.com\/index.php?rest_route=\/wp\/v2\/users\/1"}],"replies":[{"embeddable":true,"href":"https:\/\/mersinekonomipolitikagazetesi.com\/index.php?rest_route=%2Fwp%2Fv2%2Fcomments&post=6203"}],"version-history":[{"count":0,"href":"https:\/\/mersinekonomipolitikagazetesi.com\/index.php?rest_route=\/wp\/v2\/posts\/6203\/revisions"}],"wp:attachment":[{"href":"https:\/\/mersinekonomipolitikagazetesi.com\/index.php?rest_route=%2Fwp%2Fv2%2Fmedia&parent=6203"}],"wp:term":[{"taxonomy":"category","embeddable":true,"href":"https:\/\/mersinekonomipolitikagazetesi.com\/index.php?rest_route=%2Fwp%2Fv2%2Fcategories&post=6203"},{"taxonomy":"post_tag","embeddable":true,"href":"https:\/\/mersinekonomipolitikagazetesi.com\/index.php?rest_route=%2Fwp%2Fv2%2Ftags&post=6203"}],"curies":[{"name":"wp","href":"https:\/\/api.w.org\/{rel}","templated":true}]}}