{"id":6207,"date":"2020-11-04T18:26:39","date_gmt":"2020-11-04T15:26:39","guid":{"rendered":"http:\/\/mersinekonomipolitikagazetesi.com\/?p=6207"},"modified":"2020-11-04T18:26:39","modified_gmt":"2020-11-04T15:26:39","slug":"18-mart-sehitler-gunu","status":"publish","type":"post","link":"https:\/\/mersinekonomipolitikagazetesi.com\/?p=6207","title":{"rendered":"18 Mart \u015eehitler G\u00fcn\u00fc"},"content":{"rendered":"<div><span style=\"font-size: 12px;\">Mersin\u2019in Bozyaz\u0131 il\u00e7esinde, 18 Mart \u015eehitleri Anma G\u00fcn\u00fc ve \u00c7anakkale Deniz Zaferi&#8217;nin 105&#8217;inci y\u0131l d\u00f6n\u00fcm\u00fc dolay\u0131s\u0131yla t\u00f6ren d\u00fczenlendi.\u00a0 \u00a0<\/span><\/div>\n<div><span style=\"font-size: 12px;\">\u00a0 15 Temmuz Demokrasi ve Cumhuriyet Meydan\u0131\u2019ndaki t\u00f6rene, Kaymakam Arif Yal\u00e7\u0131n, Belediye Ba\u015fkan\u0131 Mustafa \u00c7etinkaya, \u0130l\u00e7e Jandarma Komutan\u0131 \u00d6zer Din\u00e7er, \u0130l\u00e7e Emniyet M\u00fcd\u00fcr\u00fc Mehmet G\u00fcng\u00f6r, Sahil G\u00fcvenlik Bot Komutan\u0131 \u00c7a\u011flar Han\u0131meli, kurum amirleri, siyasi parti ve sivil toplum kurulu\u015flar\u0131 temsilcileri ile vatanda\u015flar kat\u0131ld\u0131.\u00a0<\/span><\/div>\n<div><span style=\"font-size: 12px;\">\u00a0 Atat\u00fcrk An\u0131t\u0131na Kaymakam Yal\u00e7\u0131n ve Belediye Ba\u015fkan\u0131 \u00c7etinkaya\u2019n\u0131n \u00e7elenk sunmas\u0131, sayg\u0131 duru\u015fu ve \u0130stiklal Mar\u015f\u0131\u2019n\u0131n okunmas\u0131n\u0131n ard\u0131ndan t\u00f6ren sona erdi.\u00a0<\/span><\/div>\n<div><span style=\"font-size: 12px;\">\u00a0 T\u00f6ren \u00f6ncesi, koronavir\u00fcs tedbirleri kapsam\u0131nda \u0130l\u00e7e Milli E\u011fitim \u015eube M\u00fcd\u00fcr\u00fc \u00d6mer Alt\u0131ny\u00fcz\u00fck\u2019\u00fcn, ba\u015fta Kaymakam Yal\u00e7\u0131n ve Ba\u015fkan \u00c7etinkaya olmak \u00fczere t\u00f6rene kat\u0131lanlar\u0131n eline dezenfekte ama\u00e7l\u0131 kolonya d\u00f6kmesi dikkatlerden ka\u00e7mad\u0131. Di\u011fer yandan t\u00f6rene tedbir ama\u00e7l\u0131 risk grubunda olan gazi ve \u015fehit yak\u0131nlar\u0131n\u0131n \u00f6zellikle davet edilmedi\u011fi bildirildi.\u00a0<\/span><\/div>\n<div><span style=\"font-size: 12px;\">\u00a0 \u00d6te yandan Bozyaz\u0131 Kaymakam\u0131 Arif Yal\u00e7\u0131n, \u00c7anakkale Deniz Zaferi&#8217;nin 105. y\u0131ld\u00f6n\u00fcm\u00fc dolay\u0131s\u0131yla yapt\u0131\u011f\u0131 a\u00e7\u0131klamada, &#8220;T\u00fcrk milleti olarak t\u00fcm d\u00fcnyaya meydan okuyarak var olma m\u00fccadelesi verdi\u011fimiz ve tarihte e\u015fine rastlanmayan bir kahramanl\u0131k destan\u0131na d\u00f6n\u00fc\u015ft\u00fcrd\u00fc\u011f\u00fcm\u00fcz \u00c7anakkale Zaferi\u2019nin 105. y\u0131ld\u00f6n\u00fcm\u00fcn\u00fc gururla kutluyoruz. \u00c7anakkale Zaferi, milletimizin tarih boyunca kazand\u0131\u011f\u0131 en \u00f6nemli zaferlerden biridir. Fedakarl\u0131\u011f\u0131n doruk noktas\u0131na ula\u015ft\u0131\u011f\u0131 bir var olma m\u00fccadelesi olan \u00c7anakkale Zaferi, tarihten silinmek istenilen bir milletin, b\u00fct\u00fcn yokluk ve imkans\u0131zl\u0131klara ra\u011fmen, vatan\u0131n\u0131 can\u0131 pahas\u0131na nas\u0131l savundu\u011funu b\u00fct\u00fcn d\u00fcnyaya g\u00f6stermesi bak\u0131m\u0131ndan tarihi bir \u00f6neme sahiptir&#8221; dedi.\u00a0<\/span><\/div>\n","protected":false},"excerpt":{"rendered":"<p>Mersin\u2019in Bozyaz\u0131 il\u00e7esinde, 18 Mart \u015eehitleri Anma G\u00fcn\u00fc ve \u00c7anakkale Deniz Zaferi&#8217;nin 105&#8217;inci y\u0131l d\u00f6n\u00fcm\u00fc dolay\u0131s\u0131yla t\u00f6ren d\u00fczenlendi.\u00a0 \u00a0 \u00a0 15 Temmuz Demokrasi ve Cumhuriyet Meydan\u0131\u2019ndaki t\u00f6rene, Kaymakam Arif Yal\u00e7\u0131n, &hellip; <a href=\"https:\/\/mersinekonomipolitikagazetesi.com\/?p=6207\" class=\"more-link\">Devam\u0131n\u0131 Oku&#8230;<\/a><\/p>\n","protected":false},"author":1,"featured_media":0,"comment_status":"open","ping_status":"open","sticky":false,"template":"","format":"standard","meta":[],"categories":[],"tags":[],"_links":{"self":[{"href":"https:\/\/mersinekonomipolitikagazetesi.com\/index.php?rest_route=\/wp\/v2\/posts\/6207"}],"collection":[{"href":"https:\/\/mersinekonomipolitikagazetesi.com\/index.php?rest_route=\/wp\/v2\/posts"}],"about":[{"href":"https:\/\/mersinekonomipolitikagazetesi.com\/index.php?rest_route=\/wp\/v2\/types\/post"}],"author":[{"embeddable":true,"href":"https:\/\/mersinekonomipolitikagazetesi.com\/index.php?rest_route=\/wp\/v2\/users\/1"}],"replies":[{"embeddable":true,"href":"https:\/\/mersinekonomipolitikagazetesi.com\/index.php?rest_route=%2Fwp%2Fv2%2Fcomments&post=6207"}],"version-history":[{"count":0,"href":"https:\/\/mersinekonomipolitikagazetesi.com\/index.php?rest_route=\/wp\/v2\/posts\/6207\/revisions"}],"wp:attachment":[{"href":"https:\/\/mersinekonomipolitikagazetesi.com\/index.php?rest_route=%2Fwp%2Fv2%2Fmedia&parent=6207"}],"wp:term":[{"taxonomy":"category","embeddable":true,"href":"https:\/\/mersinekonomipolitikagazetesi.com\/index.php?rest_route=%2Fwp%2Fv2%2Fcategories&post=6207"},{"taxonomy":"post_tag","embeddable":true,"href":"https:\/\/mersinekonomipolitikagazetesi.com\/index.php?rest_route=%2Fwp%2Fv2%2Ftags&post=6207"}],"curies":[{"name":"wp","href":"https:\/\/api.w.org\/{rel}","templated":true}]}}